{"id":130979,"date":"2024-10-09T17:27:33","date_gmt":"2024-10-09T22:27:33","guid":{"rendered":"https:\/\/lospoliticosveracruz.com.mx\/?p=130979"},"modified":"2024-10-09T17:27:40","modified_gmt":"2024-10-09T22:27:40","slug":"kristel-pinta-su-raya","status":"publish","type":"post","link":"https:\/\/lospoliticosveracruz.com.mx\/?p=130979","title":{"rendered":"KRISTEL PINTA SU RAYA!"},"content":{"rendered":"\n<p><\/p>\n\n\n\n<p>H. Ayuntamiento Constitucional de Santiago Tuxtla 2022 2025<\/p>\n\n\n\n<p>Al pueblo de Santiago Tuxtla, amigas y amigos, medios de comunicaci\u00f3n.<\/p>\n\n\n\n<p>Buenas tardes.<\/p>\n\n\n\n<p>Hace unos d\u00edas, se ha difundido informaci\u00f3n de hechos ocurridos el fin de semana donde me han mencionado de forma difamatoria.<\/p>\n\n\n\n<p>Con lo anterior, quiero puntualizar que no tengo relaci\u00f3n alguna con los hechos ocurridos, ni mucho menos con la militante de MORENA, con quien a pesar de que compartimos apellidos, no compartimos ni proyectos, ni valores, y que cada quien es responsable de sus actos.<\/p>\n\n\n\n<p>Si bien es cierto que somos parientes, tomamos caminos distintos hace un tiempo y desde entonces no tenemos ning\u00fan tipo de contacto, tema que es del dominio p\u00fablico. Entre la sociedad y su servidora como Primera Autoridad siempre he estado con la frente en alto y sin<\/p>\n\n\n\n<p>nada que esconder.<\/p>\n\n\n\n<p>En las mismas notas difamatorias se\u00f1alan al diputado Juan Javier G\u00f3mez Cazar\u00edn, con quien siempre hemos tenido una relaci\u00f3n de respeto y respaldo institucional para la administraci\u00f3n<\/p>\n\n\n\n<p>que me honro en presidir.<\/p>\n\n\n\n<p>En el tema de los detenidos, corresponde a las instancias correspondientes definir la situaci\u00f3n jur\u00eddica de cada uno, y como todo ciudadano y ciudadana deseamos paz y tranquilidad en nuestro municipio.<\/p>\n\n\n\n<p>Es importante mencionar que las diferentes redes sociales se prestan a difundir informaci\u00f3n falsa, que puede ser r\u00e1pidamente viralizada, sin verificar datos, solicitando a los usuarios a que hagan caso omiso a las noticias falsas o de algunas personas que se prestan a la manipulaci\u00f3n de noticias.<\/p>\n\n\n\n<p>Quiero agradecer a aquellos que han expresado su respaldo y cari\u00f1o por medio de mensajes y llamadas hacia mi persona.<\/p>\n\n\n\n<p>Como mujer, madre y servidora p\u00fablica, siempre he actuado con integridad, honradez y transparencia en mis acciones, as\u00ed como en mis decisiones; mi compromiso es con la verdad y el bienestar de nuestro municipio, porque esas fueron las ense\u00f1anzas de mi madre y del equipo<\/p>\n\n\n\n<p>pol\u00edtico al que pertenezco.<\/p>\n\n\n\n<p>Atentamente:<\/p>\n\n\n\n<p>Kristel Hern\u00e1ndez Topete<\/p>\n\n\n\n<p>Presidenta Municipal Constitucional de Santiago Tuxtla<\/p>\n","protected":false},"excerpt":{"rendered":"<p>H. Ayuntamiento Constitucional de Santiago Tuxtla 2022 2025 Al pueblo de Santiago Tuxtla, amigas y amigos, medios de comunicaci\u00f3n. Buenas tardes. Hace unos d\u00edas, se ha difundido informaci\u00f3n de hechos ocurridos el fin de semana donde me han mencionado de forma difamatoria. Con lo anterior, quiero puntualizar que no tengo relaci\u00f3n alguna con los hechos [&hellip;]<\/p>\n","protected":false},"author":2,"featured_media":0,"comment_status":"closed","ping_status":"closed","sticky":false,"template":"","format":"standard","meta":{"_jetpack_newsletter_access":"","_jetpack_dont_email_post_to_subs":false,"_jetpack_newsletter_tier_id":0,"_jetpack_memberships_contains_paywalled_content":false,"_jetpack_memberships_contains_paid_content":false,"footnotes":""},"categories":[72],"tags":[13642],"class_list":["post-130979","post","type-post","status-publish","format-standard","hentry","category-palomazos","tag-kristel-hernandez-topete"],"jetpack_featured_media_url":"","jetpack_sharing_enabled":true,"jetpack_shortlink":"https:\/\/wp.me\/p4Qcd3-y4z","_links":{"self":[{"href":"https:\/\/lospoliticosveracruz.com.mx\/index.php?rest_route=\/wp\/v2\/posts\/130979","targetHints":{"allow":["GET"]}}],"collection":[{"href":"https:\/\/lospoliticosveracruz.com.mx\/index.php?rest_route=\/wp\/v2\/posts"}],"about":[{"href":"https:\/\/lospoliticosveracruz.com.mx\/index.php?rest_route=\/wp\/v2\/types\/post"}],"author":[{"embeddable":true,"href":"https:\/\/lospoliticosveracruz.com.mx\/index.php?rest_route=\/wp\/v2\/users\/2"}],"replies":[{"embeddable":true,"href":"https:\/\/lospoliticosveracruz.com.mx\/index.php?rest_route=%2Fwp%2Fv2%2Fcomments&post=130979"}],"version-history":[{"count":1,"href":"https:\/\/lospoliticosveracruz.com.mx\/index.php?rest_route=\/wp\/v2\/posts\/130979\/revisions"}],"predecessor-version":[{"id":130981,"href":"https:\/\/lospoliticosveracruz.com.mx\/index.php?rest_route=\/wp\/v2\/posts\/130979\/revisions\/130981"}],"wp:attachment":[{"href":"https:\/\/lospoliticosveracruz.com.mx\/index.php?rest_route=%2Fwp%2Fv2%2Fmedia&parent=130979"}],"wp:term":[{"taxonomy":"category","embeddable":true,"href":"https:\/\/lospoliticosveracruz.com.mx\/index.php?rest_route=%2Fwp%2Fv2%2Fcategories&post=130979"},{"taxonomy":"post_tag","embeddable":true,"href":"https:\/\/lospoliticosveracruz.com.mx\/index.php?rest_route=%2Fwp%2Fv2%2Ftags&post=130979"}],"curies":[{"name":"wp","href":"https:\/\/api.w.org\/{rel}","templated":true}]}}