{"id":131271,"date":"2024-10-17T07:55:42","date_gmt":"2024-10-17T12:55:42","guid":{"rendered":"https:\/\/lospoliticosveracruz.com.mx\/?p=131271"},"modified":"2024-10-17T07:55:55","modified_gmt":"2024-10-17T12:55:55","slug":"la-levedad-de-la-tombola","status":"publish","type":"post","link":"https:\/\/lospoliticosveracruz.com.mx\/?p=131271","title":{"rendered":"LA LEVEDAD DE LA T\u00d3MBOLA"},"content":{"rendered":"\n<p><strong>Uriel Flores Aguayo<\/strong><\/p>\n\n\n\n<p>Cualquier sorpresa, cuestionamiento o celebraci\u00f3n del uso de la t\u00f3mbola para definir cargos judiciales a elegir popularmente tiene que considerar el origen de esa idea . Es el resultado de una concepci\u00f3n pol\u00edtica, de una visi\u00f3n personal y de un peque\u00f1o grupo. Est\u00e1 en la l\u00ednea de que lo importante no son los cargos sino los encargos. Un poco de desorden o caos es el \u00e1mbito ideal para quien quiera tener el control total y ejercer el poder directa y personalmente. La t\u00f3mbola es un s\u00edmbolo de lo que se deja al azar, al menos aparentemente, al juego de la fortuna o de la suerte. No es lo que sabes o has hecho, es el n\u00famero que te toca. Non o par.<br>Todo inici\u00f3 con la implantaci\u00f3n del m\u00e9todo de la t\u00f3mbola en la designaci\u00f3n de candidaturas en el partido oficial. Parec\u00eda un disparate. Los que obten\u00edan el beneficio del juego sent\u00edan que los acompa\u00f1aba la suerte y no ten\u00edan conflicto con ese origen ya que nadie los cuestionaba; todos aceptaban las reglas. Desde luego rondaba la sombra del invisible pero f\u00e1cilmente invocado l\u00edder m\u00e1ximo. Se le pod\u00eda atribuir la paternidad del m\u00e9todo que hab\u00eda resultado tan perfectamente benigno con personas sin carreras ni padrinos. Nada mal para principiantes. Operaba una especie de milagro: sin nada alguien quedaba en una candidatura segura. No se lo agradec\u00edan al partido ni a los l\u00edderes formales, mencion\u00e1ndolo o no sus afectos se dirig\u00edan al l\u00edder m\u00e1ximo.<br>Por tanto lo de la t\u00f3mbola judicial tiene historia y contexto. Es una l\u00ednea pol\u00edtica que obvia procedimientos y deliberaciones. Que no sabe de m\u00e9ritos y capacidades. Es la afirmaci\u00f3n de que todo es f\u00e1cil, que basta sacar el n\u00famero correcto para ser edil o legislador. Tiene el sello de un estilo de poder, ese donde lo m\u00e1s importante es la voluntad de una persona. Se masifican las candidaturas, son cantidad. Evidentemente disminuye la calidad de los cargos y empobrecen su funci\u00f3n. No parecen ser importantes el conocimiento y la experiencia. Quien sea, quien salga. Exactamente en esa l\u00ednea debemos ver la rifa del avi\u00f3n presidencial. Lo cual tambi\u00e9n pareci\u00f3 desmesurado en su momento.<br>Es algo personal y de grupo. Es la manera en que ven a la sociedad y a las instituciones. No se interesan en la cuesti\u00f3n ciudadana, todo lo simplifican. Sus cambios no son quir\u00fargicos, m\u00e1s bien son de nacateros; no usan bistur\u00ed, prefieren el hacha.<br>El problema es que despu\u00e9s de desplazar cargos y estructuras no hay relevo visible e importante. Quitar es f\u00e1cil desde el poder, lo complejo es sustituir eficazmente. Ni siquiera hablamos de justicia, nos conformamos con la atenci\u00f3n elemental a la gente.<br>En fin, se observa con asombro que algunas ideas de cierto nivel cultural puedan llevarse a la pr\u00e1ctica. La guerra es cultural , tiene que ver con educaci\u00f3n y el ejercicio de la libertad. La clave estructural de toda la vida de nuestro gobierno se sostiene alegremente en la apat\u00eda y desinformaci\u00f3n ciudadanas. Contra esa pat\u00e9tica realidad es que se deben dirigir las iniciativas democratizadoras. Menos t\u00f3mbolas y m\u00e1s democracia.<br>Recadito: urgen ideas y medidas para rescatar econ\u00f3micamente a Xalapa.<\/p>\n","protected":false},"excerpt":{"rendered":"<p>Uriel Flores Aguayo Cualquier sorpresa, cuestionamiento o celebraci\u00f3n del uso de la t\u00f3mbola para definir cargos judiciales a elegir popularmente tiene que considerar el origen de esa idea . Es el resultado de una concepci\u00f3n pol\u00edtica, de una visi\u00f3n personal y de un peque\u00f1o grupo. Est\u00e1 en la l\u00ednea de que lo importante no son [&hellip;]<\/p>\n","protected":false},"author":2,"featured_media":119915,"comment_status":"closed","ping_status":"closed","sticky":false,"template":"","format":"standard","meta":{"_jetpack_newsletter_access":"","_jetpack_dont_email_post_to_subs":false,"_jetpack_newsletter_tier_id":0,"_jetpack_memberships_contains_paywalled_content":false,"_jetpack_memberships_contains_paid_content":false,"footnotes":""},"categories":[70],"tags":[1026,15303,195],"class_list":["post-131271","post","type-post","status-publish","format-standard","has-post-thumbnail","hentry","category-de-opinion","tag-morena","tag-tombola","tag-veracruz"],"jetpack_featured_media_url":"https:\/\/lospoliticosveracruz.com.mx\/wp-content\/uploads\/2024\/03\/Uriel-Flores.jpg","jetpack_sharing_enabled":true,"jetpack_shortlink":"https:\/\/wp.me\/p4Qcd3-y9h","_links":{"self":[{"href":"https:\/\/lospoliticosveracruz.com.mx\/index.php?rest_route=\/wp\/v2\/posts\/131271","targetHints":{"allow":["GET"]}}],"collection":[{"href":"https:\/\/lospoliticosveracruz.com.mx\/index.php?rest_route=\/wp\/v2\/posts"}],"about":[{"href":"https:\/\/lospoliticosveracruz.com.mx\/index.php?rest_route=\/wp\/v2\/types\/post"}],"author":[{"embeddable":true,"href":"https:\/\/lospoliticosveracruz.com.mx\/index.php?rest_route=\/wp\/v2\/users\/2"}],"replies":[{"embeddable":true,"href":"https:\/\/lospoliticosveracruz.com.mx\/index.php?rest_route=%2Fwp%2Fv2%2Fcomments&post=131271"}],"version-history":[{"count":1,"href":"https:\/\/lospoliticosveracruz.com.mx\/index.php?rest_route=\/wp\/v2\/posts\/131271\/revisions"}],"predecessor-version":[{"id":131272,"href":"https:\/\/lospoliticosveracruz.com.mx\/index.php?rest_route=\/wp\/v2\/posts\/131271\/revisions\/131272"}],"wp:featuredmedia":[{"embeddable":true,"href":"https:\/\/lospoliticosveracruz.com.mx\/index.php?rest_route=\/wp\/v2\/media\/119915"}],"wp:attachment":[{"href":"https:\/\/lospoliticosveracruz.com.mx\/index.php?rest_route=%2Fwp%2Fv2%2Fmedia&parent=131271"}],"wp:term":[{"taxonomy":"category","embeddable":true,"href":"https:\/\/lospoliticosveracruz.com.mx\/index.php?rest_route=%2Fwp%2Fv2%2Fcategories&post=131271"},{"taxonomy":"post_tag","embeddable":true,"href":"https:\/\/lospoliticosveracruz.com.mx\/index.php?rest_route=%2Fwp%2Fv2%2Ftags&post=131271"}],"curies":[{"name":"wp","href":"https:\/\/api.w.org\/{rel}","templated":true}]}}