{"id":131464,"date":"2024-10-21T16:40:30","date_gmt":"2024-10-21T21:40:30","guid":{"rendered":"https:\/\/lospoliticosveracruz.com.mx\/?p=131464"},"modified":"2024-10-21T16:40:36","modified_gmt":"2024-10-21T21:40:36","slug":"el-fin-de-la-utopia","status":"publish","type":"post","link":"https:\/\/lospoliticosveracruz.com.mx\/?p=131464","title":{"rendered":"EL FIN DE LA UTOP\u00cdA"},"content":{"rendered":"\n<p><strong>Juan Antonio Nemi Dib<\/strong><\/p>\n\n\n\n<p><em>Cosas Peque\u00f1as<\/em><\/p>\n\n\n\n<p>\u201c\u2026s\u00f3lo en la civilizaci\u00f3n occidental existe aparentemente la idea de que toda la historia puede concebirse como el avance de la humanidad en su lucha por perfeccionarse, paso a paso, a trav\u00e9s de fuerzas inmanentes, hasta alcanzar en un futuro remoto una condici\u00f3n cercana a la perfecci\u00f3n para todos los hombres\u2026\u201d.<\/p>\n\n\n\n<p>&nbsp;Robert Nisbet<\/p>\n\n\n\n<p>La idea de que los humanos estamos condenados al progreso imparable es reciente: m\u00e1s de 3,500 a\u00f1os de historia documentada lo demuestran; el \u2018progreso? es una concepci\u00f3n nacida del debate (la \u201cQuerella\u201d) entre pensadores cl\u00e1sicos y \u201cModernos\u201d, la convicci\u00f3n de que la ciencia, la t\u00e9cnica, el universalismo y la proyecci\u00f3n de lo \u201chumano\u201d como conjunto de valores igualitarios y ben\u00e9ficos para todos, se fue instalando como credo en tiempos recientes y adem\u00e1s, como un regalo \u201cde Europa para el mundo\u201d.<\/p>\n\n\n<div class=\"wp-block-image\">\n<figure class=\"alignleft size-medium\"><a href=\"https:\/\/lospoliticosveracruz.com.mx\/wp-content\/uploads\/2021\/10\/Zacauilt.jpg\"><img decoding=\"async\" src=\"https:\/\/lospoliticosveracruz.com.mx\/wp-content\/uploads\/2021\/10\/Zacauilt-150x300.jpg\" alt=\"\" class=\"wp-image-80558\"\/><\/a><\/figure><\/div>\n\n\n<p>Antes, la estabilidad, la inmovilidad y la creencia determinista en voluntades superiores, controladoras de todo y de todos, constitu\u00edan el \u201cdestino\u201d; la gente sol\u00eda aceptar el estado de cosas como la voluntad cumplida de los dioses, por ejemplo, a trav\u00e9s del derecho divino de los reyes, la condici\u00f3n sacra e intocable del poder ejercido por las minor\u00edas. La promesa de un mejor estadio y la compensaci\u00f3n del sufrimiento terreno en la vida eterna eran formas de consuelo, esperanza, aceptaci\u00f3n y hasta resignaci\u00f3n. Pero La Ilustraci\u00f3n, la Revoluci\u00f3n Francesa y la convicci\u00f3n profundamente revolucionaria de que la felicidad deber\u00eda ser asequible a todos, sin excepciones, hicieron que el siglo XVIII se convirtiera, precisamente, en el \u201cSiglo de las Luces\u201d y su secuela de prosperidad sin l\u00edmites.<\/p>\n\n\n\n<p>Innovar, investigar, racionalizar, expandir horizontes y dar pasos de costado respecto de las ideas hegem\u00f3nicas previas, particularmente las \u201cverdades reveladas\u201d, se convirtieron en leitmotiv en todos los \u00e1mbitos, produciendo cambios inimaginables en la organizaci\u00f3n social y en el papel que tocaba a los individuos bajo la convicci\u00f3n de la bonanza y la mejora constante, aqu\u00ed y ahora. Uno de los frutos de todo esto fue la reivindicaci\u00f3n de los derechos del hombre, la semilla primigenia del liberalismo, la aparici\u00f3n de las rep\u00fablicas y los sistemas basados en el voto libre y secreto de los ciudadanos, todo ello en un proceso complejo, largo y con muchos matices que abarc\u00f3 las ciencias, las artes, la pol\u00edtica, la t\u00e9cnica, la cultura y las formas de gobierno pero, sobre todo, la manera de ver el mundo.<\/p>\n\n\n\n<p>Por otro lado, los \u00faltimos dos siglos, con la explosi\u00f3n -no hay mejor forma de decirlo\u2014 del conocimiento y la revoluci\u00f3n tecnol\u00f3gica, marcaron hitos que resuenan y dejan huellas profundas como pasos de gigante: la m\u00e1quina de vapor, la radiocomunicaci\u00f3n, los antibi\u00f3ticos y particularmente la penicilina, las pr\u00e1cticas higi\u00e9nicas, la medicina basada en evidencia, la producci\u00f3n masiva de mol\u00e9culas y moduladores biol\u00f3gicos artificiales, la manipulaci\u00f3n gen\u00e9tica, la agricultura y la ganader\u00eda de modelo industrial, la movilidad motorizada de personas y objetos, la internet, la astrof\u00edsica, la f\u00edsica cu\u00e1ntica, entre muchos otros y a\u00fan sorprendentes avances, han servido para incrementar dr\u00e1sticamente la longevidad, para democratizar el conocimiento, para facilitar la vida cotidiana, para generar un mercado global de proporciones monumentales que lleva alimentos y otros bienes de consumo a los sitios m\u00e1s remotos, que ha potenciado el ocio y el entretenimiento, entre otras mejoras indiscutibles en la calidad de vida. Y eso que a\u00fan no sabemos lo que nos espera con la computaci\u00f3n cu\u00e1ntica, la inteligencia artificial, la propulsi\u00f3n a base de agua y de hidr\u00f3geno y quiz\u00e1, el control gen\u00f3mico total y la miner\u00eda espacial.<\/p>\n\n\n\n<p>\u201cPeros\u201d y \u201casegunes\u201d frente a esta evoluci\u00f3n hay de sobra, menciono s\u00f3lo algunos: el deterioro ambiental y la depredaci\u00f3n irracional de recursos, el consumo suntuario nocivo, la sobrepoblaci\u00f3n y la superaci\u00f3n en la capacidad de carga del planeta, la concentraci\u00f3n ilimitada de la riqueza, la incapacidad o falta de voluntad (o ambas) para erradicar la pobreza, los imperialismos y el subdesarrollo end\u00e9mico, el gobierno de y para las corporaciones, el perfeccionamiento de las m\u00e1quinas de guerra y de asesinato colectivo, el riesgo latente de una grave y mort\u00edfera conflagraci\u00f3n b\u00e9lica, la p\u00e9rdida de identidades individuales y colectivas, la alienaci\u00f3n de personas, comunidades y culturas, exclusi\u00f3n, racismo, genocidios \u201cjustificados\u201d, tecnolog\u00edas para controlar, etc.<\/p>\n\n\n\n<p>Destacan entre todo lo anterior los altos niveles de frustraci\u00f3n, aburrimiento, la destrucci\u00f3n de los valores de convivencia c\u00edvica pac\u00edfica y grata, as\u00ed como el individualismo descarnado de j\u00f3venes y adultos de todos los estratos sociales que deriva en ego\u00edsmo superlativo (Dios ha muerto\/El Hombre es Dios), carencia de empat\u00eda, normalizaci\u00f3n e indiferencia frente a la violencia criminal y de Estado y, penosamente, las adicciones y codependencias que intentan suplir fallidamente los vac\u00edos existenciales y la falta de expectativas y de prop\u00f3sito, todo lo que induce la sensaci\u00f3n de agobio social, la disoluci\u00f3n de v\u00ednculos y la vida en permanente conflicto.<\/p>\n\n\n\n<p>Habr\u00e1 quien piense que son los costos a pagar por el \u201cprogreso\u201d, pero en realidad se trata de la verdadera agenda inmediata y semi oculta del planeta, los retos que est\u00e1n con nosotros, acechando nuestra realidad cotidiana y que necesitamos superar si queremos subsistir como especie en nuestra casa com\u00fan. A eso podemos agregar los \u201cfracasos pol\u00edticos\u201d, las decepciones que provocan los gobernantes y la imposibilidad absoluta para satisfacer todas las necesidades sociales. Dice bien Daniel Innerarity: \u201cConviene que nos vayamos haciendo a la idea: la pol\u00edtica es fundamentalmente un aprendizaje de la decepci\u00f3n.\u201d \u00c9l mismo apunta sobre la teatralizaci\u00f3n de la pol\u00edtica: cuando los gobiernos no pueden, fingen que hacen\u2026 por definici\u00f3n, los problemas crecer\u00e1n.<\/p>\n\n\n\n<p>Es incre\u00edble que el 30% de la poblaci\u00f3n del planeta viva en pobreza, que estemos acostumbrados a 56 conflictos armados que se viven justo ahora con brutales consecuencias y oc\u00e9anos de sangre inocente, que ocurran casi 60 homicidios violentos cada hora, que las ganancias de la delincuencia organizada en el mundo se estimen en billones de d\u00f3lares, que cada d\u00eda se talen 41 millones de \u00e1rboles, que verdaderas hordas de migrantes tengan que abandonar sus pa\u00edses a causa de la violencia, la intolerancia y la pobreza, que casi 8 millones de venezolanos hayan sido expulsados de su pa\u00eds, que el gobierno de Nicaragua mantenga presos a obispos y sacerdotes (aunque les va mejor, porque aqu\u00ed los matamos) y que un showman que niega el cambio clim\u00e1tico, que cree en la supremac\u00eda blanca, que ha sido sentenciado por varios delitos y que admira a Kim Jong-Un pueda convertirse en el l\u00edder de la naci\u00f3n m\u00e1s poderosa del mundo\u2026 por segunda vez. Parece que se nos acabara el progreso.<\/p>\n\n\n\n<p>La Botica.- Los casos de abusos, extorsiones y todo tipo de violencia por parte de las corporaciones policiacas de Veracruz contra gente inocente se cuentan por decenas cada d\u00eda en todo el territorio. Consecuencia directa de la ausencia de gobierno, el desconocimiento, la corrupci\u00f3n supina que prometieron incrementar, digo, combatir, su superficialidad y ligereza, han provocado que los \u201cguardianes del orden\u201d no respeten a nadie, que parecieran funcionar como un nuevo c\u00e1rtel, pero privilegiado, porque utiliza las armas, los veh\u00edculos, el combustible, las municiones y los uniformes que pagamos los ciudadanos. Una de las muchas broncas explosivas que hereda la nueva administraci\u00f3n; es un problema muy grave, pero es uno entre muchos, repito.<\/p>\n\n\n\n<p>antonionemi@gmail.com<\/p>\n","protected":false},"excerpt":{"rendered":"<p>Juan Antonio Nemi Dib Cosas Peque\u00f1as \u201c\u2026s\u00f3lo en la civilizaci\u00f3n occidental existe aparentemente la idea de que toda la historia puede concebirse como el avance de la humanidad en su lucha por perfeccionarse, paso a paso, a trav\u00e9s de fuerzas inmanentes, hasta alcanzar en un futuro remoto una condici\u00f3n cercana a la perfecci\u00f3n para todos [&hellip;]<\/p>\n","protected":false},"author":2,"featured_media":130573,"comment_status":"closed","ping_status":"closed","sticky":false,"template":"","format":"standard","meta":{"_jetpack_newsletter_access":"","_jetpack_dont_email_post_to_subs":false,"_jetpack_newsletter_tier_id":0,"_jetpack_memberships_contains_paywalled_content":false,"_jetpack_memberships_contains_paid_content":false,"footnotes":""},"categories":[70],"tags":[996],"class_list":["post-131464","post","type-post","status-publish","format-standard","has-post-thumbnail","hentry","category-de-opinion","tag-juan-antonio-nemi-dib"],"jetpack_featured_media_url":"https:\/\/lospoliticosveracruz.com.mx\/wp-content\/uploads\/2024\/09\/Opinion.jpg","jetpack_sharing_enabled":true,"jetpack_shortlink":"https:\/\/wp.me\/p4Qcd3-yco","_links":{"self":[{"href":"https:\/\/lospoliticosveracruz.com.mx\/index.php?rest_route=\/wp\/v2\/posts\/131464","targetHints":{"allow":["GET"]}}],"collection":[{"href":"https:\/\/lospoliticosveracruz.com.mx\/index.php?rest_route=\/wp\/v2\/posts"}],"about":[{"href":"https:\/\/lospoliticosveracruz.com.mx\/index.php?rest_route=\/wp\/v2\/types\/post"}],"author":[{"embeddable":true,"href":"https:\/\/lospoliticosveracruz.com.mx\/index.php?rest_route=\/wp\/v2\/users\/2"}],"replies":[{"embeddable":true,"href":"https:\/\/lospoliticosveracruz.com.mx\/index.php?rest_route=%2Fwp%2Fv2%2Fcomments&post=131464"}],"version-history":[{"count":1,"href":"https:\/\/lospoliticosveracruz.com.mx\/index.php?rest_route=\/wp\/v2\/posts\/131464\/revisions"}],"predecessor-version":[{"id":131465,"href":"https:\/\/lospoliticosveracruz.com.mx\/index.php?rest_route=\/wp\/v2\/posts\/131464\/revisions\/131465"}],"wp:featuredmedia":[{"embeddable":true,"href":"https:\/\/lospoliticosveracruz.com.mx\/index.php?rest_route=\/wp\/v2\/media\/130573"}],"wp:attachment":[{"href":"https:\/\/lospoliticosveracruz.com.mx\/index.php?rest_route=%2Fwp%2Fv2%2Fmedia&parent=131464"}],"wp:term":[{"taxonomy":"category","embeddable":true,"href":"https:\/\/lospoliticosveracruz.com.mx\/index.php?rest_route=%2Fwp%2Fv2%2Fcategories&post=131464"},{"taxonomy":"post_tag","embeddable":true,"href":"https:\/\/lospoliticosveracruz.com.mx\/index.php?rest_route=%2Fwp%2Fv2%2Ftags&post=131464"}],"curies":[{"name":"wp","href":"https:\/\/api.w.org\/{rel}","templated":true}]}}