{"id":131482,"date":"2024-10-21T22:15:34","date_gmt":"2024-10-22T03:15:34","guid":{"rendered":"https:\/\/lospoliticosveracruz.com.mx\/?p=131482"},"modified":"2024-10-21T22:19:07","modified_gmt":"2024-10-22T03:19:07","slug":"unanue-informa-acciones-ante-lluvias","status":"publish","type":"post","link":"https:\/\/lospoliticosveracruz.com.mx\/?p=131482","title":{"rendered":"UNANUE INFORMA ACCIONES ANTE LLUVIAS"},"content":{"rendered":"\n<p><\/p>\n\n\n\n<p>Con relaci\u00f3n a las acciones implementadas por la Fuerza Municipal de Tarea, en atenci\u00f3n de la contingencia ocasionada por el paso del temporal lluvioso en el Golfo de M\u00e9xico, me permito informar lo siguiente:<\/p>\n\n\n\n<p>Por el incremento del agua en los niveles de Arroyo Moreno se activaron 5 moto bombas, y con la finalidad de que el nivel disminuyera se abrieron 8 compuertas. Hasta las 19:00 horas de este lunes los niveles se encontraban fuera de un rango cr\u00edtico.<\/p>\n\n\n\n<p>Se atendieron 32 llamados de auxilio en todo el municipio, consistentes en:<\/p>\n\n\n\n<p>1 poste ca\u00eddo<br>1 registro sin tapa<br>4 veh\u00edculos afectados<br>1 inmueble afectado<br>1 \u00e1rbol ca\u00eddo<br>1 deslave o socav\u00f3n<br>23 anegamientos<\/p>\n\n\n\n<p>De acuerdo con datos de la Secretar\u00eda Estatal de Protecci\u00f3n Civil, los niveles de agua que han llovido en el municipio en las \u00faltimas horas superan los 250 mms por metro cuadrado.<\/p>\n\n\n\n<p>La Fuerza Municipal de Tarea que contin\u00faa participando en la atenci\u00f3n de la contingencia se conforma por:<\/p>\n\n\n\n<p>Mantenimiento Urbano<br>Obras P\u00fablicas<br>Polic\u00eda Municipal<br>Tr\u00e1nsito Municipal<br>Gobernaci\u00f3n<br>Limpia P\u00fablica<br>Protecci\u00f3n Civil<\/p>\n\n\n\n<p>Exhortamos a los ciudadanos a tomar las debidas precauciones y en caso de alguna emergencia favor de llamar al 911.<\/p>\n","protected":false},"excerpt":{"rendered":"<p>Con relaci\u00f3n a las acciones implementadas por la Fuerza Municipal de Tarea, en atenci\u00f3n de la contingencia ocasionada por el paso del temporal lluvioso en el Golfo de M\u00e9xico, me permito informar lo siguiente: Por el incremento del agua en los niveles de Arroyo Moreno se activaron 5 moto bombas, y con la finalidad de [&hellip;]<\/p>\n","protected":false},"author":2,"featured_media":0,"comment_status":"closed","ping_status":"closed","sticky":false,"template":"","format":"standard","meta":{"_jetpack_newsletter_access":"","_jetpack_dont_email_post_to_subs":false,"_jetpack_newsletter_tier_id":0,"_jetpack_memberships_contains_paywalled_content":false,"_jetpack_memberships_contains_paid_content":false,"footnotes":""},"categories":[73],"tags":[42064,32106],"class_list":["post-131482","post","type-post","status-publish","format-standard","hentry","category-de-boleto","tag-fuerza-municipal-de-tarea","tag-juan-manuel-unanue-abascal-2"],"jetpack_featured_media_url":"","jetpack_sharing_enabled":true,"jetpack_shortlink":"https:\/\/wp.me\/p4Qcd3-ycG","_links":{"self":[{"href":"https:\/\/lospoliticosveracruz.com.mx\/index.php?rest_route=\/wp\/v2\/posts\/131482","targetHints":{"allow":["GET"]}}],"collection":[{"href":"https:\/\/lospoliticosveracruz.com.mx\/index.php?rest_route=\/wp\/v2\/posts"}],"about":[{"href":"https:\/\/lospoliticosveracruz.com.mx\/index.php?rest_route=\/wp\/v2\/types\/post"}],"author":[{"embeddable":true,"href":"https:\/\/lospoliticosveracruz.com.mx\/index.php?rest_route=\/wp\/v2\/users\/2"}],"replies":[{"embeddable":true,"href":"https:\/\/lospoliticosveracruz.com.mx\/index.php?rest_route=%2Fwp%2Fv2%2Fcomments&post=131482"}],"version-history":[{"count":1,"href":"https:\/\/lospoliticosveracruz.com.mx\/index.php?rest_route=\/wp\/v2\/posts\/131482\/revisions"}],"predecessor-version":[{"id":131483,"href":"https:\/\/lospoliticosveracruz.com.mx\/index.php?rest_route=\/wp\/v2\/posts\/131482\/revisions\/131483"}],"wp:attachment":[{"href":"https:\/\/lospoliticosveracruz.com.mx\/index.php?rest_route=%2Fwp%2Fv2%2Fmedia&parent=131482"}],"wp:term":[{"taxonomy":"category","embeddable":true,"href":"https:\/\/lospoliticosveracruz.com.mx\/index.php?rest_route=%2Fwp%2Fv2%2Fcategories&post=131482"},{"taxonomy":"post_tag","embeddable":true,"href":"https:\/\/lospoliticosveracruz.com.mx\/index.php?rest_route=%2Fwp%2Fv2%2Ftags&post=131482"}],"curies":[{"name":"wp","href":"https:\/\/api.w.org\/{rel}","templated":true}]}}