{"id":131501,"date":"2024-10-22T13:38:19","date_gmt":"2024-10-22T18:38:19","guid":{"rendered":"https:\/\/lospoliticosveracruz.com.mx\/?p=131501"},"modified":"2024-10-22T13:38:28","modified_gmt":"2024-10-22T18:38:28","slug":"impugnan-pluri-de-ely","status":"publish","type":"post","link":"https:\/\/lospoliticosveracruz.com.mx\/?p=131501","title":{"rendered":"IMPUGNAN PLURI DE ELY!"},"content":{"rendered":"\n<p><\/p>\n\n\n\n<p>Enrique Yasser Pompeyo<\/p>\n\n\n\n<p>Vicente Aguilar Aguilar, comisionado estatal del Partido del Trabajo, confirm\u00f3 que \u00e9l y otros petistas impugnaron la asignaci\u00f3n de la diputaci\u00f3n local plurinominal a Elizabeth Morales Garc\u00eda.<\/p>\n\n\n\n<p>Incluso, el diputado local petista Jos\u00e9 Luis Tehuitle Xocua tambi\u00e9n habr\u00eda impugnado por las acciones afirmativas en el rubro ind\u00edgena.<\/p>\n\n\n\n<p>El comisionado estatal precis\u00f3 que lo hizo a t\u00edtulo personal, as\u00ed como otras compa\u00f1eras y compa\u00f1eros que se sintieron agraviados.<\/p>\n\n\n\n<p>\u00abImpugn\u00e9 la decisi\u00f3n y siempre lo manifest\u00e9, est\u00e1 en temas de lo jurisdiccional, lo que le compete a la autoridad electoral\u00bb.<\/p>\n\n\n\n<p>Al respecto, record\u00f3 que tuvo una fuerte rebeld\u00eda, \u00abno tanto por el tema de mujeres, sino porque se trata de una compa\u00f1era que no ha hecho trabajo para el partido, esto no niega que de seguir ella, pueda hacer un buen trabajo all\u00e1 en el Congreso, aqu\u00ed en el partido es otro rollo\u00bb.<\/p>\n\n\n\n<p>Adem\u00e1s, expuso que ella no ha hecho tareas partidistas y solo recibi\u00f3 su constancia, \u00abhizo lo que ten\u00eda que haber hecho, eso es v\u00e1lido\u00bb.<\/p>\n\n\n\n<p>Vicente Aguilar se\u00f1al\u00f3 que el PT es de organizaci\u00f3n, de trabajo, de unidad, \u00abhay que trabajar\u00bb.<\/p>\n","protected":false},"excerpt":{"rendered":"<p>Enrique Yasser Pompeyo Vicente Aguilar Aguilar, comisionado estatal del Partido del Trabajo, confirm\u00f3 que \u00e9l y otros petistas impugnaron la asignaci\u00f3n de la diputaci\u00f3n local plurinominal a Elizabeth Morales Garc\u00eda. Incluso, el diputado local petista Jos\u00e9 Luis Tehuitle Xocua tambi\u00e9n habr\u00eda impugnado por las acciones afirmativas en el rubro ind\u00edgena. El comisionado estatal precis\u00f3 que [&hellip;]<\/p>\n","protected":false},"author":2,"featured_media":0,"comment_status":"closed","ping_status":"closed","sticky":false,"template":"","format":"standard","meta":{"_jetpack_newsletter_access":"","_jetpack_dont_email_post_to_subs":false,"_jetpack_newsletter_tier_id":0,"_jetpack_memberships_contains_paywalled_content":false,"_jetpack_memberships_contains_paid_content":false,"footnotes":""},"categories":[6446],"tags":[405,42066,20254],"class_list":["post-131501","post","type-post","status-publish","format-standard","hentry","category-la-nota","tag-elizabeth-morales-garcia","tag-jose-luis-tehuitle-xocua","tag-vicente-aguilar-aguilar"],"jetpack_featured_media_url":"","jetpack_sharing_enabled":true,"jetpack_shortlink":"https:\/\/wp.me\/p4Qcd3-ycZ","_links":{"self":[{"href":"https:\/\/lospoliticosveracruz.com.mx\/index.php?rest_route=\/wp\/v2\/posts\/131501","targetHints":{"allow":["GET"]}}],"collection":[{"href":"https:\/\/lospoliticosveracruz.com.mx\/index.php?rest_route=\/wp\/v2\/posts"}],"about":[{"href":"https:\/\/lospoliticosveracruz.com.mx\/index.php?rest_route=\/wp\/v2\/types\/post"}],"author":[{"embeddable":true,"href":"https:\/\/lospoliticosveracruz.com.mx\/index.php?rest_route=\/wp\/v2\/users\/2"}],"replies":[{"embeddable":true,"href":"https:\/\/lospoliticosveracruz.com.mx\/index.php?rest_route=%2Fwp%2Fv2%2Fcomments&post=131501"}],"version-history":[{"count":2,"href":"https:\/\/lospoliticosveracruz.com.mx\/index.php?rest_route=\/wp\/v2\/posts\/131501\/revisions"}],"predecessor-version":[{"id":131503,"href":"https:\/\/lospoliticosveracruz.com.mx\/index.php?rest_route=\/wp\/v2\/posts\/131501\/revisions\/131503"}],"wp:attachment":[{"href":"https:\/\/lospoliticosveracruz.com.mx\/index.php?rest_route=%2Fwp%2Fv2%2Fmedia&parent=131501"}],"wp:term":[{"taxonomy":"category","embeddable":true,"href":"https:\/\/lospoliticosveracruz.com.mx\/index.php?rest_route=%2Fwp%2Fv2%2Fcategories&post=131501"},{"taxonomy":"post_tag","embeddable":true,"href":"https:\/\/lospoliticosveracruz.com.mx\/index.php?rest_route=%2Fwp%2Fv2%2Ftags&post=131501"}],"curies":[{"name":"wp","href":"https:\/\/api.w.org\/{rel}","templated":true}]}}