{"id":131741,"date":"2024-10-28T06:32:59","date_gmt":"2024-10-28T12:32:59","guid":{"rendered":"https:\/\/lospoliticosveracruz.com.mx\/?p=131741"},"modified":"2024-10-28T06:33:08","modified_gmt":"2024-10-28T12:33:08","slug":"los-colados","status":"publish","type":"post","link":"https:\/\/lospoliticosveracruz.com.mx\/?p=131741","title":{"rendered":"LOS COLADOS"},"content":{"rendered":"\n<p><strong>Omar Z\u00fa\u00f1iga<\/strong><\/p>\n\n\n\n<p><em>De Primera Mano<\/em><\/p>\n\n\n\n<p>Hemos dicho en m\u00faltiples ocasiones que Movimiento Ciudadano se ha convertido en la opci\u00f3n pol\u00edtica de mucha gente que se hart\u00f3 de lo mismo.<\/p>\n\n\n\n<p>Tambi\u00e9n se ha dicho que es el partido que tuvo el mayor crecimiento en la reciente elecci\u00f3n, al ir en solitario a las urnas.<\/p>\n\n\n\n<p>En este contexto y convencidos de esta situaci\u00f3n, de que es un partido en el que hay que meterle trabajo donde no ha habido,&nbsp;se acercaron varios personajes que recibieron la confianza para operar sus respectivos municipios, como el caso de&nbsp;<strong>Marco Antonio Cort\u00e9s&nbsp;<\/strong><strong>Arano<\/strong>, coordinador &nbsp;municipal de Movimiento Ciudadano en su natal Puente Nacional y que en el lapso que se ha puesto a trabajar, ya ha sido objeto de algunas grillitas, pues los resultados obtenidos en la gente, SU&nbsp;gente, son evidentes y hasta lo&nbsp;han buscado incluso del partido guinda, pero Cort\u00e9s, conocido tambi\u00e9n como \u201cel amigo de todos\u201d, es una de esas&nbsp;personas&nbsp;leales&nbsp;sin cortapisa&nbsp;a quienes le dieron la confianza, pero sobre todo con \u00e9l mismo, y con la convicci\u00f3n de que el pr\u00f3ximo a\u00f1o&nbsp;le&nbsp;dar\u00e1n la batalla&nbsp;y ganar\u00e1n&nbsp;a los viejos grupos que disputar\u00e1n el poder.<\/p>\n\n\n\n<p>Pero&nbsp;no es el \u00fanico caso en que algunos indeseables buscan meterse a la mala en las filas naranjas de la gente que ha trabajado.<\/p>\n\n\n\n<p>Tenemos el caso de&nbsp;Xico, donde&nbsp;<strong>Juan Carlos Gonz\u00e1lez<\/strong>, capit\u00e1n en retiro del&nbsp;glorioso&nbsp;Ej\u00e9rcito Mexicano&nbsp;tom\u00f3 la comisi\u00f3n municipal cuando nadie la quer\u00eda, el 3 de mayo pasado, poco antes de la jornada electoral.<\/p>\n\n\n\n<p>Y nadie es nadie, incluido un tal&nbsp;<strong>Ulises&nbsp;<\/strong><strong>Ch\u00edmal<\/strong>, a quien se la ofrecieron, pero como muchos otros, no le vio espolones al naranja y se fue&nbsp;a otro lado, desde\u00f1ando y hablando pestes de Movimiento Ciudadano y sus dirigentes.<\/p>\n\n\n\n<p>Hoy nos encontramos con que este muchacho, a trav\u00e9s de&nbsp;<strong>Carolina Galv\u00e1n<\/strong>, quien a su vez es hija de&nbsp;<strong>Gloria Galv\u00e1n&nbsp;<\/strong>exalcaldesa&nbsp;de&nbsp;Xico, quiere ser comisionado municipal.<\/p>\n\n\n\n<p>\u201cAgradezco de (\u2026) igual manera a quien va a dirigir los trabajos de MC en&nbsp;Xico&nbsp;mi amigo Ulises Chimal (sic)\u201d, fue lo que public\u00f3 esta joven en sus redes sociales, justo despu\u00e9s de la toma de protesta de&nbsp;<strong>Luis Carbonell&nbsp;<\/strong>como mandam\u00e1s de MC en Veracruz, la semana pasada.<\/p>\n\n\n\n<p>Indeseables es el adjetivo, pero que quede claro que no lo digo yo, sino el pueblo,&nbsp;que sabe santo y se\u00f1a de sus paisanos.<\/p>\n\n\n\n<p>La&nbsp;exalcaldesa&nbsp;<strong>Gloria Galv\u00e1n&nbsp;<\/strong>es recordada, ente otras cosas,&nbsp;por la desafortunada declaraci\u00f3n sobre sus entonces gobernados&nbsp;\u00absi no se mueren de una cosa, se van a morir de otra\u00bb, al hacer referencia aun&nbsp;evento masivo&nbsp;realizado el 19 de noviembre de 2020, en plena pandemia de Covid19, cuando ella gobernaba.<\/p>\n\n\n\n<p>Pero la gente tambi\u00e9n les recuerda, en plural, porque madre e hija, (Carolina fue directora del DIF municipal en el gobierno de su mami), habr\u00edan operado de manera fraudulenta los recursos de uno de los programas emblema del sexenio anterior \u201cj\u00f3venes construyendo el futuro\u201d, que ocasion\u00f3 el retiro de este programa federal del municipio de&nbsp;Xico.<\/p>\n\n\n\n<p><em>Sotto<\/em><em>&nbsp;<\/em><em>voce<\/em>, empleados que trabajaron en aquel momento cercanos a ellas, aseguran que mientras su mam\u00e1 era alcaldesa,&nbsp;Carolina&nbsp;que&nbsp;estaba en el DIF&nbsp;municipal, era&nbsp;la encargada de recogerle las tarjetas a los&nbsp;j\u00f3venes construyendo el futuro,&nbsp;en donde recib\u00edan nada m\u00e1s&nbsp;mil pesos y el resto se lo quedaban ellas.&nbsp;<\/p>\n\n\n\n<p>Esto fue denunciado, investigado y&nbsp;por eso&nbsp;en su momento&nbsp;les quitaron ese programa.<\/p>\n\n\n\n<p>Pero no fue todo, pues incluso el mismo partido Morena denunci\u00f3 a&nbsp;<strong>Gloria Luz Galv\u00e1n&nbsp;<\/strong>ante el&nbsp;Orfispor el desv\u00edo de 10 millones de pesos, que habr\u00edan ido a parar a la campa\u00f1a para la presidencia municipal de&nbsp;<strong>Carolina Galv\u00e1n<\/strong><strong>,<\/strong><strong>&nbsp;<\/strong>pero por la&nbsp;alianza conformada por PRI y PAN;&nbsp;la misma&nbsp;Carolina quehoy busca infiltrarse a Movimiento Ciudadano para socavar el trabajo que ha realizado incansablemente el capit\u00e1n&nbsp;<strong>Juan Carlos Gonz\u00e1lez<\/strong>, reconocido por sus paisanos como un hombre de una pieza, leal y fiel a sus principios, como buen militar al fin y al cabo, pero que ha dado resultados tangibles, logrando una votaci\u00f3n hist\u00f3rica en&nbsp;Xico&nbsp;para MC.<\/p>\n\n\n\n<p>Todo &nbsp;esto, por supuesto,&nbsp;lo sabe&nbsp;<strong>Luis Carbonell<\/strong>, quien tiene en sus manos la fuerza pol\u00edtica en Veracruz de mayor crecimiento y mayor potencial&nbsp;y&nbsp;que sabe tambi\u00e9n que gente como&nbsp;<strong>Carolina Galv\u00e1n&nbsp;<\/strong>y&nbsp;<strong>Ulises&nbsp;<\/strong><strong>Ch\u00edmal<\/strong>, s\u00f3lo buscan el beneficio propio, nunca de su gente, ni mucho menos de los principios naranja y que m\u00e1s all\u00e1 de sumar y multiplicar, s\u00f3lo restan y dividen.&nbsp;Uuuufff.<\/p>\n\n\n\n<p>Pero en muchos municipios hay Carolinas y Ulises\u2026<\/p>\n\n\n\n<p>\u00a1Qu\u00e9 barbaridad!<\/p>\n\n\n\n<p>deprimera.mano2020@gmail.com<\/p>\n","protected":false},"excerpt":{"rendered":"<p>Omar Z\u00fa\u00f1iga De Primera Mano Hemos dicho en m\u00faltiples ocasiones que Movimiento Ciudadano se ha convertido en la opci\u00f3n pol\u00edtica de mucha gente que se hart\u00f3 de lo mismo. Tambi\u00e9n se ha dicho que es el partido que tuvo el mayor crecimiento en la reciente elecci\u00f3n, al ir en solitario a las urnas. En este [&hellip;]<\/p>\n","protected":false},"author":2,"featured_media":119918,"comment_status":"closed","ping_status":"closed","sticky":false,"template":"","format":"standard","meta":{"_jetpack_newsletter_access":"","_jetpack_dont_email_post_to_subs":false,"_jetpack_newsletter_tier_id":0,"_jetpack_memberships_contains_paywalled_content":false,"_jetpack_memberships_contains_paid_content":false,"footnotes":""},"categories":[70],"tags":[4830,14795,26406,2327],"class_list":["post-131741","post","type-post","status-publish","format-standard","has-post-thumbnail","hentry","category-de-opinion","tag-carolina-galvan","tag-gloria-galvan","tag-luis-carbonell","tag-movimiento-ciudadano"],"jetpack_featured_media_url":"https:\/\/lospoliticosveracruz.com.mx\/wp-content\/uploads\/2024\/03\/Omar-Zuniga.jpg","jetpack_sharing_enabled":true,"jetpack_shortlink":"https:\/\/wp.me\/p4Qcd3-ygR","_links":{"self":[{"href":"https:\/\/lospoliticosveracruz.com.mx\/index.php?rest_route=\/wp\/v2\/posts\/131741","targetHints":{"allow":["GET"]}}],"collection":[{"href":"https:\/\/lospoliticosveracruz.com.mx\/index.php?rest_route=\/wp\/v2\/posts"}],"about":[{"href":"https:\/\/lospoliticosveracruz.com.mx\/index.php?rest_route=\/wp\/v2\/types\/post"}],"author":[{"embeddable":true,"href":"https:\/\/lospoliticosveracruz.com.mx\/index.php?rest_route=\/wp\/v2\/users\/2"}],"replies":[{"embeddable":true,"href":"https:\/\/lospoliticosveracruz.com.mx\/index.php?rest_route=%2Fwp%2Fv2%2Fcomments&post=131741"}],"version-history":[{"count":1,"href":"https:\/\/lospoliticosveracruz.com.mx\/index.php?rest_route=\/wp\/v2\/posts\/131741\/revisions"}],"predecessor-version":[{"id":131742,"href":"https:\/\/lospoliticosveracruz.com.mx\/index.php?rest_route=\/wp\/v2\/posts\/131741\/revisions\/131742"}],"wp:featuredmedia":[{"embeddable":true,"href":"https:\/\/lospoliticosveracruz.com.mx\/index.php?rest_route=\/wp\/v2\/media\/119918"}],"wp:attachment":[{"href":"https:\/\/lospoliticosveracruz.com.mx\/index.php?rest_route=%2Fwp%2Fv2%2Fmedia&parent=131741"}],"wp:term":[{"taxonomy":"category","embeddable":true,"href":"https:\/\/lospoliticosveracruz.com.mx\/index.php?rest_route=%2Fwp%2Fv2%2Fcategories&post=131741"},{"taxonomy":"post_tag","embeddable":true,"href":"https:\/\/lospoliticosveracruz.com.mx\/index.php?rest_route=%2Fwp%2Fv2%2Ftags&post=131741"}],"curies":[{"name":"wp","href":"https:\/\/api.w.org\/{rel}","templated":true}]}}