{"id":131921,"date":"2024-10-31T13:25:06","date_gmt":"2024-10-31T19:25:06","guid":{"rendered":"https:\/\/lospoliticosveracruz.com.mx\/?p=131921"},"modified":"2024-10-31T13:25:14","modified_gmt":"2024-10-31T19:25:14","slug":"ely-tiene-padrino-en-el-pt-vicente","status":"publish","type":"post","link":"https:\/\/lospoliticosveracruz.com.mx\/?p=131921","title":{"rendered":"ELY TIENE PADRINO EN EL PT!: VICENTE"},"content":{"rendered":"\n<p><strong>Karla M\u00e9ndez<\/strong>\u00a0<\/p>\n\n\n\n<p>El dirigente del Partido del Trabajo(PT) Vicente Aguilar Aguilar reconoci\u00f3 que Elizabeth Morales Garc\u00eda si tiene un padrino en la dirigencia nacional que la incluy\u00f3 en el listado de diputados plurinominales, esto a pesar de no ser militante, ni siquiera sinpatizante.<\/p>\n\n\n\n<p>En entrevista, destac\u00f3 que \u00e9l tambi\u00e9n tiene a algunos compa\u00f1eros de la dirigencia nacional que lo apoyan en su intenci\u00f3n de llegar a la plurinominal, por lo que impugnar\u00e1 la decisi\u00f3n de los magistrados locales de regresar la curul a la expriista.<\/p>\n\n\n\n<p>En ese sentido, puntualiz\u00f3 que conf\u00eda en los organismos jurisdiccionales y ser\u00e1 respetuoso de lo que se concluya, sin embargo, se dijo confiado de que ser\u00e1n a su favor.<\/p>\n\n\n\n<p>\u201cS\u00ed, claro. Vamos a impugnar. Siempre hemos manifestado que todo est\u00e1 en manos de los \u00f3rganos electorales y en manos de la justicia. Se acaba el d\u00eda lunes, porque hay que tomar protesta quien vaya. Nosotros tenemos, ma\u00f1ana metemos la impugnaci\u00f3n.\u00bb&nbsp;<\/p>\n\n\n\n<p>As\u00ed mismo, afirm\u00f3 que Elizabeth Morales Garc\u00eda tiene derecho como ciudadana de obtener la plurinominal, pero ella no es militante del Partido del Trabajo por lo que de llegar a la curul tendr\u00eda que apegarse a los lineamientos del partido, de lo contrario saldr\u00e1 de la fracci\u00f3n parlamentaria.<\/p>\n\n\n\n<p>\u201cBueno, eso ya va a depender de su trabajo. Va a depender de su trabajo, porque ella no es petista. Llega como petista y si ella hace su trabajo de unidad y dem\u00e1s, que es lo que esperamos. Lo que s\u00ed estoy seguro es que va a ser una buena diputada. Yo no s\u00e9 si sea una buena militante, pero creo que va a depender de su trabajo. O sea, si trabaja a favor del pueblo, se adhiere y se apega a los estatutos, no tenemos ning\u00fan inconveniente. Porque es una compa\u00f1era que tambi\u00e9n tenga ganas de trabajar para el partido.\u00bb<\/p>\n\n\n\n<p>El dirigente, dijo que de igual manera que el pr\u00f3ximo 5 de noviembre \u00e9l estar\u00e1 en el Congreso Local de alguna u otra manera ya que es el dirigente local del PT y acompa\u00f1ar\u00e1 a su hijo Vicente Aguilar, quien gan\u00f3 la diputaci\u00f3n por Misantla.<\/p>\n\n\n\n<p>Finalmente, mencion\u00f3 que se trata de un tema pol\u00edtico y no personal, por lo que reiter\u00f3 su respeto a la ex alcaldesa de Xalapa y que solo en caso de que ella violentara los estatutos del partido se le aplicar\u00eda alguna sanci\u00f3n.<\/p>\n","protected":false},"excerpt":{"rendered":"<p>Karla M\u00e9ndez\u00a0 El dirigente del Partido del Trabajo(PT) Vicente Aguilar Aguilar reconoci\u00f3 que Elizabeth Morales Garc\u00eda si tiene un padrino en la dirigencia nacional que la incluy\u00f3 en el listado de diputados plurinominales, esto a pesar de no ser militante, ni siquiera sinpatizante. En entrevista, destac\u00f3 que \u00e9l tambi\u00e9n tiene a algunos compa\u00f1eros de la [&hellip;]<\/p>\n","protected":false},"author":2,"featured_media":0,"comment_status":"closed","ping_status":"closed","sticky":false,"template":"","format":"standard","meta":{"_jetpack_newsletter_access":"","_jetpack_dont_email_post_to_subs":false,"_jetpack_newsletter_tier_id":0,"_jetpack_memberships_contains_paywalled_content":false,"_jetpack_memberships_contains_paid_content":false,"footnotes":""},"categories":[6446],"tags":[405,2326,20254],"class_list":["post-131921","post","type-post","status-publish","format-standard","hentry","category-la-nota","tag-elizabeth-morales-garcia","tag-partido-del-trabajo","tag-vicente-aguilar-aguilar"],"jetpack_featured_media_url":"","jetpack_sharing_enabled":true,"jetpack_shortlink":"https:\/\/wp.me\/p4Qcd3-yjL","_links":{"self":[{"href":"https:\/\/lospoliticosveracruz.com.mx\/index.php?rest_route=\/wp\/v2\/posts\/131921","targetHints":{"allow":["GET"]}}],"collection":[{"href":"https:\/\/lospoliticosveracruz.com.mx\/index.php?rest_route=\/wp\/v2\/posts"}],"about":[{"href":"https:\/\/lospoliticosveracruz.com.mx\/index.php?rest_route=\/wp\/v2\/types\/post"}],"author":[{"embeddable":true,"href":"https:\/\/lospoliticosveracruz.com.mx\/index.php?rest_route=\/wp\/v2\/users\/2"}],"replies":[{"embeddable":true,"href":"https:\/\/lospoliticosveracruz.com.mx\/index.php?rest_route=%2Fwp%2Fv2%2Fcomments&post=131921"}],"version-history":[{"count":1,"href":"https:\/\/lospoliticosveracruz.com.mx\/index.php?rest_route=\/wp\/v2\/posts\/131921\/revisions"}],"predecessor-version":[{"id":131922,"href":"https:\/\/lospoliticosveracruz.com.mx\/index.php?rest_route=\/wp\/v2\/posts\/131921\/revisions\/131922"}],"wp:attachment":[{"href":"https:\/\/lospoliticosveracruz.com.mx\/index.php?rest_route=%2Fwp%2Fv2%2Fmedia&parent=131921"}],"wp:term":[{"taxonomy":"category","embeddable":true,"href":"https:\/\/lospoliticosveracruz.com.mx\/index.php?rest_route=%2Fwp%2Fv2%2Fcategories&post=131921"},{"taxonomy":"post_tag","embeddable":true,"href":"https:\/\/lospoliticosveracruz.com.mx\/index.php?rest_route=%2Fwp%2Fv2%2Ftags&post=131921"}],"curies":[{"name":"wp","href":"https:\/\/api.w.org\/{rel}","templated":true}]}}