{"id":132553,"date":"2024-11-14T21:42:30","date_gmt":"2024-11-15T03:42:30","guid":{"rendered":"https:\/\/lospoliticosveracruz.com.mx\/?p=132553"},"modified":"2024-11-14T21:42:39","modified_gmt":"2024-11-15T03:42:39","slug":"sheinbaum-y-veracruz","status":"publish","type":"post","link":"https:\/\/lospoliticosveracruz.com.mx\/?p=132553","title":{"rendered":"SHEINBAUM Y VERACRUZ"},"content":{"rendered":"\n<p><\/p>\n\n\n\n<p><\/p>\n\n\n\n<p><strong>Jos\u00e9 Luis Ortega Vidal<br><\/strong><em>Claroscuros<br><\/em>(1)<br>Del 2010 al 2016 la firma brasile\u00f1a Braskem construy\u00f3 en Nanchital de L\u00e1zaro C\u00e1rdenas, al sur de Veracruz, el complejo petroqu\u00edmico con mayor productividad en M\u00e9xico: Braskem-IDESA.<br>Aunque oficialmente lo han negado, Braskem est\u00e1 vinculada a Odebrecht, un monstruo empresarial carioca propiedad de Marcelo Odebrecht, acusado por autoridades de Estados Unidos por actos de corrupci\u00f3n en suelo norteamericano y en varios pa\u00edses latinoamericanos, entre ellos M\u00e9xico.<\/p>\n\n\n<div class=\"wp-block-image\">\n<figure class=\"alignleft size-medium\"><a href=\"https:\/\/lospoliticosveracruz.com.mx\/wp-content\/uploads\/2021\/10\/Zacauilt.jpg\"><img decoding=\"async\" src=\"https:\/\/lospoliticosveracruz.com.mx\/wp-content\/uploads\/2021\/10\/Zacauilt-150x300.jpg\" alt=\"\" class=\"wp-image-80558\"\/><\/a><\/figure><\/div>\n\n\n<p><br>Braskem sac\u00f3 las manos del fuego pol\u00edtico generado por el esc\u00e1ndalo de Odebrecht y desde el a\u00f1o 2016 opera con eficiencia a un costado del municipio de Coatzacoalcos, uno de los extremos del Corredor Interoce\u00e1nico del Istmo de Tehuantepec; el otro es Salina Cruz, en Oaxaca.<br>Se invirtieron unos 5 mil 200 millones de d\u00f3lares para la construcci\u00f3n de Braskem Idesa, ubicado frente a los depauperados complejos petroqu\u00edmicos de PEMEX: Cangrejera y Morelos, as\u00ed como Pajaritos; este \u00faltimo construido desde fines de los a\u00f1os 60s y hoy cerrado.<br>La construcci\u00f3n del complejo petroqu\u00edmico privado de Braskem-Idesa gener\u00f3 unos 25 mil empleos directos durante m\u00e1s de media d\u00e9cada; lo que devino desarrollo econ\u00f3mico, derrama en cadenas comerciales y productivas, incremento evidente en la demanda de vivienda y aumento de rentas en Coatzacoalcos que respir\u00f3 tras una crisis que rondada dos d\u00e9cadas, o m\u00e1s, sobre la mayor\u00eda de hogares de unos 300 mil habitantes.<br>La inversi\u00f3n en torno a Braskem-Idesa marc\u00f3 un ejemplo sobre beneficios sociales surgidos de inversiones multimillonarias.<br>Si la inversi\u00f3n es con dinero p\u00fablico o privado, el resultado es semejante en lo relativo a la creaci\u00f3n de empleos y el est\u00edmulo a cadenas comerciales y productivas\u2026<br>La diferencia es que el sector privado no suele arriesgar y apuesta a inversiones de recuperaci\u00f3n y ganancias seguras; mientras que el gobierno suele actuar desde posiciones ideol\u00f3gicas y pol\u00edticas que no siempre dan buenos resultados.<br>En el sistema capitalista, voraz por naturaleza, un problema esencial surge cuando la inversi\u00f3n termina su etapa de construcci\u00f3n y entra a la operatividad del proyecto.<br>Braskem-Idesa funciona con eficacia; sus due\u00f1os consiguieron pr\u00e9stamos de la banca nacional, internacional y mundial y han cumplido ocho a\u00f1os pagando sus deudas.<br>A diferencia de proyectos del gobierno, en Braskem-Idesa se opera con resultados, as\u00ed como rigidez financiera y administrativa.<br>Los 25 mil empleos de la construcci\u00f3n durante seis a\u00f1os, disminuyeron a 700 en su operaci\u00f3n; y la permanencia en esas plazas laborales depende de desquitar el sueldo; as\u00ed de simple\u2026<\/p>\n\n\n\n<p>(2)<br>Braskem-Idesa compra materia prima \u2013gas natural-, produce materia prima industrial \u2013polietileno-; vende lo producido a f\u00e1bricas mexicanas o de otros pa\u00edses; paga a proveedores, los impuestos, la deuda, los sueldos y la ganancia es separada para reinvertir llegado el caso, o administrarse entre los due\u00f1os\u2026<br>Detalles m\u00e1s, detalles menos, opera como toda empresa privada triunfadora\u2026<\/p>\n\n\n\n<p>(3)<br>El mi\u00e9rcoles pasado, Petr\u00f3leos Mexicanos -ahora convertida junto con CFE, en Empresas P\u00fablicas del Estado- dio a conocer la reactivaci\u00f3n de los complejos Cangrejera y Morelos en Coatzacoalcos.<br>La Secretar\u00eda de Energ\u00eda, a cargo de Luz Elena Gonz\u00e1lez, y PEMEX, dieron a conocer las l\u00edneas estrat\u00e9gicas para el sexenio de la presidenta Claudia Sheinbaum; esto es el periodo 2024-2030.<br>Se han dado a conocer n\u00fameros en torno al plan productivo de gasolinas, \u00f3xido de etileno y amoniaco; incluido un tercer Complejo Petroqu\u00edmico, el de Cosoleacaque, ubicado a unos treinta kil\u00f3metros de Cangrejera y Morelos.<br>No trascendieron cifras en millones de pesos o d\u00f3lares, a invertir en esta reactivaci\u00f3n.<br>Con base en el decreto firmado por la presidenta Sheinbaum el pasado 30 de octubre, el gobierno invertir\u00e1 un m\u00ednimo de 54 % -o m\u00e1s- en proyectos del sector energ\u00e9tico; mientras que las empresas privadas s\u00f3lo podr\u00e1n invertir un m\u00e1ximo de 46 % en dicha \u00e1rea, dada la pol\u00edtica de Soberan\u00eda Energ\u00e9tica implementada por la 4T.<br>Desde luego, si al sector privado no le interesa o no le conviene invertir en el rubro energ\u00e9tico, simplemente no lo har\u00e1\u2026<\/p>\n\n\n\n<p>(4)<br>Ya veremos sobre la marcha cu\u00e1nto se invierte en los complejos petroqu\u00edmicos de PEMEX en el sur veracruzano y conoceremos sus resultados dentro de seis a\u00f1os.<\/p>\n\n\n\n<p>(5)<br>Si Braskem-Idesa es un ejemplo sobre el impacto de mega inversiones en el desarrollo social y lo es tambi\u00e9n en el sentido de la eficacia administrativa, operativa y el rescate de capital; PEMEX tambi\u00e9n es un gran ejemplo en los mismos rubros, solo que negativo\u2026<\/p>\n\n\n\n<p>(6)<br>PEMEX es una empresa con una deuda que rebasa los 100 mil millones de d\u00f3lares por a\u00f1ejos financiamientos; a los que se suman 20 mil millones de d\u00f3lares de deuda a proveedores, entre ellos TAMSA, como lo expusimos en nuestro CLAROSCUROS previo.<br>Otra diferencia fundamental entre PEMEX y Braskem-Idesa estriba en los contratos laborales; el sector energ\u00e9tico oficial opera a trav\u00e9s de sindicatos y el privado, en el caso que nos ocupa, no\u2026<br>Si PEMEX quiere despedir a un trabajador por corrupto o ineficaz deber\u00e1 pasar por encima del sindicato o no podr\u00e1 correr a dicho empleado.<br>En la pr\u00e1ctica el sindicato -en este caso el STPRM- suele tener m\u00e1s poder sobre el trabajador que el patr\u00f3n, es decir PEMEX\u2026<br>En Braskem-Idesa no tienen ese conflicto administrativo ni legal y la diferencia entre un organismo y otro deriva en mucho dinero que se vuelve productivo o se tira a la basura\u2026<br>CONTINUAR\u00c1<\/p>\n","protected":false},"excerpt":{"rendered":"<p>Jos\u00e9 Luis Ortega VidalClaroscuros(1)Del 2010 al 2016 la firma brasile\u00f1a Braskem construy\u00f3 en Nanchital de L\u00e1zaro C\u00e1rdenas, al sur de Veracruz, el complejo petroqu\u00edmico con mayor productividad en M\u00e9xico: Braskem-IDESA.Aunque oficialmente lo han negado, Braskem est\u00e1 vinculada a Odebrecht, un monstruo empresarial carioca propiedad de Marcelo Odebrecht, acusado por autoridades de Estados Unidos por actos [&hellip;]<\/p>\n","protected":false},"author":2,"featured_media":119931,"comment_status":"closed","ping_status":"closed","sticky":false,"template":"","format":"standard","meta":{"_jetpack_newsletter_access":"","_jetpack_dont_email_post_to_subs":false,"_jetpack_newsletter_tier_id":0,"_jetpack_memberships_contains_paywalled_content":false,"_jetpack_memberships_contains_paid_content":false,"footnotes":""},"categories":[70],"tags":[39520,42267,2769,374],"class_list":["post-132553","post","type-post","status-publish","format-standard","has-post-thumbnail","hentry","category-de-opinion","tag-braskem","tag-braskem-idesa-3","tag-jose-luis-ortega-vidal","tag-nanchital"],"jetpack_featured_media_url":"https:\/\/lospoliticosveracruz.com.mx\/wp-content\/uploads\/2024\/03\/Jose-Luis-Ortega-Vidal.jpg","jetpack_sharing_enabled":true,"jetpack_shortlink":"https:\/\/wp.me\/p4Qcd3-ytX","_links":{"self":[{"href":"https:\/\/lospoliticosveracruz.com.mx\/index.php?rest_route=\/wp\/v2\/posts\/132553","targetHints":{"allow":["GET"]}}],"collection":[{"href":"https:\/\/lospoliticosveracruz.com.mx\/index.php?rest_route=\/wp\/v2\/posts"}],"about":[{"href":"https:\/\/lospoliticosveracruz.com.mx\/index.php?rest_route=\/wp\/v2\/types\/post"}],"author":[{"embeddable":true,"href":"https:\/\/lospoliticosveracruz.com.mx\/index.php?rest_route=\/wp\/v2\/users\/2"}],"replies":[{"embeddable":true,"href":"https:\/\/lospoliticosveracruz.com.mx\/index.php?rest_route=%2Fwp%2Fv2%2Fcomments&post=132553"}],"version-history":[{"count":1,"href":"https:\/\/lospoliticosveracruz.com.mx\/index.php?rest_route=\/wp\/v2\/posts\/132553\/revisions"}],"predecessor-version":[{"id":132554,"href":"https:\/\/lospoliticosveracruz.com.mx\/index.php?rest_route=\/wp\/v2\/posts\/132553\/revisions\/132554"}],"wp:featuredmedia":[{"embeddable":true,"href":"https:\/\/lospoliticosveracruz.com.mx\/index.php?rest_route=\/wp\/v2\/media\/119931"}],"wp:attachment":[{"href":"https:\/\/lospoliticosveracruz.com.mx\/index.php?rest_route=%2Fwp%2Fv2%2Fmedia&parent=132553"}],"wp:term":[{"taxonomy":"category","embeddable":true,"href":"https:\/\/lospoliticosveracruz.com.mx\/index.php?rest_route=%2Fwp%2Fv2%2Fcategories&post=132553"},{"taxonomy":"post_tag","embeddable":true,"href":"https:\/\/lospoliticosveracruz.com.mx\/index.php?rest_route=%2Fwp%2Fv2%2Ftags&post=132553"}],"curies":[{"name":"wp","href":"https:\/\/api.w.org\/{rel}","templated":true}]}}