{"id":132562,"date":"2024-11-15T07:28:39","date_gmt":"2024-11-15T13:28:39","guid":{"rendered":"https:\/\/lospoliticosveracruz.com.mx\/?p=132562"},"modified":"2024-11-15T07:28:48","modified_gmt":"2024-11-15T13:28:48","slug":"ah-que-pedrada","status":"publish","type":"post","link":"https:\/\/lospoliticosveracruz.com.mx\/?p=132562","title":{"rendered":"\u00a1AH QU\u00c9 PEDRADA!"},"content":{"rendered":"\n<p><strong>Felipe de Jes\u00fas Fern\u00e1ndez Basilio<\/strong><\/p>\n\n\n\n<p><em>Desde A Janela<\/em><\/p>\n\n\n\n<p>Bast\u00f3 que le arrojaran una sola piedrota para que se cayera el tinglado del muy mal llamado \u201csegundo piso de la transfor<a><\/a>maci\u00f3n\u201d, s\u00ed, ese que seg\u00fan iba a ser muy t\u00e9cnico ya que, seg\u00fan dec\u00edan, iba a ser conducido por una cient\u00edfica con grado doctoral y con estudios en el extranjero.<\/p>\n\n\n\n<p>Y miren que el sainete protagonizado por la presidente y por los levanta dedos (senadores gobiernistas) no tiene precio y si no fuera porque la protecci\u00f3n de los derechos humanos en M\u00e9xico se ha visto seriamente afectada, ser\u00eda digno de miles de carcajadas por mucho tiempo.<\/p>\n\n\n\n<p>Veamos de qu\u00e9 se trat\u00f3 el asunto:<\/p>\n\n\n\n<p>Todo comenz\u00f3 cuando se acerc\u00f3 la fecha para designar&nbsp;a la persona que va a presidir a la Comisi\u00f3n Nacional de Derechos Humanos por los pr\u00f3ximos cinco a\u00f1os&nbsp;y como esa facultad corresponde al Senado de la Rep\u00fablica, el oficialismo y su mayor\u00eda calificada procedieron con presteza a emitir la correspondiente convocatoria.<\/p>\n\n\n\n<p>En dicha convocatoria, los levanta dedos, digo los senadores de la coalici\u00f3n gobernante, establecieron que las personas&nbsp;interesadas en ocupar el cargo deb\u00edan de pasar una serie de filtros antes de quedar en la terna de la que se iba a seleccionar a quien ocupar\u00e1 la titularidad de la CNDH.<\/p>\n\n\n\n<p>Obviamente se siguieron los criterios establecidos por la doctora presidente en su toma de posesi\u00f3n y que, entre otras cosas incluyen la no reelecci\u00f3n&nbsp;y la mayor\u00eda de los legisladores se fueron por la selecci\u00f3n de la persona que es titular de la comisi\u00f3n de Derechos Humanos de la Ciudad de M\u00e9xico y que coincidi\u00f3 tambi\u00e9n en el tiempo que Sheinbaum gobern\u00f3 dicha entidad.<\/p>\n\n\n\n<p>Y en esa misma evaluaci\u00f3n, la cual inclu\u00eda probidad, conocimiento en derechos humanos e independencia frente al gobierno en turno, la se\u00f1ora Piedra fue la peor evaluada (recibi\u00f3 el apoyo de una sola senadora).<\/p>\n\n\n\n<p>Sin embargo, en la fase final del proceso algo se torci\u00f3 en las bancadas oficialistas y la peor evaluada m\u00e1gicamente pas\u00f3 del \u00faltimo al segundo lugar y la persona que ocupaba ese segundo lugar en la evaluaci\u00f3n, fue eliminada sin la m\u00e1s m\u00ednima contemplaci\u00f3n.<\/p>\n\n\n\n<p>Y lo m\u00e1s grotesco del asunto es que Javier Corral, el presidente de la comisi\u00f3n senatorial que organiz\u00f3 y llev\u00f3 a cabo la evaluaci\u00f3n de los aspirantes a la CNDH dijo que se inclu\u00eda a Piedra por cuestiones pol\u00edticas, pero que \u00e9l no iba a apoyarla.<\/p>\n\n\n\n<p>M\u00e1s tard\u00f3 en decir eso a que su coordinador parlamentario Ad\u00e1n Augusto L\u00f3pez ordenara que por \u201ccuestiones de Estado\u201d la se\u00f1ora Piedra ten\u00eda que ser reelecta en el cargo y despu\u00e9s de hacer tiempo una tarde completa, los desacuerdos en la bancada oficialista&nbsp;por la reelecci\u00f3n no cesaban y la mayor\u00eda calificada no era lograda, el senador L\u00f3pez ejerci\u00f3 todo tipo de presiones, como el buscar una votaci\u00f3n a mano alzada o que en las boletas apareciera el nombre de la persona votada y del senador votante e incluso se atrevi\u00f3 a proponer entregar a cada senador de su bancada el entregarles las boletas previamente marcadas y foliadas.<\/p>\n\n\n\n<p>Hasta que finalmente en la madrugada, y despu\u00e9s de cantarle las ma\u00f1anitas al dios viviente de la transformaci\u00f3n que no fue, logr\u00f3 doblar a todos los senadores oficialistas que apoyaban a la candidata de Sheinbaum; supongo que a Corral le recordaron que en el estado que gobern\u00f3 la justicia a\u00fan lo busca.<\/p>\n\n\n\n<p>Y as\u00ed fue que se consum\u00f3 la reelecci\u00f3n de Piedra al frente de la CNDH pasando por encima de las reglas que los mismos senadores de MRN y aliados hab\u00edan establecido; as\u00ed es, los senadores del oficialismo violaron las reglas que ellos mismos se impusieron.<\/p>\n\n\n\n<p>Esta mala comedia nos deja las siguientes lecciones:<\/p>\n\n\n\n<p>1) La transformaci\u00f3n que no fue ni tampoco ser\u00e1 no sigue sus propias reglas, ya que vasta una llamada desde las profundidades de la selva tropical para que ellos mismos les hagan caso omiso.<\/p>\n\n\n\n<p>2)En consecuencia de lo anterior, la reforma judicial va por el mismo camino y ya desde ahora empezaron a burlar las leyes que emitieron al no querer dar el dinero necesario&nbsp;para organizar la mentada elecci\u00f3n con la que tanto estuvieron friega y friega.<\/p>\n\n\n\n<p>3) Uniendo los dos puntos anteriores, a la transformaci\u00f3n que no fue ni tampoco ser\u00e1 le importan un bledo tanto los derechos humanos como la impartici\u00f3n de justicia y no ser\u00e1 de extra\u00f1ar que el pr\u00f3ximo a\u00f1o Lenia Batres sea la presidente de lo que quede del m\u00e1s alto tribunal del pa\u00eds, l fin y al cabo que entre ella y Piedra es pr\u00e1cticamente imposible encontrar una sola diferencia.<\/p>\n\n\n\n<p>4) Podemos decir que oficialmente en palacio hay un florero, ya que cuando&nbsp;se manifiesta&nbsp;el supremo t\u00f3tem de la transformaci\u00f3n que no fue ni tampoco ser\u00e1, la doctora presidente calla y se somete o la someten; realmente da ternura cuando dice que L\u00f3pez Obrador est\u00e1 retirado escribiendo y que el senado es aut\u00f3nomo, cuando&nbsp;ya&nbsp;hasta&nbsp;hemos perdido la cuenta de los nombramientos y acciones de gobierno que le han tumbado. En resumen, Sheinbaum no solo no manda, ni siquiera se manda.<\/p>\n\n\n\n<p><a href=\"mailto:felfebas@gmail.com\">felfebas@gmail.com<\/a><\/p>\n\n\n\n<p>Twitter: @FelipeFBasilio<\/p>\n","protected":false},"excerpt":{"rendered":"<p>Felipe de Jes\u00fas Fern\u00e1ndez Basilio Desde A Janela Bast\u00f3 que le arrojaran una sola piedrota para que se cayera el tinglado del muy mal llamado \u201csegundo piso de la transformaci\u00f3n\u201d, s\u00ed, ese que seg\u00fan iba a ser muy t\u00e9cnico ya que, seg\u00fan dec\u00edan, iba a ser conducido por una cient\u00edfica con grado doctoral y con [&hellip;]<\/p>\n","protected":false},"author":2,"featured_media":119963,"comment_status":"closed","ping_status":"closed","sticky":false,"template":"","format":"standard","meta":{"_jetpack_newsletter_access":"","_jetpack_dont_email_post_to_subs":false,"_jetpack_newsletter_tier_id":0,"_jetpack_memberships_contains_paywalled_content":false,"_jetpack_memberships_contains_paid_content":false,"footnotes":""},"categories":[70],"tags":[618,9627,295,1026,15767,195],"class_list":["post-132562","post","type-post","status-publish","format-standard","has-post-thumbnail","hentry","category-de-opinion","tag-andres-manuel-lopez-obrador","tag-claudia-sheinbaum","tag-cndh","tag-morena","tag-rosario-piedra-ibarra","tag-veracruz"],"jetpack_featured_media_url":"https:\/\/lospoliticosveracruz.com.mx\/wp-content\/uploads\/2024\/03\/Felipe-Fernandez-Basilio.jpg","jetpack_sharing_enabled":true,"jetpack_shortlink":"https:\/\/wp.me\/p4Qcd3-yu6","_links":{"self":[{"href":"https:\/\/lospoliticosveracruz.com.mx\/index.php?rest_route=\/wp\/v2\/posts\/132562","targetHints":{"allow":["GET"]}}],"collection":[{"href":"https:\/\/lospoliticosveracruz.com.mx\/index.php?rest_route=\/wp\/v2\/posts"}],"about":[{"href":"https:\/\/lospoliticosveracruz.com.mx\/index.php?rest_route=\/wp\/v2\/types\/post"}],"author":[{"embeddable":true,"href":"https:\/\/lospoliticosveracruz.com.mx\/index.php?rest_route=\/wp\/v2\/users\/2"}],"replies":[{"embeddable":true,"href":"https:\/\/lospoliticosveracruz.com.mx\/index.php?rest_route=%2Fwp%2Fv2%2Fcomments&post=132562"}],"version-history":[{"count":1,"href":"https:\/\/lospoliticosveracruz.com.mx\/index.php?rest_route=\/wp\/v2\/posts\/132562\/revisions"}],"predecessor-version":[{"id":132563,"href":"https:\/\/lospoliticosveracruz.com.mx\/index.php?rest_route=\/wp\/v2\/posts\/132562\/revisions\/132563"}],"wp:featuredmedia":[{"embeddable":true,"href":"https:\/\/lospoliticosveracruz.com.mx\/index.php?rest_route=\/wp\/v2\/media\/119963"}],"wp:attachment":[{"href":"https:\/\/lospoliticosveracruz.com.mx\/index.php?rest_route=%2Fwp%2Fv2%2Fmedia&parent=132562"}],"wp:term":[{"taxonomy":"category","embeddable":true,"href":"https:\/\/lospoliticosveracruz.com.mx\/index.php?rest_route=%2Fwp%2Fv2%2Fcategories&post=132562"},{"taxonomy":"post_tag","embeddable":true,"href":"https:\/\/lospoliticosveracruz.com.mx\/index.php?rest_route=%2Fwp%2Fv2%2Ftags&post=132562"}],"curies":[{"name":"wp","href":"https:\/\/api.w.org\/{rel}","templated":true}]}}