{"id":132699,"date":"2024-11-18T20:31:01","date_gmt":"2024-11-19T02:31:01","guid":{"rendered":"https:\/\/lospoliticosveracruz.com.mx\/?p=132699"},"modified":"2024-11-18T20:31:12","modified_gmt":"2024-11-19T02:31:12","slug":"entra-al-quite-raquel-bonilla","status":"publish","type":"post","link":"https:\/\/lospoliticosveracruz.com.mx\/?p=132699","title":{"rendered":"ENTRA AL QUITE RAQUEL BONILLA!"},"content":{"rendered":"\n<p><\/p>\n\n\n\n<p><\/p>\n\n\n\n<p><strong>Boca del R\u00edo<br><\/strong>La gobernadora electa de Veracruz, Roc\u00edo Nahle Garc\u00eda, anunci\u00f3 la incorporaci\u00f3n al Senado de la Rep\u00fablica de Raquel Bonilla Herrera, suplente de la Dra. Claudia Tello Espinosa, titular de la curul y pr\u00f3xima Secretaria de Educaci\u00f3n del estado.<\/p>\n\n\n\n<p>Roc\u00edo Nahle subray\u00f3 que en este tiempo de mujeres, es importante destacar que ambas son grandes representantes de Morena y de lo que significa trabajar en unidad por un solo proyecto denominado Veracruz.<\/p>\n\n\n\n<p>\u201cSon compa\u00f1eras extraordinarias\u201d que apoyar\u00e1n en demas\u00eda en los intereses del pueblo de Veracruz desde el Poder Legislativo.<\/p>\n\n\n\n<p>La pr\u00f3xima semana, explic\u00f3 Roc\u00edo Nahle, Tello Espinosa solicitar\u00e1 licencia al Senado de la Rep\u00fablica para dedicarse de lleno a la SEV.<\/p>\n\n\n\n<p>\u201cEn lo particular estoy feliz, dos mujeres de izquierda que las conozco desde hace mucho tiempo, que han caminado, que han ayudado a construir nuestro movimiento pero sobre todo han mostrado todo el amor y el cari\u00f1o hacia Veracruz\u201d, destac\u00f3.<\/p>\n\n\n\n<p>Claudia Tello Espinosa es originaria de Xalapa y Raquel Bonilla de Poza Rica, ambas son cuadros que han coadyuvado a que el movimiento crezca y de los resultados hasta ahora obtenidos a favor de Veracruz, finaliz\u00f3.<\/p>\n","protected":false},"excerpt":{"rendered":"<p>Boca del R\u00edoLa gobernadora electa de Veracruz, Roc\u00edo Nahle Garc\u00eda, anunci\u00f3 la incorporaci\u00f3n al Senado de la Rep\u00fablica de Raquel Bonilla Herrera, suplente de la Dra. Claudia Tello Espinosa, titular de la curul y pr\u00f3xima Secretaria de Educaci\u00f3n del estado. Roc\u00edo Nahle subray\u00f3 que en este tiempo de mujeres, es importante destacar que ambas son [&hellip;]<\/p>\n","protected":false},"author":2,"featured_media":0,"comment_status":"closed","ping_status":"closed","sticky":false,"template":"","format":"standard","meta":{"_jetpack_newsletter_access":"","_jetpack_dont_email_post_to_subs":false,"_jetpack_newsletter_tier_id":0,"_jetpack_memberships_contains_paywalled_content":false,"_jetpack_memberships_contains_paid_content":false,"footnotes":""},"categories":[73],"tags":[42297,10911,4386,195],"class_list":["post-132699","post","type-post","status-publish","format-standard","hentry","category-de-boleto","tag-dra-claudia-tello-espinosa","tag-raquel-bonilla-herrera","tag-rocio-nahle-garcia","tag-veracruz"],"jetpack_featured_media_url":"","jetpack_sharing_enabled":true,"jetpack_shortlink":"https:\/\/wp.me\/p4Qcd3-ywj","_links":{"self":[{"href":"https:\/\/lospoliticosveracruz.com.mx\/index.php?rest_route=\/wp\/v2\/posts\/132699","targetHints":{"allow":["GET"]}}],"collection":[{"href":"https:\/\/lospoliticosveracruz.com.mx\/index.php?rest_route=\/wp\/v2\/posts"}],"about":[{"href":"https:\/\/lospoliticosveracruz.com.mx\/index.php?rest_route=\/wp\/v2\/types\/post"}],"author":[{"embeddable":true,"href":"https:\/\/lospoliticosveracruz.com.mx\/index.php?rest_route=\/wp\/v2\/users\/2"}],"replies":[{"embeddable":true,"href":"https:\/\/lospoliticosveracruz.com.mx\/index.php?rest_route=%2Fwp%2Fv2%2Fcomments&post=132699"}],"version-history":[{"count":1,"href":"https:\/\/lospoliticosveracruz.com.mx\/index.php?rest_route=\/wp\/v2\/posts\/132699\/revisions"}],"predecessor-version":[{"id":132701,"href":"https:\/\/lospoliticosveracruz.com.mx\/index.php?rest_route=\/wp\/v2\/posts\/132699\/revisions\/132701"}],"wp:attachment":[{"href":"https:\/\/lospoliticosveracruz.com.mx\/index.php?rest_route=%2Fwp%2Fv2%2Fmedia&parent=132699"}],"wp:term":[{"taxonomy":"category","embeddable":true,"href":"https:\/\/lospoliticosveracruz.com.mx\/index.php?rest_route=%2Fwp%2Fv2%2Fcategories&post=132699"},{"taxonomy":"post_tag","embeddable":true,"href":"https:\/\/lospoliticosveracruz.com.mx\/index.php?rest_route=%2Fwp%2Fv2%2Ftags&post=132699"}],"curies":[{"name":"wp","href":"https:\/\/api.w.org\/{rel}","templated":true}]}}