{"id":13271,"date":"2014-11-05T11:48:19","date_gmt":"2014-11-05T17:48:19","guid":{"rendered":"http:\/\/www.lospoliticosveracruz.com.mx\/?p=13271"},"modified":"2014-11-05T11:48:19","modified_gmt":"2014-11-05T17:48:19","slug":"hector-yunes-arma-tianguis-en-senado","status":"publish","type":"post","link":"https:\/\/lospoliticosveracruz.com.mx\/?p=13271","title":{"rendered":"H\u00e9ctor Yunes arma tianguis en Senado"},"content":{"rendered":"<p><a href=\"http:\/\/www.lospoliticosveracruz.com.mx\/wp-content\/uploads\/2014\/11\/H\u00e9ctor-Yunes.jpg\"><img loading=\"lazy\" decoding=\"async\" class=\"alignnone size-medium wp-image-13273\" src=\"http:\/\/www.lospoliticosveracruz.com.mx\/wp-content\/uploads\/2014\/11\/H\u00e9ctor-Yunes-300x194.jpg\" alt=\"H\u00e9ctor Yunes\" width=\"300\" height=\"194\" \/><\/a><\/p>\n<p>Artesanos de municipios veracruzanos exponen sus productos durante esta semana en el Senado de la Rep\u00fablica, por gesti\u00f3n del senador H\u00e9ctor Yunes Landa.<\/p>\n<p>Desde el lunes 3 hasta el viernes 7 de noviembre, los artesanos expondr\u00e1n ropa de manta, cinturones, joyer\u00eda armada, artesan\u00eda en barro, puros y sombreros, adem\u00e1s de productos naturales como semillas y botanas, medicina naturista, miel de abeja y derivados.<\/p>\n<p>De la muestra tambi\u00e9n forman parte productos gastron\u00f3micos como toritos, salsas de sabores, dulces t\u00edpicos, caf\u00e9 molido y nieves t\u00edpicas.<\/p>\n<p>El tambi\u00e9n senador presidente de la Comisi\u00f3n de Protecci\u00f3n Civil, H\u00e9ctor Yunes, consider\u00f3 que es importante buscar los espacios que requieren los artesanos para exponer y comercializar sus productos.<\/p>\n<p>\u00abEstamos trayendo al Senado de la Rep\u00fablica una peque\u00f1a muestra de la grandiosa artesan\u00eda veracruzana. Seguiremos buscando espacios donde los artesanos puedan expresar su arte y productos\u00bb, afirm\u00f3 el senador Veracruzano.<\/p>\n<p>Cabe mencionar, que los expositores son 35 familias artesanas integrantes de la Uni\u00f3n de Artesanos, Manualidades y Similares de Veracruz.<\/p>\n<p><img loading=\"lazy\" decoding=\"async\" class=\"alignnone size-medium wp-image-13272\" src=\"http:\/\/www.lospoliticosveracruz.com.mx\/wp-content\/uploads\/2014\/11\/H\u00e9ctor-Yunes2-300x178.jpg\" alt=\"H\u00e9ctor Yunes2\" width=\"300\" height=\"178\" \/><\/p>\n","protected":false},"excerpt":{"rendered":"<p>Artesanos de municipios veracruzanos exponen sus productos durante esta semana en el Senado de la Rep\u00fablica, por gesti\u00f3n del senador H\u00e9ctor Yunes Landa. Desde el lunes 3 hasta el viernes 7 de noviembre, los artesanos expondr\u00e1n ropa de manta, cinturones, joyer\u00eda armada, artesan\u00eda en barro, puros y sombreros, adem\u00e1s de productos naturales como semillas y [&hellip;]<\/p>\n","protected":false},"author":2,"featured_media":0,"comment_status":"open","ping_status":"open","sticky":false,"template":"","format":"standard","meta":{"_jetpack_newsletter_access":"","_jetpack_dont_email_post_to_subs":false,"_jetpack_newsletter_tier_id":0,"_jetpack_memberships_contains_paywalled_content":false,"_jetpack_memberships_contains_paid_content":false,"footnotes":""},"categories":[73],"tags":[119,711],"class_list":["post-13271","post","type-post","status-publish","format-standard","hentry","category-de-boleto","tag-hector-yunes","tag-senado"],"jetpack_featured_media_url":"","jetpack_sharing_enabled":true,"jetpack_shortlink":"https:\/\/wp.me\/p4Qcd3-3s3","_links":{"self":[{"href":"https:\/\/lospoliticosveracruz.com.mx\/index.php?rest_route=\/wp\/v2\/posts\/13271","targetHints":{"allow":["GET"]}}],"collection":[{"href":"https:\/\/lospoliticosveracruz.com.mx\/index.php?rest_route=\/wp\/v2\/posts"}],"about":[{"href":"https:\/\/lospoliticosveracruz.com.mx\/index.php?rest_route=\/wp\/v2\/types\/post"}],"author":[{"embeddable":true,"href":"https:\/\/lospoliticosveracruz.com.mx\/index.php?rest_route=\/wp\/v2\/users\/2"}],"replies":[{"embeddable":true,"href":"https:\/\/lospoliticosveracruz.com.mx\/index.php?rest_route=%2Fwp%2Fv2%2Fcomments&post=13271"}],"version-history":[{"count":1,"href":"https:\/\/lospoliticosveracruz.com.mx\/index.php?rest_route=\/wp\/v2\/posts\/13271\/revisions"}],"predecessor-version":[{"id":13274,"href":"https:\/\/lospoliticosveracruz.com.mx\/index.php?rest_route=\/wp\/v2\/posts\/13271\/revisions\/13274"}],"wp:attachment":[{"href":"https:\/\/lospoliticosveracruz.com.mx\/index.php?rest_route=%2Fwp%2Fv2%2Fmedia&parent=13271"}],"wp:term":[{"taxonomy":"category","embeddable":true,"href":"https:\/\/lospoliticosveracruz.com.mx\/index.php?rest_route=%2Fwp%2Fv2%2Fcategories&post=13271"},{"taxonomy":"post_tag","embeddable":true,"href":"https:\/\/lospoliticosveracruz.com.mx\/index.php?rest_route=%2Fwp%2Fv2%2Ftags&post=13271"}],"curies":[{"name":"wp","href":"https:\/\/api.w.org\/{rel}","templated":true}]}}