{"id":132743,"date":"2024-11-19T19:37:25","date_gmt":"2024-11-20T01:37:25","guid":{"rendered":"https:\/\/lospoliticosveracruz.com.mx\/?p=132743"},"modified":"2024-11-19T19:37:58","modified_gmt":"2024-11-20T01:37:58","slug":"origenes","status":"publish","type":"post","link":"https:\/\/lospoliticosveracruz.com.mx\/?p=132743","title":{"rendered":"ORIGENES"},"content":{"rendered":"\n<p><strong>Guadalupe H. Mar<br><\/strong><em>Mira Pol\u00edtica<\/em><\/p>\n\n\n\n<p><strong>DEL MISMO BARRO<\/strong> \u2026 Tremenda rebambaramba se arm\u00f3 luego de que la Secretar\u00eda de Hacienda y Cr\u00e9dito P\u00fablico (SHCP) entreg\u00f3 a la LXVI Legislatura federal la Iniciativa de Ley de Ingresos y el Proyecto de Presupuesto de Egresos de la Federaci\u00f3n, correspondientes al Ejercicio Fiscal 2025, en el que entre otros recortes propone la disminuci\u00f3n de 10 mil 268 millones de pesos a las universidades p\u00fablicas del pa\u00eds.<br>Los que de inmediato protestaron por ese pretendido recorte presupuestal a las universidades p\u00fablicas fueron los de la Universidad Nacional Aut\u00f3noma de M\u00e9xico (UNAM), porque para ellos la disminuci\u00f3n presupuestal ser\u00eda mayor a los cinco mil millones de pesos, con lo que de inmediato ser\u00edan afectados cerca de 110 mil estudiantes provenientes de hogares con vulnerabilidad econ\u00f3mica y que por ende reciben distintos tipos de becas.<br>Coincidentemente, ese mismo d\u00eda en que la SHCP entreg\u00f3 el llamado paquete presupuestario, all\u00e1 en la Ciudad de M\u00e9xico, aqu\u00ed en el municipio de Boca del R\u00edo, en la Unidad de Servicios Bibliotecarios y de Informaci\u00f3n (USBI) del campus Mocambo de la Universidad Veracruzana (UV), se celebraba la LXVIII Asamblea General Ordinaria e informe de actividades 2023 -2024 de la secretar\u00eda general de la Confederaci\u00f3n Nacional de Trabajadores Universitarios (CONTU) que preside en el pa\u00eds el ingeniero Enrique Levet Gorospe, dirigente estatal de FESAPAUV, el Sindicato Estatal del Personal Acad\u00e9mico de la Universidad Veracruzana.<br>A\u00fan no se volv\u00eda noticia nacional e internacional el dato que el gobierno de la rep\u00fablica pretend\u00eda recortar los presupuestos a las universidades p\u00fablicas del pa\u00eds, cuando los directivos de la CONTU, en rueda de prensa previa a la asamblea, advirtieron que esperaban que la doctora Claudia Sheinbaum Pardo, presidenta de la rep\u00fablica, demostrara que como egresada de una universidad p\u00fablica, la UNAM, evitara recortarles el presupuesto a los centros universitarios.<br>Los directivos de la CONTU encabezados por el ingeniero Levet Gorospe, arremetieron tambi\u00e9n en contra de los diputados del Congreso federal, porque la mayor\u00eda, no todos, son egresados de universidades p\u00fablicas del pa\u00eds.<br>Que recuerden que tienen su alma mater, fue uno de los comentarios de los directivos de la CONTU.<br>Finalmente, y tras la protesta de la UNAM y otras universidades, la SHCP dio marcha atr\u00e1s y aclar\u00f3 que la propuesta de recorte de m\u00e1s de 10 mil millones de pesos a este sector fue un error.<br>Por ende, la CONTU fue la primera en elevar su voz para atajar cualquier pretensi\u00f3n de recorte presupuestal a las universidades del pa\u00eds.<br>A nombre de la Asociaci\u00f3n Aut\u00f3noma del Personal Acad\u00e9mico de la Universidad Nacional Aut\u00f3noma de M\u00e9xico (AAPAUNAM), habl\u00f3 en Boca del R\u00edo, su secretaria general Bertha Rodr\u00edguez S\u00e1mano, por cierto, sentada al lado del ingeniero Enrique Levet Gorospe.<br>MORALEJA\u2026. La directiva de la CONTU le record\u00f3 a los circunstancialmente gobernantes de este pa\u00eds, que son hijos de una universidad p\u00fablica y, por tanto, son sus alma mater.<br>Que, si bien actualmente tienen un cargo p\u00fablico, este es pasajero y regresar\u00e1n a sus or\u00edgenes.<br>Quien olvida su origen, olvida su identidad.<br><strong>BIEN CARGADOS <\/strong>\u2026 En la primera comparecencia como parte de la glosa del VI Informe de gobierno del ingeniero mec\u00e1nico electricista Cuitl\u00e1huac Garc\u00eda Jim\u00e9nez, le correspondi\u00f3 el turno al maestro tabasque\u00f1o Carlos Alberto Ju\u00e1rez Gil, secretario de gobierno en la entidad veracruzana.<br>Cuando se esperaba que este empezara a hablar de logros sin cifras, diputados de la oposici\u00f3n, sobre todo el priista H\u00e9ctor Yunes Landa, le describi\u00f3 la serie de propiedades con que el funcionario concluye su gesti\u00f3n.<br>Yunes Landa destac\u00f3 la capacidad de ahorro del todav\u00eda secretario de gobierno en la administraci\u00f3n estatal Ju\u00e1rez Gil, quien pas\u00f3 de alquilar una casa en cinco mil pesos mensuales, a poseer propiedades en varias ciudades veracruzanas, ranchos, una flotilla de veh\u00edculos y hasta un yate, esto en menos de dos a\u00f1os.<br><strong>QUE LA VIRGEN LOS PROTEJA<\/strong> \u2026 Con el cierre de la autopista Orizaba- Puebla, a la altura de las Cumbres de Maltrata, las peregrinaciones que en estos y los siguientes d\u00edas transitan a la Ciudad de M\u00e9xico, concretamente a la Villa de Guadalupe, ahora tienen como ruta la carretera Xalapa- Amozoc, Puebla, la misma de los cientos de tr\u00e1ileres que ahora toman esta v\u00eda alterna hacia la capital de pa\u00eds.<br>Que la virgen de Guadalupe cuide a estos peregrinos, que, si ustedes se los encuentran en su camino amables lectoras y lectores, tengan paciencia y cu\u00eddenlos para que lleguen con bien a su destino.<br>D\u00cdGALO SIN MIEDO \u2026 Al correo electr\u00f3nico guadalupehmar@gmail.com<\/p>\n","protected":false},"excerpt":{"rendered":"<p>Guadalupe H. MarMira Pol\u00edtica DEL MISMO BARRO \u2026 Tremenda rebambaramba se arm\u00f3 luego de que la Secretar\u00eda de Hacienda y Cr\u00e9dito P\u00fablico (SHCP) entreg\u00f3 a la LXVI Legislatura federal la Iniciativa de Ley de Ingresos y el Proyecto de Presupuesto de Egresos de la Federaci\u00f3n, correspondientes al Ejercicio Fiscal 2025, en el que entre otros [&hellip;]<\/p>\n","protected":false},"author":2,"featured_media":119929,"comment_status":"closed","ping_status":"closed","sticky":false,"template":"","format":"standard","meta":{"_jetpack_newsletter_access":"","_jetpack_dont_email_post_to_subs":false,"_jetpack_newsletter_tier_id":0,"_jetpack_memberships_contains_paywalled_content":false,"_jetpack_memberships_contains_paid_content":false,"footnotes":""},"categories":[70],"tags":[13652,42306,782,1606,6605],"class_list":["post-132743","post","type-post","status-publish","format-standard","has-post-thumbnail","hentry","category-de-opinion","tag-carlos-alberto-juarez-gil","tag-ejercicio-fiscal-2025","tag-fesapauv","tag-guadalupe-h-mar","tag-secretaria-de-hacienda-y-credito-publico"],"jetpack_featured_media_url":"https:\/\/lospoliticosveracruz.com.mx\/wp-content\/uploads\/2024\/03\/Lupita-Mar.jpg","jetpack_sharing_enabled":true,"jetpack_shortlink":"https:\/\/wp.me\/s4Qcd3-origenes","_links":{"self":[{"href":"https:\/\/lospoliticosveracruz.com.mx\/index.php?rest_route=\/wp\/v2\/posts\/132743","targetHints":{"allow":["GET"]}}],"collection":[{"href":"https:\/\/lospoliticosveracruz.com.mx\/index.php?rest_route=\/wp\/v2\/posts"}],"about":[{"href":"https:\/\/lospoliticosveracruz.com.mx\/index.php?rest_route=\/wp\/v2\/types\/post"}],"author":[{"embeddable":true,"href":"https:\/\/lospoliticosveracruz.com.mx\/index.php?rest_route=\/wp\/v2\/users\/2"}],"replies":[{"embeddable":true,"href":"https:\/\/lospoliticosveracruz.com.mx\/index.php?rest_route=%2Fwp%2Fv2%2Fcomments&post=132743"}],"version-history":[{"count":1,"href":"https:\/\/lospoliticosveracruz.com.mx\/index.php?rest_route=\/wp\/v2\/posts\/132743\/revisions"}],"predecessor-version":[{"id":132744,"href":"https:\/\/lospoliticosveracruz.com.mx\/index.php?rest_route=\/wp\/v2\/posts\/132743\/revisions\/132744"}],"wp:featuredmedia":[{"embeddable":true,"href":"https:\/\/lospoliticosveracruz.com.mx\/index.php?rest_route=\/wp\/v2\/media\/119929"}],"wp:attachment":[{"href":"https:\/\/lospoliticosveracruz.com.mx\/index.php?rest_route=%2Fwp%2Fv2%2Fmedia&parent=132743"}],"wp:term":[{"taxonomy":"category","embeddable":true,"href":"https:\/\/lospoliticosveracruz.com.mx\/index.php?rest_route=%2Fwp%2Fv2%2Fcategories&post=132743"},{"taxonomy":"post_tag","embeddable":true,"href":"https:\/\/lospoliticosveracruz.com.mx\/index.php?rest_route=%2Fwp%2Fv2%2Ftags&post=132743"}],"curies":[{"name":"wp","href":"https:\/\/api.w.org\/{rel}","templated":true}]}}