{"id":132755,"date":"2024-11-19T19:27:52","date_gmt":"2024-11-20T01:27:52","guid":{"rendered":"https:\/\/lospoliticosveracruz.com.mx\/?p=132755"},"modified":"2024-11-19T19:28:00","modified_gmt":"2024-11-20T01:28:00","slug":"cuitlahuac-nos-endeuda-hasta-el-2031","status":"publish","type":"post","link":"https:\/\/lospoliticosveracruz.com.mx\/?p=132755","title":{"rendered":"CUITL\u00c1HUAC NOS ENDEUDA HASTA EL 2031!"},"content":{"rendered":"\n<p><\/p>\n\n\n\n<p>Durante la comparecencia del secretario de Finanzas y Planeaci\u00f3n, Jos\u00e9 Luis Lima Franco, ante el Congreso del Estado, la diputada Indira Rosales San Rom\u00e1n cuestion\u00f3 las acciones financieras realizadas por la actual administraci\u00f3n estatal, acusando al gobierno de Cuitl\u00e1huac Garc\u00eda de endeudar a los veracruzanos hasta el 2031.<\/p>\n\n\n\n<p>La diputada se\u00f1al\u00f3 que el gobierno estatal recurri\u00f3 a un vac\u00edo legal para reestructurar la deuda p\u00fablica sin transparentar los t\u00e9rminos de los bonos cup\u00f3n cero utilizados como instrumento de deuda.<br>Al ser cuestionado sobre la autorizacion del Congreso Local, el Secretario realizo una interpretaci\u00f3n de la Ley de Coordinaci\u00f3n Fiscal en la cual se baso para endeudar a los veracruzanos mas alla del periodo de Cuitlahuac Garcia reconociendo que de esa forma liberaron recursos para la actual administraci\u00f3n.<\/p>\n\n\n\n<p>Asimismo, critic\u00f3 la falta de informaci\u00f3n sobre las tasas de inter\u00e9s y los plazos reales de esta deuda, calific\u00e1ndola como \u201coculta\u201d.<\/p>\n\n\n\n<p>Cifras inconsistentes<\/p>\n\n\n\n<p>Indira Rosales destac\u00f3 la discrepancia en las cifras presentadas por el secretario Lima Franco, quien afirm\u00f3 que la deuda estatal asciende a 47 mil 775 millones de pesos, mientras que otros informes apuntan montos superiores a 50 mil millones. La diputada afirm\u00f3 que esta variabilidad genera desconfianza y refleja una falta de claridad en la administraci\u00f3n financiera del estado.<\/p>\n\n\n\n<p>La diputada insisti\u00f3 en que la falta de transparencia y la ausencia de una autorizaci\u00f3n formal para la reestructuraci\u00f3n representan una traici\u00f3n a los principios que la actual administraci\u00f3n prometi\u00f3 defender. Adem\u00e1s, cuestion\u00f3 los riesgos de los bonos cup\u00f3n cero, afirmando que no se sabe a qui\u00e9n se debe pagar ni cu\u00e1l ser\u00e1 el costo final de esta deuda para el estado.<\/p>\n\n\n\n<p>Concluy\u00f3 se\u00f1alando que este tipo de pr\u00e1cticas opacas contradicen los ideales de la llamada \u201ctransformaci\u00f3n\u201d y reiter\u00f3 su exigencia de claridad y rendici\u00f3n de cuentas en el manejo de las finanzas p\u00fablicas.<\/p>\n\n\n\n<p>Entrega simb\u00f3lica de un \u00e1baco<\/p>\n\n\n\n<p>Durante su intervenci\u00f3n, la legisladora entreg\u00f3 un \u00e1baco al secretario de Finanzas como un gesto ir\u00f3nico, sugiriendo que el instrumento podr\u00eda ayudarle a aclarar las cuentas p\u00fablicas y a coordinarse con el gobernador.<\/p>\n","protected":false},"excerpt":{"rendered":"<p>Durante la comparecencia del secretario de Finanzas y Planeaci\u00f3n, Jos\u00e9 Luis Lima Franco, ante el Congreso del Estado, la diputada Indira Rosales San Rom\u00e1n cuestion\u00f3 las acciones financieras realizadas por la actual administraci\u00f3n estatal, acusando al gobierno de Cuitl\u00e1huac Garc\u00eda de endeudar a los veracruzanos hasta el 2031. La diputada se\u00f1al\u00f3 que el gobierno estatal [&hellip;]<\/p>\n","protected":false},"author":2,"featured_media":0,"comment_status":"closed","ping_status":"closed","sticky":false,"template":"","format":"standard","meta":{"_jetpack_newsletter_access":"","_jetpack_dont_email_post_to_subs":false,"_jetpack_newsletter_tier_id":0,"_jetpack_memberships_contains_paywalled_content":false,"_jetpack_memberships_contains_paid_content":false,"footnotes":""},"categories":[73],"tags":[13713],"class_list":["post-132755","post","type-post","status-publish","format-standard","hentry","category-de-boleto","tag-jose-luis-lima-franco"],"jetpack_featured_media_url":"","jetpack_sharing_enabled":true,"jetpack_shortlink":"https:\/\/wp.me\/p4Qcd3-yxd","_links":{"self":[{"href":"https:\/\/lospoliticosveracruz.com.mx\/index.php?rest_route=\/wp\/v2\/posts\/132755","targetHints":{"allow":["GET"]}}],"collection":[{"href":"https:\/\/lospoliticosveracruz.com.mx\/index.php?rest_route=\/wp\/v2\/posts"}],"about":[{"href":"https:\/\/lospoliticosveracruz.com.mx\/index.php?rest_route=\/wp\/v2\/types\/post"}],"author":[{"embeddable":true,"href":"https:\/\/lospoliticosveracruz.com.mx\/index.php?rest_route=\/wp\/v2\/users\/2"}],"replies":[{"embeddable":true,"href":"https:\/\/lospoliticosveracruz.com.mx\/index.php?rest_route=%2Fwp%2Fv2%2Fcomments&post=132755"}],"version-history":[{"count":1,"href":"https:\/\/lospoliticosveracruz.com.mx\/index.php?rest_route=\/wp\/v2\/posts\/132755\/revisions"}],"predecessor-version":[{"id":132757,"href":"https:\/\/lospoliticosveracruz.com.mx\/index.php?rest_route=\/wp\/v2\/posts\/132755\/revisions\/132757"}],"wp:attachment":[{"href":"https:\/\/lospoliticosveracruz.com.mx\/index.php?rest_route=%2Fwp%2Fv2%2Fmedia&parent=132755"}],"wp:term":[{"taxonomy":"category","embeddable":true,"href":"https:\/\/lospoliticosveracruz.com.mx\/index.php?rest_route=%2Fwp%2Fv2%2Fcategories&post=132755"},{"taxonomy":"post_tag","embeddable":true,"href":"https:\/\/lospoliticosveracruz.com.mx\/index.php?rest_route=%2Fwp%2Fv2%2Ftags&post=132755"}],"curies":[{"name":"wp","href":"https:\/\/api.w.org\/{rel}","templated":true}]}}