{"id":13280,"date":"2014-11-05T19:58:49","date_gmt":"2014-11-06T01:58:49","guid":{"rendered":"http:\/\/www.lospoliticosveracruz.com.mx\/?p=13280"},"modified":"2014-11-05T19:58:49","modified_gmt":"2014-11-06T01:58:49","slug":"a-que-se-van-a-comprometer","status":"publish","type":"post","link":"https:\/\/lospoliticosveracruz.com.mx\/?p=13280","title":{"rendered":"\u00bfA qu\u00e9 se van a comprometer?"},"content":{"rendered":"<p><a href=\"http:\/\/www.lospoliticosveracruz.com.mx\/wp-content\/uploads\/2014\/11\/Palacio.jpg\"><img loading=\"lazy\" decoding=\"async\" class=\"alignnone size-medium wp-image-13282\" src=\"http:\/\/www.lospoliticosveracruz.com.mx\/wp-content\/uploads\/2014\/11\/Palacio-300x216.jpg\" alt=\"Palacio\" width=\"300\" height=\"216\" \/><\/a><\/p>\n<p><strong>Ricardo V\u00e1zquez Salazar<\/strong><\/p>\n<p><em>Esfera Pol\u00edtica<\/em><\/p>\n<p>&nbsp;<\/p>\n<p>El sistema pol\u00edtico en nuestro pa\u00eds hoy funciona en el rezago, en contrariedades. Con una clase gobernante acostumbrada a actuar de mon\u00f3logo, mas no de dialogo; que obedece \u00fanicamente a intereses personales y de grupo. Con una sociedad obstinadamente cerrada sobre s\u00ed misma, que a partir de los hechos de Ayotzinapa hoy se abre y se encara a la realidad que la trasciende; se funde en un proceso de metamorfosis obligada.<\/p>\n<p>La juventud est\u00e1 encabezando esta causa ineludible de transformaci\u00f3n. Cientos de miles de universitarios de todo el pa\u00eds se han sumado al paro de 72 horas convocado a nivel nacional, en protesta por la desaparici\u00f3n de los 43 estudiantes de la Normal Rural \u201cRa\u00fal Isidro Burgos\u201d. Instituciones de Educaci\u00f3n Superior de Guerrero, Oaxaca, Michoac\u00e1n, Quer\u00e9taro, Hidalgo, Morelos, Zacatecas, Veracruz, Coahuila, Nayarit y varios m\u00e1s no tendr\u00e1n clases como medida de protesta por los hechos ocurridos en Guerrero. Alumnos del Tecnol\u00f3gico de Monterrey han convocado a quienes se quieran sumar a realizar una mesa para generar propuestas de acci\u00f3n para apoyar a los normalistas. En la Universidad Iberoamericana este jueves se llev\u00f3 a cabo una celebraci\u00f3n Eucar\u00edstica por los desaparecidos.<\/p>\n<p>Las c\u00fapulas partidistas reaccionan tarde ante los hechos, posiblemente ya se percataron \u2013esperemos as\u00ed sea- que M\u00e9xico ya no es el mismo desde hace 41 d\u00edas en que desaparecieron a los 43 estudiantes normalistas; de la gravedad de lo que est\u00e1 ocurriendo en nuestro pa\u00eds. L\u00edderes de distintos colores dise\u00f1an de otro Pacto, hoy en contra de la violencia; hablan de una \u201cenorme preocupaci\u00f3n\u201d y de sumarse para crear un acuerdo que permita crear pol\u00edticas y medidas para consolidar la paz y tranquilidad en M\u00e9xico; \u201cun esfuerzo conjunto\u201d para evitar la impunidad y poder seguir creciendo econ\u00f3micamente.<\/p>\n<p>\u00a1Ay aj\u00e1!<\/p>\n<p>Dicen los j\u00f3venes hoy en d\u00eda.<\/p>\n<p>\u00bfA qu\u00e9 se van a comprometer esta vez los partidos?<\/p>\n<p>Es la pregunta que se hace la ciudadan\u00eda.<\/p>\n<p>As\u00ed como la \u201cpareja imperial\u201d de Iguala, hoy interrogada por la PGR, no se puede descartar que pudieran existir m\u00e1s casos, en Veracruz y en otras entidades, donde se ha arraigado la violencia, son fuertes los se\u00f1alamientos de que las autoridades les abrieron las puertas al crimen organizado; alcaldes o exalcaldes han estado bajo las \u00f3rdenes de los delincuentes, estos siguen disfrutando de absoluta impunidad; solapados para no manchar la imagen de un partido. Es com\u00fan que municipios donde el secuestro y las extorsiones siguen siendo el azote de la poblaci\u00f3n, sus alcaldes prefieren hacer mutis, por no causar incomodidad oficial.<\/p>\n<p>Las denuncias interpuestas por autoridades de los Estados Unidos en las que se\u00f1alan a exgobernadores de distintos partidos pol\u00edticos de estar involucrados con el crimen organizado, nunca han prosperado. Adem\u00e1s del indiscriminado saqueo que hicieron en arcas estatales.<\/p>\n<p>Corrupci\u00f3n e impunidad, son los t\u00e9rminos clave del nuevo pacto que habr\u00e1n de firmar.<\/p>\n<p>Ya se ver\u00e1 hasta d\u00f3nde est\u00e1n dispuestos a llegar esta vez los partidos pol\u00edticos. Si en realidad har\u00e1n algo para sostener al Estado de Derecho en nuestro pa\u00eds; por evitar que los \u00e1nimos se sigan desbordando, o arrojar\u00e1n m\u00e1s le\u00f1a a la hoguera.<\/p>\n<p>&nbsp;<\/p>\n<p>LOS QUE SIGUEN VIVIENDO en el M\u00e9xico antiguo, fuera de la realidad, son los de la franquicia llamada Partido Verde.<\/p>\n<p>\u00bfCuantos millones de pesos han estado gastando diariamente desde hace varias semanas en promocionar sus \u201clogros\u201d, las senadoras y los diputados del Verde en televisi\u00f3n nacional?<\/p>\n<p>Si tan s\u00f3lo un anuncio de 20 segundos en horario estelar, entre 9 y 10 de la noche del Canal 2 de Televisa, de lunes a viernes costaba desde 1.1 millones de pesos durante el primer trimestre de 2014, hasta 1.4 millones de pesos en el cuarto trimestre del a\u00f1o, de acuerdo con las tarifas publicadas por la televisora. Al igual que en Televisa, los anuncios del Partido Verde tambi\u00e9n aparecen en otras televisoras, aunque las tarifas son menores, en conjunto, ya podemos tener una idea del monstruoso gasto por publicidad que est\u00e1n haciendo.<\/p>\n<p>\u00bfCu\u00e1ntas escuelas y hospitales se podr\u00edan construir con todo ese dinero?<\/p>\n<p>rvazquez002@yahoo.com.mx<\/p>\n","protected":false},"excerpt":{"rendered":"<p>Ricardo V\u00e1zquez Salazar Esfera Pol\u00edtica &nbsp; El sistema pol\u00edtico en nuestro pa\u00eds hoy funciona en el rezago, en contrariedades. Con una clase gobernante acostumbrada a actuar de mon\u00f3logo, mas no de dialogo; que obedece \u00fanicamente a intereses personales y de grupo. Con una sociedad obstinadamente cerrada sobre s\u00ed misma, que a partir de los hechos [&hellip;]<\/p>\n","protected":false},"author":2,"featured_media":0,"comment_status":"open","ping_status":"open","sticky":false,"template":"","format":"standard","meta":{"_jetpack_newsletter_access":"","_jetpack_dont_email_post_to_subs":false,"_jetpack_newsletter_tier_id":0,"_jetpack_memberships_contains_paywalled_content":false,"_jetpack_memberships_contains_paid_content":false,"footnotes":""},"categories":[70],"tags":[101,718,719,463],"class_list":["post-13280","post","type-post","status-publish","format-standard","hentry","category-de-opinion","tag-ayotzinapa","tag-pacto","tag-pareja-imperial","tag-violencia"],"jetpack_featured_media_url":"","jetpack_sharing_enabled":true,"jetpack_shortlink":"https:\/\/wp.me\/p4Qcd3-3sc","_links":{"self":[{"href":"https:\/\/lospoliticosveracruz.com.mx\/index.php?rest_route=\/wp\/v2\/posts\/13280","targetHints":{"allow":["GET"]}}],"collection":[{"href":"https:\/\/lospoliticosveracruz.com.mx\/index.php?rest_route=\/wp\/v2\/posts"}],"about":[{"href":"https:\/\/lospoliticosveracruz.com.mx\/index.php?rest_route=\/wp\/v2\/types\/post"}],"author":[{"embeddable":true,"href":"https:\/\/lospoliticosveracruz.com.mx\/index.php?rest_route=\/wp\/v2\/users\/2"}],"replies":[{"embeddable":true,"href":"https:\/\/lospoliticosveracruz.com.mx\/index.php?rest_route=%2Fwp%2Fv2%2Fcomments&post=13280"}],"version-history":[{"count":1,"href":"https:\/\/lospoliticosveracruz.com.mx\/index.php?rest_route=\/wp\/v2\/posts\/13280\/revisions"}],"predecessor-version":[{"id":13283,"href":"https:\/\/lospoliticosveracruz.com.mx\/index.php?rest_route=\/wp\/v2\/posts\/13280\/revisions\/13283"}],"wp:attachment":[{"href":"https:\/\/lospoliticosveracruz.com.mx\/index.php?rest_route=%2Fwp%2Fv2%2Fmedia&parent=13280"}],"wp:term":[{"taxonomy":"category","embeddable":true,"href":"https:\/\/lospoliticosveracruz.com.mx\/index.php?rest_route=%2Fwp%2Fv2%2Fcategories&post=13280"},{"taxonomy":"post_tag","embeddable":true,"href":"https:\/\/lospoliticosveracruz.com.mx\/index.php?rest_route=%2Fwp%2Fv2%2Ftags&post=13280"}],"curies":[{"name":"wp","href":"https:\/\/api.w.org\/{rel}","templated":true}]}}