{"id":132917,"date":"2024-11-22T12:32:09","date_gmt":"2024-11-22T18:32:09","guid":{"rendered":"https:\/\/lospoliticosveracruz.com.mx\/?p=132917"},"modified":"2024-11-22T12:32:32","modified_gmt":"2024-11-22T18:32:32","slug":"hay-que-enamorar-al-mundo","status":"publish","type":"post","link":"https:\/\/lospoliticosveracruz.com.mx\/?p=132917","title":{"rendered":"HAY QUE ENAMORAR AL MUNDO!"},"content":{"rendered":"\n<p><\/p>\n\n\n\n<p><strong>Enrique Yasser Pompeyo<\/strong><\/p>\n\n\n\n<p>El nuevo Consejo Directivo de la Uni\u00f3n de Empresarios Hoteleros, Regi\u00f3n Cultura y Aventura, ofreci\u00f3 trabajar en unidad con el nuevo gobierno estatal, as\u00ed como con las c\u00e1maras y asociaciones, para poner a Veracruz de moda y enamorar al mundo.<\/p>\n\n\n\n<p>La nueva presidenta X\u00f3chitl Guzm\u00e1n Segundo expuso: \u00abmi objetivo principal es consolidar la unidad dentro de la UNEH y la Secretar\u00eda de Turismo, trabajando de la mano con el equipo de la Gobernadora entrante y con todas las c\u00e1maras y asociaciones\u00bb.<\/p>\n\n\n\n<p>Al subrayar que es un orgullo que la planilla est\u00e9 conformada totalmente por mujeres y representen diferentes regiones del Estado, dijo estar segura que juntas lograr\u00e1n hacer historia.<\/p>\n\n\n\n<p>\u00abQue nuestros objetivos comunes se conviertan en realidades y logros para todo el sector\u00bb.<\/p>\n\n\n\n<p>Asimismo, manifest\u00f3 que este esfuerzo conjunto es esencial para poner a Veracruz en el mapa, proyect\u00e1ndolo como un destino lleno de cultura, naturaleza y tradici\u00f3n.<\/p>\n\n\n\n<p>\u00abNuestra misi\u00f3n no solo se centra en la promoci\u00f3n, sino tambi\u00e9n en el fortalecimiento del sector. Por ello, daremos seguimiento a programas de capacitaci\u00f3n y desarrollo continuo, asegur\u00e1ndonos de que quienes forman parte de esta industria cuenten con las herramientas y conocimientos necesarios para enfrentar los desaf\u00edos actuales y futuros\u00bb.<\/p>\n\n\n\n<p>X\u00f3chitl Guzm\u00e1n Segundo agreg\u00f3 que juntos, con el compromiso de todos los sectores y el respaldo de los aliados, lograr\u00e1n grandes resultados. \u00abVeracruz est\u00e1 listo para recibir y enamorar al mundo\u00bb.<\/p>\n\n\n\n<p>La empresaria record\u00f3 las palabras de Roc\u00edo Nahle Garc\u00eda, \u00abcomo bien dice nuestra pr\u00f3xima Gobernadora: pongamos a Veracruz de moda\u00bb.<\/p>\n\n\n\n<p>Cabe mencionar que la Uni\u00f3n de Empresarios Hoteleros de la Regi\u00f3n Cultura y Aventura representa a los municipios de Xalapa, Coatepec, Jalcomulco, Xico, Naolinco, Alto Lucero, Actopan, \u00darsulo Galv\u00e1n y Apazapan.<\/p>\n","protected":false},"excerpt":{"rendered":"<p>Enrique Yasser Pompeyo El nuevo Consejo Directivo de la Uni\u00f3n de Empresarios Hoteleros, Regi\u00f3n Cultura y Aventura, ofreci\u00f3 trabajar en unidad con el nuevo gobierno estatal, as\u00ed como con las c\u00e1maras y asociaciones, para poner a Veracruz de moda y enamorar al mundo. La nueva presidenta X\u00f3chitl Guzm\u00e1n Segundo expuso: \u00abmi objetivo principal es consolidar [&hellip;]<\/p>\n","protected":false},"author":2,"featured_media":0,"comment_status":"closed","ping_status":"closed","sticky":false,"template":"","format":"standard","meta":{"_jetpack_newsletter_access":"","_jetpack_dont_email_post_to_subs":false,"_jetpack_newsletter_tier_id":0,"_jetpack_memberships_contains_paywalled_content":false,"_jetpack_memberships_contains_paid_content":false,"footnotes":""},"categories":[6446],"tags":[],"class_list":["post-132917","post","type-post","status-publish","format-standard","hentry","category-la-nota"],"jetpack_featured_media_url":"","jetpack_sharing_enabled":true,"jetpack_shortlink":"https:\/\/wp.me\/p4Qcd3-yzP","_links":{"self":[{"href":"https:\/\/lospoliticosveracruz.com.mx\/index.php?rest_route=\/wp\/v2\/posts\/132917","targetHints":{"allow":["GET"]}}],"collection":[{"href":"https:\/\/lospoliticosveracruz.com.mx\/index.php?rest_route=\/wp\/v2\/posts"}],"about":[{"href":"https:\/\/lospoliticosveracruz.com.mx\/index.php?rest_route=\/wp\/v2\/types\/post"}],"author":[{"embeddable":true,"href":"https:\/\/lospoliticosveracruz.com.mx\/index.php?rest_route=\/wp\/v2\/users\/2"}],"replies":[{"embeddable":true,"href":"https:\/\/lospoliticosveracruz.com.mx\/index.php?rest_route=%2Fwp%2Fv2%2Fcomments&post=132917"}],"version-history":[{"count":2,"href":"https:\/\/lospoliticosveracruz.com.mx\/index.php?rest_route=\/wp\/v2\/posts\/132917\/revisions"}],"predecessor-version":[{"id":132920,"href":"https:\/\/lospoliticosveracruz.com.mx\/index.php?rest_route=\/wp\/v2\/posts\/132917\/revisions\/132920"}],"wp:attachment":[{"href":"https:\/\/lospoliticosveracruz.com.mx\/index.php?rest_route=%2Fwp%2Fv2%2Fmedia&parent=132917"}],"wp:term":[{"taxonomy":"category","embeddable":true,"href":"https:\/\/lospoliticosveracruz.com.mx\/index.php?rest_route=%2Fwp%2Fv2%2Fcategories&post=132917"},{"taxonomy":"post_tag","embeddable":true,"href":"https:\/\/lospoliticosveracruz.com.mx\/index.php?rest_route=%2Fwp%2Fv2%2Ftags&post=132917"}],"curies":[{"name":"wp","href":"https:\/\/api.w.org\/{rel}","templated":true}]}}