{"id":132925,"date":"2024-11-22T13:37:08","date_gmt":"2024-11-22T19:37:08","guid":{"rendered":"https:\/\/lospoliticosveracruz.com.mx\/?p=132925"},"modified":"2024-11-22T13:38:04","modified_gmt":"2024-11-22T19:38:04","slug":"alzan-la-mano-bases-morena-ez","status":"publish","type":"post","link":"https:\/\/lospoliticosveracruz.com.mx\/?p=132925","title":{"rendered":"ALZAN LA MANO BASES MORENA EZ!"},"content":{"rendered":"\n<p><\/p>\n\n\n\n<p>Los tiempos de la elecci\u00f3n comienzan apretar al partido Morena y con ello a cada grupo de la militancia que buscar\u00e1 un espacio para participar en el proceso de renovaci\u00f3n de alcald\u00edas 2025.<\/p>\n\n\n\n<p>El municipio de Emiliano Zapata, d\u00f3nde gobierna Erick Ruiz, es uno de ellos. Ah\u00ed ya se cuecen habas entre varios grupos que est\u00e1n alzando la mano para ser tomados en cuenta, algunos caminan para ser reconocidos, otros se pegan como r\u00e9moras a los l\u00edderes de ese distrito, esperando as\u00ed ser ungidos, prometiendo que son los mejores perfiles o las mejores tapaderas del gobierno saliente.<\/p>\n\n\n\n<p>Hay varios casos, y aunque la mayor\u00eda tiene en com\u00fan su asistencia a las Asambleas Informativas del Movimiento, la realidad es que muy pocos realmente caminan el municipio y sus localidades para estrechar la mano de la gente e informar sobre las acciones de su partido.<\/p>\n\n\n\n<p>Aunque en algunas notas informativas se ha ventilado el inter\u00e9s de mujeres y hombres interesados en participar en el proceso electoral, se est\u00e1n olvidando de un grupo muy importante en ese municipio fundado desde el obradorismo, fiel a los principios de \u00a1No mentir, no robar y no traicionar al pueblo!<\/p>\n\n\n\n<p>Esas son las Bases Morena de Emiliano Zapata, acostumbrados a estar a ras de piso y mantener cercan\u00eda con la gente de las localidades. Este grupo conformado por mujeres y hombres representan como su nombre lo indica las bases de un Movimiento de Regeneraci\u00f3n Nacional leal a la transformaci\u00f3n del pa\u00eds, del Estado y su municipio.<\/p>\n\n\n\n<p>S\u00ed nos basamos en la publicaci\u00f3n del pasado septiembre de la pr\u00f3xima gobernadora de Veracruz, Roc\u00edo Nahle Garc\u00eda, en la que asegur\u00f3 justamente que las bases de Morena se respetan; los perfiles adelantados por el municipio de Emiliano Zapata no deben olvidarse de Lucero Mar\u00edn y el Profesor Cecilio Gonz\u00e1lez, cuyos perfiles encajan perfectamente con lo se\u00f1alado por qui\u00e9n ser\u00e1 la primera mandataria en Veracruz.<\/p>\n\n\n\n<p>Con m\u00e1s de una d\u00e9cada de trabajo y resultados no solo en la ciudad, tambi\u00e9n en el Distrito, esta dupla no debe ser f\u00e1cilmente descartada pues el apoyo de las bases Morena, lo tienen.<\/p>\n\n\n\n<p>Estaremos compartiendo m\u00e1s de ellos en una siguiente entrega\u2026 Al Tiempo.<\/p>\n","protected":false},"excerpt":{"rendered":"<p>Los tiempos de la elecci\u00f3n comienzan apretar al partido Morena y con ello a cada grupo de la militancia que buscar\u00e1 un espacio para participar en el proceso de renovaci\u00f3n de alcald\u00edas 2025. El municipio de Emiliano Zapata, d\u00f3nde gobierna Erick Ruiz, es uno de ellos. Ah\u00ed ya se cuecen habas entre varios grupos que [&hellip;]<\/p>\n","protected":false},"author":2,"featured_media":0,"comment_status":"closed","ping_status":"closed","sticky":false,"template":"","format":"standard","meta":{"_jetpack_newsletter_access":"","_jetpack_dont_email_post_to_subs":false,"_jetpack_newsletter_tier_id":0,"_jetpack_memberships_contains_paywalled_content":false,"_jetpack_memberships_contains_paid_content":false,"footnotes":""},"categories":[72],"tags":[28808,42328,42329],"class_list":["post-132925","post","type-post","status-publish","format-standard","hentry","category-palomazos","tag-erick-ruiz","tag-lucero-marin","tag-profesor-cecilio-gonzalez"],"jetpack_featured_media_url":"","jetpack_sharing_enabled":true,"jetpack_shortlink":"https:\/\/wp.me\/p4Qcd3-yzX","_links":{"self":[{"href":"https:\/\/lospoliticosveracruz.com.mx\/index.php?rest_route=\/wp\/v2\/posts\/132925","targetHints":{"allow":["GET"]}}],"collection":[{"href":"https:\/\/lospoliticosveracruz.com.mx\/index.php?rest_route=\/wp\/v2\/posts"}],"about":[{"href":"https:\/\/lospoliticosveracruz.com.mx\/index.php?rest_route=\/wp\/v2\/types\/post"}],"author":[{"embeddable":true,"href":"https:\/\/lospoliticosveracruz.com.mx\/index.php?rest_route=\/wp\/v2\/users\/2"}],"replies":[{"embeddable":true,"href":"https:\/\/lospoliticosveracruz.com.mx\/index.php?rest_route=%2Fwp%2Fv2%2Fcomments&post=132925"}],"version-history":[{"count":2,"href":"https:\/\/lospoliticosveracruz.com.mx\/index.php?rest_route=\/wp\/v2\/posts\/132925\/revisions"}],"predecessor-version":[{"id":132928,"href":"https:\/\/lospoliticosveracruz.com.mx\/index.php?rest_route=\/wp\/v2\/posts\/132925\/revisions\/132928"}],"wp:attachment":[{"href":"https:\/\/lospoliticosveracruz.com.mx\/index.php?rest_route=%2Fwp%2Fv2%2Fmedia&parent=132925"}],"wp:term":[{"taxonomy":"category","embeddable":true,"href":"https:\/\/lospoliticosveracruz.com.mx\/index.php?rest_route=%2Fwp%2Fv2%2Fcategories&post=132925"},{"taxonomy":"post_tag","embeddable":true,"href":"https:\/\/lospoliticosveracruz.com.mx\/index.php?rest_route=%2Fwp%2Fv2%2Ftags&post=132925"}],"curies":[{"name":"wp","href":"https:\/\/api.w.org\/{rel}","templated":true}]}}