{"id":13299,"date":"2014-11-05T22:04:53","date_gmt":"2014-11-06T04:04:53","guid":{"rendered":"http:\/\/www.lospoliticosveracruz.com.mx\/?p=13299"},"modified":"2014-11-05T22:04:53","modified_gmt":"2014-11-06T04:04:53","slug":"crezcamos-en-veracruz","status":"publish","type":"post","link":"https:\/\/lospoliticosveracruz.com.mx\/?p=13299","title":{"rendered":"Crezcamos en Veracruz"},"content":{"rendered":"<p><a href=\"http:\/\/www.lospoliticosveracruz.com.mx\/wp-content\/uploads\/2014\/11\/gobernador.jpg\"><img loading=\"lazy\" decoding=\"async\" class=\"alignnone size-medium wp-image-13301\" src=\"http:\/\/www.lospoliticosveracruz.com.mx\/wp-content\/uploads\/2014\/11\/gobernador-300x174.jpg\" alt=\"gobernador\" width=\"300\" height=\"174\" \/><\/a><\/p>\n<p><strong>Brenda Caballero<\/strong><br \/>\n<em>N\u00fameros Rojos<\/em><\/p>\n<p>Mientras los valet parking del Hotel Crowne Plaza no se daban abasto con los invitados que llegaban en lujosas camionetas, de las cuales descend\u00edan caballeros con trajes y damas con vestidos y tacones, los que contrastaban con un grupo de comerciantes ambulantes. A estos \u00faltimos los hab\u00edan citado desde las ocho y media de la ma\u00f1ana, a pesar de que la presentaci\u00f3n de \u201cCrezcamos Juntos \u00a1Ser Formal Conviene!\u201d en Veracruz, estaba programada a las diez horas. Por eso, sus l\u00edderes sindicales llegaron media hora antes del inicio.<br \/>\nLa presentaci\u00f3n fue en el sal\u00f3n Olmeca, pues se ten\u00eda prevista la asistencia de 500 invitados, quienes poco a poco iban ingresando al lugar, aunque el sal\u00f3n ya marcaba un lleno total. Y bueno, no era porque todos quisieran entrarle a la formalidad y pagar impuestos, sino porque los empleados de la Secretar\u00eda de Finanzas y Planeaci\u00f3n, los del Sistema de Administraci\u00f3n Tributaria Xalapa y los del Ayuntamiento de Xalapa, ya ocupaban dichos asientos.<br \/>\nAunque al ver que llegaban m\u00e1s invitados de \u00edndole empresarial, l\u00edderes sindicales, comerciantes, maestros de la Universidad Veracruzana y hasta alumnos elegantemente vestidos de la Universidad del Golfo de M\u00e9xico, les pidieron que desalojaran las sillas y se regresaran a sus oficinas.<br \/>\nLos miembros del pres\u00eddium llegaban discretamente: Erik Porres Blesa, Mauricio Audirac, Antonio Ben\u00edtez Lucho. No as\u00ed el diputado Alejandro Montano Guzm\u00e1n, quien lleg\u00f3 mascando chicle y partiendo plaza saludando a los presentes, como si estuviera en campa\u00f1a.<br \/>\nVeinte minutos pasados de las diez y ante la impaciencia de los presentes, una voz anunciaba por fin la llegada del gobernador Javier Duarte de Ochoa, acompa\u00f1ado por el titular del Servicio de Administraci\u00f3n Tributaria Arist\u00f3teles N\u00fa\u00f1ez S\u00e1nchez y el alcalde de Xalapa, Am\u00e9rico Z\u00fa\u00f1iga Mart\u00ednez, entre otros.<br \/>\nAm\u00e9rico Z\u00fa\u00f1iga fue el encargado de dar la bienvenida y manifestar que Xalapa estaba atenta a sumarse al programa del presidente Enrique Pe\u00f1a Nieto para impulsar la econom\u00eda local.<br \/>\nPosteriormente se transmiti\u00f3 un video sobre el programa Crezcamos Juntos, para concientizar a la poblaci\u00f3n que se encuentra en la informalidad y que no paga impuestos, e incorporarse y obtener beneficios como un cr\u00e9dito para vivienda, seguro social, apoyos para negocios, financiamiento para las empresas y cr\u00e9ditos al consumo.<br \/>\nAl finalizar la transmisi\u00f3n, toc\u00f3 el turno al delegado del IMSS en Veracruz, Antonio Ben\u00edtez, quien mencion\u00f3 a grandes rasgos los beneficios de obtener servicios de salud. Su discurso fue m\u00e1s pol\u00edtico, a diferencia del que dio el delegado del Infonavit en Veracruz, Rogelio Santos Elizondo, quien fue m\u00e1s espec\u00edfico en c\u00f3mo obtener un cr\u00e9dito para vivienda.<br \/>\nFue el turno para el hombre Clave de Crezcamos Juntos, Arist\u00f3teles N\u00fa\u00f1ez, quien en un discurso algo extenso, pues fueron aproximadamente 20 minutos, toc\u00f3 cifras de suma importancia, como lo recabado por el Inegi, al decir que son aproximadamente 28.6 millones de personas que se encuentran en la informalidad, cifra semejante a la poblaci\u00f3n de Chile o a cuatro veces la poblaci\u00f3n de Veracruz.<br \/>\nAsimismo, extern\u00f3 su preocupaci\u00f3n por esas personas que est\u00e1n en la informalidad pues no tienen acceso a servicios de salud, a cotizar para una vivienda, tienen obst\u00e1culos para acceder a pr\u00e9stamos de la banca comercial porque no tienen manera de comprobar ingresos.<br \/>\nMencion\u00f3 que 75 de cada 100 de ellos, sus ingresos no rebasan 6 mil pesos al mes (ingresos, no utilidades) y con eso llevan el sustento a sus hogares. Es para ellos esta estrategia de Crezcamos Juntos para que puedan tener esos beneficios que tienen quienes s\u00ed son formales o que cuentan con un empleo.<br \/>\nN\u00fa\u00f1ez sigui\u00f3 mencionando los beneficios del R\u00e9gimen de Incorporaci\u00f3n Fiscal, aunque creo se hizo un silencio mayor cuando se refiri\u00f3 a los 2.2 millones de mexicanas que prestan servicios dom\u00e9sticos y donde el due\u00f1o de la casa tiene la obligaci\u00f3n de ofrecerle la prestaci\u00f3n social, pues se\u00f1al\u00f3 a los all\u00ed presentes, empresarios, servidores p\u00fablicos, representantes populares, legisladores, que seguramente tienen a alguien en su casa que les presta ese servicio, que tienen la obligaci\u00f3n no de hoy, sino de siempre, de llevarlos a la formalidad y ofrecerles el servicio m\u00e9dico y dem\u00e1s prestaciones.<br \/>\nPor \u00faltimo mencion\u00f3 que a pesar de que la herramienta Mis Cuentas entr\u00f3 en vigor a partir del 1 de enero de este a\u00f1o, ya se emitieron 5 millones de facturas; se presentaron 5.4 millones de declaraciones lo que equivaldr\u00eda a 10 mil 300 millones de pesos recaudados, si no se hubiese condonado esos impuestos; ser\u00eda tres veces m\u00e1s de lo recaudado en el R\u00e9gimen de Repeco del a\u00f1o pasado en todo el pa\u00eds.<br \/>\nAntes de retirarse, no pod\u00eda faltar la frase \u201cEstamos transformando a M\u00e9xico\u201d.<br \/>\nEl gobernador Javier Duarte fue el encargado de cerrar el evento con su discurso. Empez\u00f3 hablando de la importancia de la econom\u00eda en el pa\u00eds, agradeci\u00f3 a Arist\u00f3teles N\u00fa\u00f1ez por su presencia y en referencia a Crezcamos Juntos, mencion\u00f3 lo que ha escuchado y lo que ha visto en la cara de muchas personas: \u00bfD\u00f3nde est\u00e1 el truco? Por todas las bondades al Incorporarse a la Formalidad.<br \/>\nAl parecer, pas\u00f3 lista con la mirada al mencionar que presentes ve\u00eda a muchos l\u00edderes sindicales, representantes de c\u00e1maras, empresarios reconocidos, fedatarios y representantes de la sociedad civil a los que invit\u00f3 a analizar escrupulosamente el programa Crezcamos Juntos y aclarar todas las dudas que tuviesen con el \u00fanico objetivo de aumentar el desarrollo econ\u00f3mico y mejorar la calidad de vida de los ciudadanos, aunque destac\u00f3 que esta acci\u00f3n impactar\u00e1 directamente y de manera positiva en el bolsillo de los mexicanos.<br \/>\nAntes de finalizar, el gobernador dijo que los veracruzanos tenemos muchas opiniones y por consiguiente cada quien tomar\u00e1 la que m\u00e1s le convenga.<br \/>\nEl evento concluy\u00f3 con el retiro del gobernador. Afuera, el coffee break esperaba\u2026 bueno, parte de \u00e9l, pues ya algunos se iban con varias latas de refrescos en las manos y montones de galletas en servilletas. \u00a1No, pues s\u00ed conviene!<\/p>\n<p>Email: caballero_brenda@hotmail.com<\/p>\n","protected":false},"excerpt":{"rendered":"<p>Brenda Caballero N\u00fameros Rojos Mientras los valet parking del Hotel Crowne Plaza no se daban abasto con los invitados que llegaban en lujosas camionetas, de las cuales descend\u00edan caballeros con trajes y damas con vestidos y tacones, los que contrastaban con un grupo de comerciantes ambulantes. A estos \u00faltimos los hab\u00edan citado desde las ocho [&hellip;]<\/p>\n","protected":false},"author":2,"featured_media":0,"comment_status":"open","ping_status":"open","sticky":false,"template":"","format":"standard","meta":{"_jetpack_newsletter_access":"","_jetpack_dont_email_post_to_subs":false,"_jetpack_newsletter_tier_id":0,"_jetpack_memberships_contains_paywalled_content":false,"_jetpack_memberships_contains_paid_content":false,"footnotes":""},"categories":[70],"tags":[731,178,734,735,732,96],"class_list":["post-13299","post","type-post","status-publish","format-standard","hentry","category-de-opinion","tag-crezcamos-juntos-ser-formal-conviene","tag-inegi","tag-informalidad","tag-rogelio-santos-elizondo","tag-sistema-de-administracion-tributaria","tag-xalapa"],"jetpack_featured_media_url":"","jetpack_sharing_enabled":true,"jetpack_shortlink":"https:\/\/wp.me\/p4Qcd3-3sv","_links":{"self":[{"href":"https:\/\/lospoliticosveracruz.com.mx\/index.php?rest_route=\/wp\/v2\/posts\/13299","targetHints":{"allow":["GET"]}}],"collection":[{"href":"https:\/\/lospoliticosveracruz.com.mx\/index.php?rest_route=\/wp\/v2\/posts"}],"about":[{"href":"https:\/\/lospoliticosveracruz.com.mx\/index.php?rest_route=\/wp\/v2\/types\/post"}],"author":[{"embeddable":true,"href":"https:\/\/lospoliticosveracruz.com.mx\/index.php?rest_route=\/wp\/v2\/users\/2"}],"replies":[{"embeddable":true,"href":"https:\/\/lospoliticosveracruz.com.mx\/index.php?rest_route=%2Fwp%2Fv2%2Fcomments&post=13299"}],"version-history":[{"count":2,"href":"https:\/\/lospoliticosveracruz.com.mx\/index.php?rest_route=\/wp\/v2\/posts\/13299\/revisions"}],"predecessor-version":[{"id":13302,"href":"https:\/\/lospoliticosveracruz.com.mx\/index.php?rest_route=\/wp\/v2\/posts\/13299\/revisions\/13302"}],"wp:attachment":[{"href":"https:\/\/lospoliticosveracruz.com.mx\/index.php?rest_route=%2Fwp%2Fv2%2Fmedia&parent=13299"}],"wp:term":[{"taxonomy":"category","embeddable":true,"href":"https:\/\/lospoliticosveracruz.com.mx\/index.php?rest_route=%2Fwp%2Fv2%2Fcategories&post=13299"},{"taxonomy":"post_tag","embeddable":true,"href":"https:\/\/lospoliticosveracruz.com.mx\/index.php?rest_route=%2Fwp%2Fv2%2Ftags&post=13299"}],"curies":[{"name":"wp","href":"https:\/\/api.w.org\/{rel}","templated":true}]}}