{"id":133198,"date":"2024-11-28T11:32:55","date_gmt":"2024-11-28T17:32:55","guid":{"rendered":"https:\/\/lospoliticosveracruz.com.mx\/?p=133198"},"modified":"2024-11-28T11:33:22","modified_gmt":"2024-11-28T17:33:22","slug":"quiere-carnaval-en-su-fecha-original","status":"publish","type":"post","link":"https:\/\/lospoliticosveracruz.com.mx\/?p=133198","title":{"rendered":"QUIERE CARNAVAL EN SU FECHA ORIGINAL!"},"content":{"rendered":"\n<p>Veracruz<br>El Carnaval de Veracruz es una de las festividades m\u00e1s importantes del pa\u00eds, con la que se da a conocer al mundo, pero la fecha en la que actualmente se realiza es inviable econ\u00f3mica y tur\u00edsticamente, por lo que exhorto a las autoridades del Ayuntamiento de Veracruz, a la presidenta municipal Patricia Lobeira, al Comit\u00e9 Organizador, a que se regrese a la fecha original, declar\u00f3 la diputada federal Rosa Mar\u00eda Hern\u00e1ndez Espejo.<\/p>\n\n\n\n<p>En entrevista realizada en esta ciudad y puerto, la Legisladora explic\u00f3 que las ediciones anteriores demostraron que es un error llevar a cabo esta importante festividad en los meses anunciados, adem\u00e1s de que no es la tradici\u00f3n, no es la vocaci\u00f3n de nuestra heroica ciudad un Carnaval en esas fechas.<\/p>\n\n\n\n<p>A pregunta expresa sobre el tema respondi\u00f3: \u00abNosotros estamos en total desacuerdo con el anuncio que hizo la Presidenta municipal del Ayuntamiento de Veracruz sobre la fecha de Carnaval del a\u00f1o 2025. Creo que ya est\u00e1 comprobado y confirmado que no resultan esas fechas para nuestra ciudad y la regi\u00f3n, es un error. Hay que recordar que la econom\u00eda de Veracruz detona toda la regi\u00f3n centro del estado y ya se han hecho tres a\u00f1os\u00bb.<\/p>\n\n\n\n<p>Agreg\u00f3 que es en febrero o marzo cuando el sector tur\u00edstico y econ\u00f3mico necesita entradas, porque no hay otra actividad importante; en verano no beneficia en nada ni a nadie, porque ya est\u00e1 el arribo de turistas en distintas zonas. \u201cCreemos que se deben reconsiderar las fechas del Carnaval, y no s\u00f3lo lo digo como veracruzana, sino tambi\u00e9n como portavoz de los electores de la ciudad de Veracruz, como representante popular\u00bb.<\/p>\n\n\n\n<p>En esta festividad, abund\u00f3, tambi\u00e9n debe escucharse al comerciante com\u00fan, al vendedor com\u00fan, que no est\u00e1 tal vez afiliado a una C\u00e1mara, y que en los primeros meses del a\u00f1o requiere de ingresos, y el carnaval es una buena oportunidad para hacerse de recursos, por eso creemos que en febrero y marzo son las mejores fechas.<\/p>\n\n\n\n<p>La Legisladora destac\u00f3 que el calendario anunciado podr\u00eda ser un capricho de la autoridad municipal o para marcar una postura, pero no escucha al pueblo. \u00abLa gente est\u00e1 enojada; la gente hay que leerlas ah\u00ed, la gente no est\u00e1 a favor; hay que escuchar al pueblo\u00bb.<\/p>\n\n\n\n<p>Reiter\u00f3 que el llamado lo hace como representante popular y como veracruzana, porque es una fiesta totalmente local, de de los veracruzanos, de los porte\u00f1os. \u00abYo creo que podemos ser escuchados. Si hay apertura se puede reconsiderar. Todav\u00eda estamos a tiempo. Consideramos que es mucho mejor seguir la tradici\u00f3n, y nuestro legado cultural marca que es 40 d\u00edas antes de Semana Santa\u00bb.<\/p>\n","protected":false},"excerpt":{"rendered":"<p>VeracruzEl Carnaval de Veracruz es una de las festividades m\u00e1s importantes del pa\u00eds, con la que se da a conocer al mundo, pero la fecha en la que actualmente se realiza es inviable econ\u00f3mica y tur\u00edsticamente, por lo que exhorto a las autoridades del Ayuntamiento de Veracruz, a la presidenta municipal Patricia Lobeira, al Comit\u00e9 [&hellip;]<\/p>\n","protected":false},"author":2,"featured_media":0,"comment_status":"closed","ping_status":"closed","sticky":false,"template":"","format":"standard","meta":{"_jetpack_newsletter_access":"","_jetpack_dont_email_post_to_subs":false,"_jetpack_newsletter_tier_id":0,"_jetpack_memberships_contains_paywalled_content":false,"_jetpack_memberships_contains_paid_content":false,"footnotes":""},"categories":[73],"tags":[1843,1026,11900,195],"class_list":["post-133198","post","type-post","status-publish","format-standard","hentry","category-de-boleto","tag-carnaval","tag-morena","tag-rosa-maria-hernandez-espejo","tag-veracruz"],"jetpack_featured_media_url":"","jetpack_sharing_enabled":true,"jetpack_shortlink":"https:\/\/wp.me\/p4Qcd3-yEm","_links":{"self":[{"href":"https:\/\/lospoliticosveracruz.com.mx\/index.php?rest_route=\/wp\/v2\/posts\/133198","targetHints":{"allow":["GET"]}}],"collection":[{"href":"https:\/\/lospoliticosveracruz.com.mx\/index.php?rest_route=\/wp\/v2\/posts"}],"about":[{"href":"https:\/\/lospoliticosveracruz.com.mx\/index.php?rest_route=\/wp\/v2\/types\/post"}],"author":[{"embeddable":true,"href":"https:\/\/lospoliticosveracruz.com.mx\/index.php?rest_route=\/wp\/v2\/users\/2"}],"replies":[{"embeddable":true,"href":"https:\/\/lospoliticosveracruz.com.mx\/index.php?rest_route=%2Fwp%2Fv2%2Fcomments&post=133198"}],"version-history":[{"count":1,"href":"https:\/\/lospoliticosveracruz.com.mx\/index.php?rest_route=\/wp\/v2\/posts\/133198\/revisions"}],"predecessor-version":[{"id":133199,"href":"https:\/\/lospoliticosveracruz.com.mx\/index.php?rest_route=\/wp\/v2\/posts\/133198\/revisions\/133199"}],"wp:attachment":[{"href":"https:\/\/lospoliticosveracruz.com.mx\/index.php?rest_route=%2Fwp%2Fv2%2Fmedia&parent=133198"}],"wp:term":[{"taxonomy":"category","embeddable":true,"href":"https:\/\/lospoliticosveracruz.com.mx\/index.php?rest_route=%2Fwp%2Fv2%2Fcategories&post=133198"},{"taxonomy":"post_tag","embeddable":true,"href":"https:\/\/lospoliticosveracruz.com.mx\/index.php?rest_route=%2Fwp%2Fv2%2Ftags&post=133198"}],"curies":[{"name":"wp","href":"https:\/\/api.w.org\/{rel}","templated":true}]}}