{"id":133202,"date":"2024-11-28T11:51:41","date_gmt":"2024-11-28T17:51:41","guid":{"rendered":"https:\/\/lospoliticosveracruz.com.mx\/?p=133202"},"modified":"2024-11-28T11:51:41","modified_gmt":"2024-11-28T17:51:41","slug":"fge-el-cambio-en-puerta","status":"publish","type":"post","link":"https:\/\/lospoliticosveracruz.com.mx\/?p=133202","title":{"rendered":"FGE, EL CAMBIO EN PUERTA"},"content":{"rendered":"\n<p><strong>Luis Alberto Romero<\/strong><\/p>\n\n\n\n<p><em>Hora cero<\/em><\/p>\n\n\n\n<p>El Congreso del Estado de Veracruz dio entrada a la Iniciativa de Decreto presentada por el diputado Diego Casta\u00f1eda, integrante del Grupo Legislativo de Morena, para reformar la Constituci\u00f3n Pol\u00edtica local en materia de procuraci\u00f3n de justicia.<\/p>\n\n\n<div class=\"wp-block-image\">\n<figure class=\"alignleft size-medium\"><a href=\"https:\/\/lospoliticosveracruz.com.mx\/wp-content\/uploads\/2021\/10\/WhatsApp-Image-2021-10-02-at-15.20.25.jpeg\"><img loading=\"lazy\" decoding=\"async\" width=\"212\" height=\"300\" src=\"https:\/\/lospoliticosveracruz.com.mx\/wp-content\/uploads\/2021\/10\/WhatsApp-Image-2021-10-02-at-15.20.25-212x300.jpeg\" alt=\"\" class=\"wp-image-80177\" srcset=\"https:\/\/lospoliticosveracruz.com.mx\/wp-content\/uploads\/2021\/10\/WhatsApp-Image-2021-10-02-at-15.20.25-212x300.jpeg 212w, https:\/\/lospoliticosveracruz.com.mx\/wp-content\/uploads\/2021\/10\/WhatsApp-Image-2021-10-02-at-15.20.25-724x1024.jpeg 724w, https:\/\/lospoliticosveracruz.com.mx\/wp-content\/uploads\/2021\/10\/WhatsApp-Image-2021-10-02-at-15.20.25-768x1086.jpeg 768w, https:\/\/lospoliticosveracruz.com.mx\/wp-content\/uploads\/2021\/10\/WhatsApp-Image-2021-10-02-at-15.20.25.jpeg 905w\" sizes=\"auto, (max-width: 212px) 100vw, 212px\" \/><\/a><\/figure><\/div>\n\n\n<p>Este proyecto, cuyo debate inicia en el Congreso, tiene como objetivo modificar la legislaci\u00f3n estatal para ofrecer a los veracruzanos un acceso m\u00e1s pleno y equitativo a la justicia.<\/p>\n\n\n\n<p>La propuesta busca, principalmente, actualizar y fortalecer el marco jur\u00eddico del estado, con el fin de mejorar los procesos judiciales, garantizar el acceso a la justicia y proteger los derechos fundamentales de los ciudadanos. Adem\u00e1s, responde a una necesidad imperiosa de alinear las leyes locales con los principios federales en materia de justicia, transparencia, rendici\u00f3n de cuentas y eficiencia.<\/p>\n\n\n\n<p>Entre los cambios m\u00e1s significativos que contempla la Iniciativa, se destaca la nueva estructura para la designaci\u00f3n y remoci\u00f3n del titular de la Fiscal\u00eda General del Estado (FGE). Seg\u00fan la propuesta, ser\u00e1 el Congreso quien tendr\u00e1 la facultad de nombrar al fiscal, as\u00ed como de objetar su remoci\u00f3n, mientras que al Ejecutivo se le otorga la responsabilidad de seleccionar una terna de candidatos y emitir su posicionamiento respecto al listado enviado por el Congreso.<\/p>\n\n\n\n<p>Adem\u00e1s, la reforma establece los requisitos para quienes aspiren al cargo de fiscal. Entre ellos, destaca la obligaci\u00f3n de someterse y acreditar las evaluaciones y certificaciones de control y confianza, as\u00ed como no haber ocupado cargos de elecci\u00f3n popular ni de direcci\u00f3n en un partido pol\u00edtico en el a\u00f1o previo a su designaci\u00f3n.<\/p>\n\n\n\n<p>Otro de los cambios relevantes es la duraci\u00f3n del mandato del fiscal, que pasar\u00e1 de 9 a 4 a\u00f1os, con la posibilidad de reelecci\u00f3n por un periodo igual, siempre que se cumplan los requisitos establecidos por la ley. La elecci\u00f3n del fiscal estar\u00e1 sujeta a la aprobaci\u00f3n de las dos terceras partes de los diputados presentes en el Congreso, a propuesta del gobernador del Estado.<\/p>\n\n\n\n<p>En cuanto al perfil del fiscal, la Iniciativa destaca la necesidad de contar con una persona que posea conocimientos y experiencia en el \u00e1mbito jur\u00eddico y de procuraci\u00f3n de justicia, as\u00ed como capacidad administrativa y de direcci\u00f3n institucional. Adem\u00e1s, se busca a alguien independiente en su actuaci\u00f3n, con un firme compromiso con los derechos humanos, la atenci\u00f3n a las v\u00edctimas y la perspectiva de g\u00e9nero.<\/p>\n\n\n\n<p>Esta reforma no solo es importante por los cambios que propone, sino tambi\u00e9n por el contexto pol\u00edtico en el que se presenta. Diego Casta\u00f1eda, cercano a la gobernadora electa Roc\u00edo Nahle, no habr\u00eda impulsado esta Iniciativa sin el visto bueno de la futura mandataria. La influencia de Nahle en esta propuesta refuerza la importancia de la reforma y deja claro que la procuraci\u00f3n de justicia ser\u00e1 una de las prioridades de su administraci\u00f3n.<\/p>\n\n\n\n<p>En t\u00e9rminos generales, la reforma en materia de procuraci\u00f3n de justicia busca crear un sistema m\u00e1s eficiente, transparente y justo, alineado con las necesidades de los veracruzanos y con los principios de la justicia moderna.<\/p>\n\n\n\n<p>@luisromero85<\/p>\n","protected":false},"excerpt":{"rendered":"<p>Luis Alberto Romero Hora cero El Congreso del Estado de Veracruz dio entrada a la Iniciativa de Decreto presentada por el diputado Diego Casta\u00f1eda, integrante del Grupo Legislativo de Morena, para reformar la Constituci\u00f3n Pol\u00edtica local en materia de procuraci\u00f3n de justicia. Este proyecto, cuyo debate inicia en el Congreso, tiene como objetivo modificar la [&hellip;]<\/p>\n","protected":false},"author":2,"featured_media":119912,"comment_status":"closed","ping_status":"","sticky":false,"template":"","format":"standard","meta":{"_jetpack_newsletter_access":"","_jetpack_dont_email_post_to_subs":false,"_jetpack_newsletter_tier_id":0,"_jetpack_memberships_contains_paywalled_content":false,"_jetpack_memberships_contains_paid_content":false,"footnotes":""},"categories":[70],"tags":[16765],"class_list":["post-133202","post","type-post","status-publish","format-standard","has-post-thumbnail","hentry","category-de-opinion","tag-diego-castaneda"],"jetpack_featured_media_url":"https:\/\/lospoliticosveracruz.com.mx\/wp-content\/uploads\/2024\/03\/Luis-Romero.jpg","jetpack_sharing_enabled":true,"jetpack_shortlink":"https:\/\/wp.me\/p4Qcd3-yEq","_links":{"self":[{"href":"https:\/\/lospoliticosveracruz.com.mx\/index.php?rest_route=\/wp\/v2\/posts\/133202","targetHints":{"allow":["GET"]}}],"collection":[{"href":"https:\/\/lospoliticosveracruz.com.mx\/index.php?rest_route=\/wp\/v2\/posts"}],"about":[{"href":"https:\/\/lospoliticosveracruz.com.mx\/index.php?rest_route=\/wp\/v2\/types\/post"}],"author":[{"embeddable":true,"href":"https:\/\/lospoliticosveracruz.com.mx\/index.php?rest_route=\/wp\/v2\/users\/2"}],"replies":[{"embeddable":true,"href":"https:\/\/lospoliticosveracruz.com.mx\/index.php?rest_route=%2Fwp%2Fv2%2Fcomments&post=133202"}],"version-history":[{"count":1,"href":"https:\/\/lospoliticosveracruz.com.mx\/index.php?rest_route=\/wp\/v2\/posts\/133202\/revisions"}],"predecessor-version":[{"id":133203,"href":"https:\/\/lospoliticosveracruz.com.mx\/index.php?rest_route=\/wp\/v2\/posts\/133202\/revisions\/133203"}],"wp:featuredmedia":[{"embeddable":true,"href":"https:\/\/lospoliticosveracruz.com.mx\/index.php?rest_route=\/wp\/v2\/media\/119912"}],"wp:attachment":[{"href":"https:\/\/lospoliticosveracruz.com.mx\/index.php?rest_route=%2Fwp%2Fv2%2Fmedia&parent=133202"}],"wp:term":[{"taxonomy":"category","embeddable":true,"href":"https:\/\/lospoliticosveracruz.com.mx\/index.php?rest_route=%2Fwp%2Fv2%2Fcategories&post=133202"},{"taxonomy":"post_tag","embeddable":true,"href":"https:\/\/lospoliticosveracruz.com.mx\/index.php?rest_route=%2Fwp%2Fv2%2Ftags&post=133202"}],"curies":[{"name":"wp","href":"https:\/\/api.w.org\/{rel}","templated":true}]}}