{"id":133207,"date":"2024-11-28T12:58:38","date_gmt":"2024-11-28T18:58:38","guid":{"rendered":"https:\/\/lospoliticosveracruz.com.mx\/?p=133207"},"modified":"2024-11-28T12:58:53","modified_gmt":"2024-11-28T18:58:53","slug":"respetable-ing-rocio-nahle","status":"publish","type":"post","link":"https:\/\/lospoliticosveracruz.com.mx\/?p=133207","title":{"rendered":"RESPETABLE ING. ROC\u00cdO NAHLE"},"content":{"rendered":"\n<p><strong>Jorge Arturo Rodr\u00edguez<\/strong><\/p>\n\n\n\n<p><em>Tierra de Babel<\/em><\/p>\n\n\n\n<p>Aqu\u00ed estoy, Gobernadora Constitucional de nuestro querido Veracruz -este domingo 1 de diciembre de 2024 as\u00ed ser\u00e1-, para enviarle un afectuoso saludo y mis sinceras felicitaciones y buenos deseos, porque, como ya es sabido, si le va bien a Usted, le va bien a Veracruz, as\u00ed como a nuestra Presidenta Claudia Sheinbaum.<\/p>\n\n\n<div class=\"wp-block-image\">\n<figure class=\"alignleft size-medium\"><a href=\"https:\/\/lospoliticosveracruz.com.mx\/wp-content\/uploads\/2021\/10\/WhatsApp-Image-2021-10-02-at-15.20.25.jpeg\"><img loading=\"lazy\" decoding=\"async\" width=\"212\" height=\"300\" src=\"https:\/\/lospoliticosveracruz.com.mx\/wp-content\/uploads\/2021\/10\/WhatsApp-Image-2021-10-02-at-15.20.25-212x300.jpeg\" alt=\"\" class=\"wp-image-80177\" srcset=\"https:\/\/lospoliticosveracruz.com.mx\/wp-content\/uploads\/2021\/10\/WhatsApp-Image-2021-10-02-at-15.20.25-212x300.jpeg 212w, https:\/\/lospoliticosveracruz.com.mx\/wp-content\/uploads\/2021\/10\/WhatsApp-Image-2021-10-02-at-15.20.25-724x1024.jpeg 724w, https:\/\/lospoliticosveracruz.com.mx\/wp-content\/uploads\/2021\/10\/WhatsApp-Image-2021-10-02-at-15.20.25-768x1086.jpeg 768w, https:\/\/lospoliticosveracruz.com.mx\/wp-content\/uploads\/2021\/10\/WhatsApp-Image-2021-10-02-at-15.20.25.jpeg 905w\" sizes=\"auto, (max-width: 212px) 100vw, 212px\" \/><\/a><\/figure><\/div>\n\n\n<p>Creo en las mujeres y s\u00ed, es tiempo de mujeres. Ya era tiempo. Muchas veces tardamos en darnos cuenta del tiempo. Sab\u00eda virtud de conocer el tiempo y as\u00ed por el estilo, porque seis a\u00f1os no son nada, por lo que pa\u2019 luego es tarde.<\/p>\n\n\n\n<p>Hace a\u00f1itos escrib\u00ed, en una entrega de mi columna, una especie de carta abierta remitida a no recuerdo qui\u00e9n, que ahora retomo y actualizo para dirigirla a Usted con respeto.<\/p>\n\n\n\n<p>Le pido no se olvide de cumplir sus promesas y propuestas, mucho menos de los \u201cprobes\u201d (ya hasta parece cantaleta, pero es que as\u00ed ha sido siempre, como que no ha cambiado mucho la situaci\u00f3n, es m\u00e1s, se empeora, y pos ya hasta cantamos \u201cla vida sigue igual\u2026\u201d).<\/p>\n\n\n\n<p>Y hay muchas cosas m\u00e1s que, como en las cartitas a Santa Claus o a los Reyes Magos, no estar\u00eda mal pedir pa\u2019 ver cu\u00e1l de todas se nos cumple.&nbsp;<\/p>\n\n\n\n<p>Lo dijo la actriz Adriana Barraza: \u201cAcabar con la corrupci\u00f3n me parece lo m\u00e1s emergente para el pa\u00eds, porque ning\u00fan plan, propuesta, iniciativa o buena voluntad funciona cuando se topa con la pared de la corrupci\u00f3n. Es una l\u00e1stima que el desencanto ya no nos deja escuchar lo que dicen los candidatos, pero seguir en el mismo carro no nos dar\u00e1 la oportunidad de tener esperanzas de cambio.\u201d<\/p>\n\n\n\n<p>Ojal\u00e1 y todos nos animemos a escribir nuestra cartita a nuestra Presidenta, a nuestra Gobernadora, al Senado y Diputaci\u00f3n, pidiendo, demandando compromisos y soluciones reales.<\/p>\n\n\n\n<p>Plis, p\u00f3ngase las pilas, pero para bien. Estamos en el mismo barco. Con raz\u00f3n Carlos Fuentes dijo alguna vez que M\u00e9xico vive un mal momento \u201cporque los problemas del pa\u00eds est\u00e1n aqu\u00ed, y los pol\u00edticos all\u00e1, a una distancia brutal con respecto a las respuestas\u201d.<\/p>\n\n\n\n<p>Es eso lo que necesitamos: respuestas. Las preguntas son un chingo y las saben muy bien nuestros pol\u00edticos y gobernantes.<\/p>\n\n\n\n<p>No sean gachos, volt\u00e9ense a vernos y escucharnos y atendernos, creando oportunidades concretas para mejorar nuestra vida diaria. \u00bfO tendremos que soportar otro sexenio m\u00e1s pa\u2019 que de nueva cuenta escribamos otra cartita record\u00e1ndoles que no se olviden de cumplir sus promesas y propuestas, mucho menos de los probes?<\/p>\n\n\n\n<p>Repito: No hay mejor manera de gobernar que cumpliendo a los gobernados, \u00bfo no?<\/p>\n\n\n\n<p>Enhorabuena, Ing. Roc\u00edo Nahle. Veracruz est\u00e1 esperando resultados. S\u00e9 que lo har\u00e1, y lo har\u00e1 muy bien.<\/p>\n\n\n\n<p>Escribi\u00f3 Herni Dominique Lacordaire que para gobernar se precisa firmeza, pero tambi\u00e9n mucha flexibilidad y paciencia. Tiene Usted esas tres cualidades y, adem\u00e1s, decisi\u00f3n de construir un Veracruz grandioso e incluyente.<\/p>\n\n\n\n<p>Carlos Monsiv\u00e1is dijo que la sociedad est\u00e1 en edad de merecer. Veracruz y M\u00e9xico somos grandes.<\/p>\n\n\n\n<p>Dijo Blaise Pascal, \u201che hecho esta carta m\u00e1s larga de lo usual porque no tengo tiempo para hacer una m\u00e1s corta.\u201d<\/p>\n\n\n\n<p>\u00a1Viva Veracruz! \u00a1Viva M\u00e9xico!<\/p>\n\n\n\n<p>Hasta la pr\u00f3xima.<\/p>\n","protected":false},"excerpt":{"rendered":"<p>Jorge Arturo Rodr\u00edguez Tierra de Babel Aqu\u00ed estoy, Gobernadora Constitucional de nuestro querido Veracruz -este domingo 1 de diciembre de 2024 as\u00ed ser\u00e1-, para enviarle un afectuoso saludo y mis sinceras felicitaciones y buenos deseos, porque, como ya es sabido, si le va bien a Usted, le va bien a Veracruz, as\u00ed como a nuestra [&hellip;]<\/p>\n","protected":false},"author":2,"featured_media":119939,"comment_status":"closed","ping_status":"closed","sticky":false,"template":"","format":"standard","meta":{"_jetpack_newsletter_access":"","_jetpack_dont_email_post_to_subs":false,"_jetpack_newsletter_tier_id":0,"_jetpack_memberships_contains_paywalled_content":false,"_jetpack_memberships_contains_paid_content":false,"footnotes":""},"categories":[70],"tags":[1026,3578,195],"class_list":["post-133207","post","type-post","status-publish","format-standard","has-post-thumbnail","hentry","category-de-opinion","tag-morena","tag-rocio-nahle","tag-veracruz"],"jetpack_featured_media_url":"https:\/\/lospoliticosveracruz.com.mx\/wp-content\/uploads\/2024\/03\/Jorge-Arturo-Rodriguez.jpg","jetpack_sharing_enabled":true,"jetpack_shortlink":"https:\/\/wp.me\/p4Qcd3-yEv","_links":{"self":[{"href":"https:\/\/lospoliticosveracruz.com.mx\/index.php?rest_route=\/wp\/v2\/posts\/133207","targetHints":{"allow":["GET"]}}],"collection":[{"href":"https:\/\/lospoliticosveracruz.com.mx\/index.php?rest_route=\/wp\/v2\/posts"}],"about":[{"href":"https:\/\/lospoliticosveracruz.com.mx\/index.php?rest_route=\/wp\/v2\/types\/post"}],"author":[{"embeddable":true,"href":"https:\/\/lospoliticosveracruz.com.mx\/index.php?rest_route=\/wp\/v2\/users\/2"}],"replies":[{"embeddable":true,"href":"https:\/\/lospoliticosveracruz.com.mx\/index.php?rest_route=%2Fwp%2Fv2%2Fcomments&post=133207"}],"version-history":[{"count":2,"href":"https:\/\/lospoliticosveracruz.com.mx\/index.php?rest_route=\/wp\/v2\/posts\/133207\/revisions"}],"predecessor-version":[{"id":133209,"href":"https:\/\/lospoliticosveracruz.com.mx\/index.php?rest_route=\/wp\/v2\/posts\/133207\/revisions\/133209"}],"wp:featuredmedia":[{"embeddable":true,"href":"https:\/\/lospoliticosveracruz.com.mx\/index.php?rest_route=\/wp\/v2\/media\/119939"}],"wp:attachment":[{"href":"https:\/\/lospoliticosveracruz.com.mx\/index.php?rest_route=%2Fwp%2Fv2%2Fmedia&parent=133207"}],"wp:term":[{"taxonomy":"category","embeddable":true,"href":"https:\/\/lospoliticosveracruz.com.mx\/index.php?rest_route=%2Fwp%2Fv2%2Fcategories&post=133207"},{"taxonomy":"post_tag","embeddable":true,"href":"https:\/\/lospoliticosveracruz.com.mx\/index.php?rest_route=%2Fwp%2Fv2%2Ftags&post=133207"}],"curies":[{"name":"wp","href":"https:\/\/api.w.org\/{rel}","templated":true}]}}