{"id":133400,"date":"2024-12-02T10:32:47","date_gmt":"2024-12-02T16:32:47","guid":{"rendered":"https:\/\/lospoliticosveracruz.com.mx\/?p=133400"},"modified":"2024-12-02T10:47:52","modified_gmt":"2024-12-02T16:47:52","slug":"el-reto-de-nahle","status":"publish","type":"post","link":"https:\/\/lospoliticosveracruz.com.mx\/?p=133400","title":{"rendered":"EL RETO DE NAHLE"},"content":{"rendered":"\n<p><strong>Yamiri Rodr\u00edguez Madrid<br><\/strong><em>La vuelta a veracruz en un teclazo<\/em><\/p>\n\n\n\n<p><br>En 1979, la priista Griselda \u00c1lvarez Ponce de Le\u00f3n hizo historia al convertirse en la primera mujer en gobernar un estado; 45 a\u00f1os despu\u00e9s hoy hay 13 gobernadoras en el pa\u00eds. Este domingo Roc\u00edo Nahle pas\u00f3 tambi\u00e9n a la historia al ser la primera mujer en gobernar Veracruz.<\/p>\n\n\n<div class=\"wp-block-image\">\n<figure class=\"alignleft size-thumbnail\"><a href=\"https:\/\/lospoliticosveracruz.com.mx\/wp-content\/uploads\/2024\/05\/IMG_0341-e1716950925234.jpeg\"><img loading=\"lazy\" decoding=\"async\" width=\"150\" height=\"150\" src=\"https:\/\/lospoliticosveracruz.com.mx\/wp-content\/uploads\/2024\/05\/IMG_0341-150x150.jpeg\" alt=\"\" class=\"wp-image-125332\"\/><\/a><\/figure><\/div>\n\n\n<p><br>Pese al peso que la entidad ha tenido en la historia nacional, nunca hab\u00eda llegado una mujer a Palacio de Gobierno; es m\u00e1s, muy pocas mujeres han contendido al gobierno, entre ellas Alba Leonila M\u00e9ndez Herrera, quien la busc\u00f3 con las siglas del Partido del Trabajo y July Sheridan, candidata del extinto PANAL.<br>Hoy, como dec\u00eda, Nahle ya pas\u00f3 a la historia. El gran reto que se le presenta es hacer historia en Veracruz, con sus acciones, con un buen gobierno, transparente que se traduzca en verdaderos resultados para la gente.<br>Empieza su mandato cargada de buenas nuevas: la cancelaci\u00f3n de la caseta de cobro del puente Coatzacoalcos I a partir de este lunes; que iniciar\u00e1n las licitaciones para rehabilitar las carreteras Isla-Santiago Tuxtla, P\u00e1nuco-Tantoyuca-Tuxpan, Tezonapa-Motzorongo y Coyutla a la autopista; tambi\u00e9n la construcci\u00f3n de caminos artesanales en las sierras de Soteapan, Zongolica, Huayacocotla y Las Vigas, adem\u00e1s de la Faja de Oro, en Chicontepec.<br>Tambi\u00e9n anunci\u00f3 una nueva beca veracruzana para universitarios: la Concepci\u00f3n Quir\u00f3s P\u00e9rez. Lleva ese nombre en honor la fundadora de la Escuela Superior para Se\u00f1oritas en Xalapa, hoy conocida como la Escuela Industrial, instituci\u00f3n que, en 1881, ofrec\u00eda formaci\u00f3n acad\u00e9mica y capacitaci\u00f3n en labores dom\u00e9sticas y artesanales, con el objetivo de mejorar la calidad de vida de las mujeres. Dijo Nahle que para nivel medio superior las inscripciones ser\u00e1n gratuitas y que viene una enorme campa\u00f1a de alfabetizaci\u00f3n que arrancar\u00e1 en Miahuatl\u00e1n.<br>Nahle ha comprometido tambi\u00e9n 12 grandes eventos tur\u00edsticos y culturales, as\u00ed como darles ox\u00edgeno a los parques industriales de Coatzacoalcos y Minatitl\u00e1n, adem\u00e1s de los corredores C\u00f3rdoba-Orizaba, Medell\u00edn-Boca del R\u00edo-Veracruz y Poza Rica-Tuxpan para atraer inversiones.<br>En este arranque la distribuci\u00f3n de medicamentos del IMSS-Bienestar se har\u00e1 a trav\u00e9s de las Camionetitas de la Salud, para luego establecer un sistema de seguridad interestatal con Puebla, en el que intervengan tambi\u00e9n Oaxaca, Chiapas, Tabasco, Hidalgo y Tamaulipas; todos nuestros vecinos.<br>Ser\u00e1n 100 d\u00edas intensos; con solo cumplir esto que p\u00fablicamente ha anunciado, ya se dar\u00eda un viraje en Veracruz; habr\u00eda una diferencia. Hoy los ojos de los veracruzanos y de M\u00e9xico est\u00e1n puestos en su arranque y en su desempe\u00f1o. No olvidemos que, si a Nahle le va bien, le va bien a Veracruz. As\u00ed su arranque.<br>@YamiriRodr\u00edguez<\/p>\n","protected":false},"excerpt":{"rendered":"<p>Yamiri Rodr\u00edguez MadridLa vuelta a veracruz en un teclazo En 1979, la priista Griselda \u00c1lvarez Ponce de Le\u00f3n hizo historia al convertirse en la primera mujer en gobernar un estado; 45 a\u00f1os despu\u00e9s hoy hay 13 gobernadoras en el pa\u00eds. Este domingo Roc\u00edo Nahle pas\u00f3 tambi\u00e9n a la historia al ser la primera mujer en [&hellip;]<\/p>\n","protected":false},"author":2,"featured_media":133405,"comment_status":"closed","ping_status":"closed","sticky":false,"template":"","format":"standard","meta":{"_jetpack_newsletter_access":"","_jetpack_dont_email_post_to_subs":false,"_jetpack_newsletter_tier_id":0,"_jetpack_memberships_contains_paywalled_content":false,"_jetpack_memberships_contains_paid_content":false,"footnotes":""},"categories":[70],"tags":[42408,42407],"class_list":["post-133400","post","type-post","status-publish","format-standard","has-post-thumbnail","hentry","category-de-opinion","tag-griselda-alvarez-ponce","tag-yamiri-rodriguez-madrid"],"jetpack_featured_media_url":"https:\/\/lospoliticosveracruz.com.mx\/wp-content\/uploads\/2024\/12\/Yamiri.jpg","jetpack_sharing_enabled":true,"jetpack_shortlink":"https:\/\/wp.me\/p4Qcd3-yHC","_links":{"self":[{"href":"https:\/\/lospoliticosveracruz.com.mx\/index.php?rest_route=\/wp\/v2\/posts\/133400","targetHints":{"allow":["GET"]}}],"collection":[{"href":"https:\/\/lospoliticosveracruz.com.mx\/index.php?rest_route=\/wp\/v2\/posts"}],"about":[{"href":"https:\/\/lospoliticosveracruz.com.mx\/index.php?rest_route=\/wp\/v2\/types\/post"}],"author":[{"embeddable":true,"href":"https:\/\/lospoliticosveracruz.com.mx\/index.php?rest_route=\/wp\/v2\/users\/2"}],"replies":[{"embeddable":true,"href":"https:\/\/lospoliticosveracruz.com.mx\/index.php?rest_route=%2Fwp%2Fv2%2Fcomments&post=133400"}],"version-history":[{"count":1,"href":"https:\/\/lospoliticosveracruz.com.mx\/index.php?rest_route=\/wp\/v2\/posts\/133400\/revisions"}],"predecessor-version":[{"id":133402,"href":"https:\/\/lospoliticosveracruz.com.mx\/index.php?rest_route=\/wp\/v2\/posts\/133400\/revisions\/133402"}],"wp:featuredmedia":[{"embeddable":true,"href":"https:\/\/lospoliticosveracruz.com.mx\/index.php?rest_route=\/wp\/v2\/media\/133405"}],"wp:attachment":[{"href":"https:\/\/lospoliticosveracruz.com.mx\/index.php?rest_route=%2Fwp%2Fv2%2Fmedia&parent=133400"}],"wp:term":[{"taxonomy":"category","embeddable":true,"href":"https:\/\/lospoliticosveracruz.com.mx\/index.php?rest_route=%2Fwp%2Fv2%2Fcategories&post=133400"},{"taxonomy":"post_tag","embeddable":true,"href":"https:\/\/lospoliticosveracruz.com.mx\/index.php?rest_route=%2Fwp%2Fv2%2Ftags&post=133400"}],"curies":[{"name":"wp","href":"https:\/\/api.w.org\/{rel}","templated":true}]}}