{"id":133473,"date":"2024-12-03T11:31:02","date_gmt":"2024-12-03T17:31:02","guid":{"rendered":"https:\/\/lospoliticosveracruz.com.mx\/?p=133473"},"modified":"2024-12-03T11:31:33","modified_gmt":"2024-12-03T17:31:33","slug":"encuesta-para-el-puerto","status":"publish","type":"post","link":"https:\/\/lospoliticosveracruz.com.mx\/?p=133473","title":{"rendered":"ENCUESTA PARA EL PUERTO!"},"content":{"rendered":"\n<p><\/p>\n\n\n\n<p><strong>Veracruz<\/strong><br>Un grupo de personas que se denominaron fundadores de Morena en el municipio de Veracruz respaldaron que sea a trav\u00e9s de una encuesta como ese partido defina a su candidato a la alcald\u00eda por este municipio para enfrentar el proceso electoral del pr\u00f3ximo a\u00f1o.<\/p>\n\n\n\n<p>El grupo de personas, entre las que se encuentran Jaime Bautista, Jos\u00e9 Reyes, Juan Hern\u00e1ndez y Arturo Lara dijeron que apoyan la postura de la dirigencia nacional de su partido, encabezada por Luisa Mar\u00eda Alcalde, de abrirse a ciudadanos de la sociedad civil o incluso a ex miembros de otros partidos pol\u00edticos.<\/p>\n\n\n\n<p>Los fundadores de Morena en el puerto de Veracruz manifestaron que la encuesta es la mejor herramienta para que salga un candidato fuerte a la alcald\u00eda porte\u00f1a.<\/p>\n","protected":false},"excerpt":{"rendered":"<p>VeracruzUn grupo de personas que se denominaron fundadores de Morena en el municipio de Veracruz respaldaron que sea a trav\u00e9s de una encuesta como ese partido defina a su candidato a la alcald\u00eda por este municipio para enfrentar el proceso electoral del pr\u00f3ximo a\u00f1o. El grupo de personas, entre las que se encuentran Jaime Bautista, [&hellip;]<\/p>\n","protected":false},"author":2,"featured_media":0,"comment_status":"closed","ping_status":"closed","sticky":false,"template":"","format":"standard","meta":{"_jetpack_newsletter_access":"","_jetpack_dont_email_post_to_subs":false,"_jetpack_newsletter_tier_id":0,"_jetpack_memberships_contains_paywalled_content":false,"_jetpack_memberships_contains_paid_content":false,"footnotes":""},"categories":[73],"tags":[42425,42424,13614,1026,195],"class_list":["post-133473","post","type-post","status-publish","format-standard","hentry","category-de-boleto","tag-jaime-bautista","tag-jose-reyes","tag-juan-hernandez","tag-morena","tag-veracruz"],"jetpack_featured_media_url":"","jetpack_sharing_enabled":true,"jetpack_shortlink":"https:\/\/wp.me\/p4Qcd3-yIN","_links":{"self":[{"href":"https:\/\/lospoliticosveracruz.com.mx\/index.php?rest_route=\/wp\/v2\/posts\/133473","targetHints":{"allow":["GET"]}}],"collection":[{"href":"https:\/\/lospoliticosveracruz.com.mx\/index.php?rest_route=\/wp\/v2\/posts"}],"about":[{"href":"https:\/\/lospoliticosveracruz.com.mx\/index.php?rest_route=\/wp\/v2\/types\/post"}],"author":[{"embeddable":true,"href":"https:\/\/lospoliticosveracruz.com.mx\/index.php?rest_route=\/wp\/v2\/users\/2"}],"replies":[{"embeddable":true,"href":"https:\/\/lospoliticosveracruz.com.mx\/index.php?rest_route=%2Fwp%2Fv2%2Fcomments&post=133473"}],"version-history":[{"count":1,"href":"https:\/\/lospoliticosveracruz.com.mx\/index.php?rest_route=\/wp\/v2\/posts\/133473\/revisions"}],"predecessor-version":[{"id":133475,"href":"https:\/\/lospoliticosveracruz.com.mx\/index.php?rest_route=\/wp\/v2\/posts\/133473\/revisions\/133475"}],"wp:attachment":[{"href":"https:\/\/lospoliticosveracruz.com.mx\/index.php?rest_route=%2Fwp%2Fv2%2Fmedia&parent=133473"}],"wp:term":[{"taxonomy":"category","embeddable":true,"href":"https:\/\/lospoliticosveracruz.com.mx\/index.php?rest_route=%2Fwp%2Fv2%2Fcategories&post=133473"},{"taxonomy":"post_tag","embeddable":true,"href":"https:\/\/lospoliticosveracruz.com.mx\/index.php?rest_route=%2Fwp%2Fv2%2Ftags&post=133473"}],"curies":[{"name":"wp","href":"https:\/\/api.w.org\/{rel}","templated":true}]}}