{"id":13383,"date":"2014-11-09T20:18:47","date_gmt":"2014-11-10T02:18:47","guid":{"rendered":"http:\/\/www.lospoliticosveracruz.com.mx\/?p=13383"},"modified":"2014-11-09T20:18:47","modified_gmt":"2014-11-10T02:18:47","slug":"los-juegos-del-autoritarismo","status":"publish","type":"post","link":"https:\/\/lospoliticosveracruz.com.mx\/?p=13383","title":{"rendered":"Los juegos del autoritarismo"},"content":{"rendered":"<p><a href=\"http:\/\/www.lospoliticosveracruz.com.mx\/wp-content\/uploads\/2014\/11\/Juegos-Centroamericanos.jpg\"><img loading=\"lazy\" decoding=\"async\" class=\"alignnone size-medium wp-image-13384\" src=\"http:\/\/www.lospoliticosveracruz.com.mx\/wp-content\/uploads\/2014\/11\/Juegos-Centroamericanos-300x142.jpg\" alt=\"Juegos Centroamericanos\" width=\"300\" height=\"142\" \/><\/a><br \/>\n<strong>\u00c1lvaro Belin Andrade<\/strong><\/p>\n<p><em>Hora Libre<\/em><\/p>\n<p>&nbsp;<\/p>\n<p>No han comenzado los Juegos Centroamericanos y del Caribe cuando ya se siente la mano autoritaria del gobierno estatal. Por todas las sedes y subsedes en que se escenificar\u00e1n las competencias, las decisiones unilaterales, no consensuadas y no informadas adecuadamente a los involucrados, empiezan a afectar la vida cotidiana de los veracruzanos.<\/p>\n<p>Ya no es solo que se hayan retirado los puestos fijos que, ilegalmente, se encontraban en \u00e1reas p\u00fablicas, para evitar dar mala imagen y para que el tr\u00e1fico, que ser\u00e1 infernal, no sea m\u00e1s dif\u00edcil. El temor a que los juegos sean objeto de alguna discordia o acto de violencia ha hecho que se impongan protocolos de seguridad que afectan sin m\u00e1s a quienes habitan en las \u00e1reas circundantes a las instalaciones.<br \/>\nLas protestas de los vecinos en el Puerto de Veracruz, C\u00f3rdoba y Coatzacoalcos porque se les tratar\u00e1 casi como sospechosos por el solo hecho de entrar o salir de sus hogares, y la obligatoriedad para ello de portar se\u00f1alamientos oficiales en sus veh\u00edculos y en gafetes en sus propias personas, han hecho que esta competencia sean todo menos del agrado de quienes ser\u00e1n los anfitriones.<br \/>\nLa mayor\u00eda de las instalaciones deportivas no cuentan con estacionamiento, por lo que estos se habilitar\u00e1n en calles adyacentes, como cuando se realizan los carnavales y fiestas populares. La diferencia estriba en que afectar\u00e1n tambi\u00e9n carreteras y rutas de transporte p\u00fablico que, por ejemplo, en una ciudad como Xalapa, significar\u00e1 un verdadero caos.<br \/>\nEl viernes pasado, sin anunciar a la poblaci\u00f3n, se cerr\u00f3 la autopista de Coatepec, haciendo circular tanto el transporte p\u00fablico como el privado por la carretera vieja, sin que un solo elemento de Tr\u00e1nsito fuera destinado a organizar el tr\u00e1fico en el acceso a Xalapa. Como consecuencia, un recorrido que normalmente lleva entre 10 y 15 minutos, se realiz\u00f3 en 45 a 60 minutos. Muchos veh\u00edculos de modelos pasados quedaron a la orilla de la r\u00faa por sobrecalentamiento de sus motores.<br \/>\nLa experiencia, sin embargo, fue una ligera pr\u00e1ctica de lo que ocurrir\u00e1 cuando durante varios d\u00edas se cierre la autopista y el libramiento de Coatepec para dar pie a competencias de ciclismo, cuya fase m\u00e1s intensa, por fortuna, ser\u00e1 en s\u00e1bado y domingo, justo cuando los prestadores de servicios de los dos pueblos m\u00e1gicos (Coatepec y Xico) reciben m\u00e1s turistas locales y nacionales.<br \/>\nEn las sedes m\u00e1s fuertes, como Xalapa, Veracruz, Boca del R\u00edo, Coatzacoalcos y C\u00f3rdoba, las gr\u00faas estar\u00e1n muy activas quitando los veh\u00edculos estacionados que afecten la circulaci\u00f3n, sin embargo, nada han hecho por habilitar espacios de aparcamiento, as\u00ed sean provisionales, como enfrente del vel\u00f3dromo.<br \/>\nLos juegos tambi\u00e9n afectar\u00e1n las actividades acad\u00e9micas de la Universidad Veracruzana, cuyas instalaciones ser\u00e1n usadas para competencias o para pr\u00e1cticas de las delegaciones que, en este momento, han debido gastar para concentrarse en otros estados porque aqu\u00ed no terminan las instalaciones comprometidas, como el caso de la delegaci\u00f3n ciclista venezolana que debi\u00f3 trasladarse a Aguascalientes y Toluca porque es hora que no se termina el vel\u00f3dromo.<br \/>\nY no solo para actividades netamente deportivas sino tambi\u00e9n para que todo el espacio universitario, tanto en Xalapa como Veracruz y Boca del R\u00edo, se use como estacionamiento.<br \/>\nVeinte d\u00edas, en fin, en que los veracruzanos sentir\u00e1n sus juegos en la parte baja del vientre.<\/p>\n<p>&nbsp;<\/p>\n<p><strong>No hay criminales en Coatepec<\/strong><\/p>\n<p>Si no son producto del cinismo m\u00e1s exacerbado s\u00ed, al menos, son penosas y desagradables las declaraciones hechas este domingo por un alcalde de Coatepec que por fin saca la cabeza y lo hace para afirmar que en su municipio no hay delincuencia organizada.<br \/>\nSin la menor formaci\u00f3n en criminal\u00edstica ni tener bajo su mando a un cuerpo de inteligencia que le permita conocer los tenebrosos pasillos de la violencia criminal, Roberto P\u00e9rez Moreno, Juanelo, descart\u00f3 temerariamente la presencia de organizaciones criminales en Coatepec y su dicho lo ha basado en que ni \u00e9l ni los integrantes de la comuna han recibido amenazas provenientes de dichas organizaciones.<br \/>\nEs claro que quien fuera su tesorero, Guillermo Pozos Rivera, no fue v\u00edctima de ninguna organizaci\u00f3n criminal, al menos no de las conocidas. Su asesinato a mansalva, tras su levantamiento a plena luz del d\u00eda en el mero centro de la ciudad, no fue producto de alguna organizaci\u00f3n criminal. No. Como en el caso de Iguala, fue levantado y asesinado por la propia polic\u00eda municipal que el alcalde comanda, seg\u00fan lo describe nuestra Carta Magna.<br \/>\n\u201cNo existe nada de eso\u201d, dijo, y quien lo escuch\u00f3 y quien ley\u00f3 sus declaraciones deber\u00e1 estar m\u00e1s tranquilo por ese solo hecho.<\/p>\n<p>&nbsp;<\/p>\n<p><strong>M\u00e9xico, en la cuerdita. \u00bfQu\u00e9 sigue?<\/strong><\/p>\n<p>La violencia que est\u00e1 viviendo el pa\u00eds, derivada de la impunidad, pero que se ha extendido al \u00e1mbito social y pol\u00edtico, nos est\u00e1 poniendo en la cuerdita. No hay mejor escenario para los grupos delictivos que el que se est\u00e1 viviendo. Hace ya varias semanas que nadie se acuerda de ellos, nadie condena su actividad facinerosa, su participaci\u00f3n en las masacres que se suceden por todos los rumbos del pa\u00eds.<br \/>\nLa desaparici\u00f3n y, seg\u00fan la versi\u00f3n de la PGR, asesinato e incineraci\u00f3n de los 43 estudiantes de la Normal de Ayotzinapa en Guerrero, se ha convertido en un crimen de Estado, y los propios dirigentes del Partido de la Revoluci\u00f3n Democr\u00e1tica que llevaron al poder a Jos\u00e9 Luis Abarca en Iguala y a \u00c1ngel Aguirre Rivero al gobierno de esa entidad, piden ahora la cabeza del presidente Enrique Pe\u00f1a Nieto y del procurador Jes\u00fas Murillo Karam.<br \/>\n\u00bfQui\u00e9n se acuerda de la organizaci\u00f3n Guerreros Unidos, brazo ejecutor de uno de los m\u00e1s sanguinarios y deplorables actos de lesa humanidad? \u00bfQui\u00e9n reclama la aclaraci\u00f3n de las decenas de asesinatos que han ocurrido en el \u00faltimo mes? \u00bfQui\u00e9n ha pedido que se identifique a las v\u00edctimas halladas en incontables fosas clandestinas tanto en Guerrero como en Michoac\u00e1n, Estado de M\u00e9xico, Tamaulipas y Veracruz, entre otros?<br \/>\nLa reacci\u00f3n un\u00e1nime de repudio, la atenci\u00f3n medi\u00e1tica sobre las marchas y el curso de las investigaciones, la incorporaci\u00f3n a las movilizaciones de sectores tradicionalmente pasivos, la exigencia de que se aclare al cien por ciento un acto deleznable que pudo evitarse si la PGR hubiera actuado jur\u00eddica y no pol\u00edticamente al momento en que se presentaron pruebas de la acci\u00f3n criminal del alcalde guerrerense, la reacci\u00f3n internacional tanto de gobiernos y organismos multilaterales como de ciudadanos, todo ello tendr\u00e1 poco impacto si no ampliamos la exigencia para que se modifique la inactividad del Estado en el combate a toda expresi\u00f3n de violencia criminal.<br \/>\nMientras Pe\u00f1a Nieto se dirige a China y Australia, el pa\u00eds se le puede ir de las manos. La percepci\u00f3n generalizada es que su gobierno no ha sido capaz de gobernar con justicia y legalidad, ha preferido las componendas con el PAN y el PRD para sacar sus reformas, ha dejado indefensa a la poblaci\u00f3n en manos de la delincuencia y de autoridades estatales y municipales aliadas con ella, y ha dejado a los grupos sociales a merced del autoritarismo pol\u00edtico de alcaldes y gobernadores.<br \/>\nEsta gran fuerza ciudadana movilizada no debe enfocarse a un par de consignas pol\u00edticas, como el de la renuncia de Pe\u00f1a, sino establecer las bases para un movimiento que le quite las riendas del pa\u00eds a los partidos pol\u00edticos, causantes de la degradaci\u00f3n moral del pa\u00eds, de tender lazos con grupos criminales para lograr cuotas de poder y de servirse impunemente del erario.<\/p>\n<p>Comentarios: belin.alvaro@gmail.com<\/p>\n","protected":false},"excerpt":{"rendered":"<p>\u00c1lvaro Belin Andrade Hora Libre &nbsp; No han comenzado los Juegos Centroamericanos y del Caribe cuando ya se siente la mano autoritaria del gobierno estatal. Por todas las sedes y subsedes en que se escenificar\u00e1n las competencias, las decisiones unilaterales, no consensuadas y no informadas adecuadamente a los involucrados, empiezan a afectar la vida cotidiana [&hellip;]<\/p>\n","protected":false},"author":2,"featured_media":0,"comment_status":"open","ping_status":"open","sticky":false,"template":"","format":"standard","meta":{"_jetpack_newsletter_access":"","_jetpack_dont_email_post_to_subs":false,"_jetpack_newsletter_tier_id":0,"_jetpack_memberships_contains_paywalled_content":false,"_jetpack_memberships_contains_paid_content":false,"footnotes":""},"categories":[70],"tags":[601,277,200,195,784],"class_list":["post-13383","post","type-post","status-publish","format-standard","hentry","category-de-opinion","tag-boca-del-rio","tag-coatepec","tag-juegos-centroamericanos","tag-veracruz","tag-xico"],"jetpack_featured_media_url":"","jetpack_sharing_enabled":true,"jetpack_shortlink":"https:\/\/wp.me\/p4Qcd3-3tR","_links":{"self":[{"href":"https:\/\/lospoliticosveracruz.com.mx\/index.php?rest_route=\/wp\/v2\/posts\/13383","targetHints":{"allow":["GET"]}}],"collection":[{"href":"https:\/\/lospoliticosveracruz.com.mx\/index.php?rest_route=\/wp\/v2\/posts"}],"about":[{"href":"https:\/\/lospoliticosveracruz.com.mx\/index.php?rest_route=\/wp\/v2\/types\/post"}],"author":[{"embeddable":true,"href":"https:\/\/lospoliticosveracruz.com.mx\/index.php?rest_route=\/wp\/v2\/users\/2"}],"replies":[{"embeddable":true,"href":"https:\/\/lospoliticosveracruz.com.mx\/index.php?rest_route=%2Fwp%2Fv2%2Fcomments&post=13383"}],"version-history":[{"count":1,"href":"https:\/\/lospoliticosveracruz.com.mx\/index.php?rest_route=\/wp\/v2\/posts\/13383\/revisions"}],"predecessor-version":[{"id":13385,"href":"https:\/\/lospoliticosveracruz.com.mx\/index.php?rest_route=\/wp\/v2\/posts\/13383\/revisions\/13385"}],"wp:attachment":[{"href":"https:\/\/lospoliticosveracruz.com.mx\/index.php?rest_route=%2Fwp%2Fv2%2Fmedia&parent=13383"}],"wp:term":[{"taxonomy":"category","embeddable":true,"href":"https:\/\/lospoliticosveracruz.com.mx\/index.php?rest_route=%2Fwp%2Fv2%2Fcategories&post=13383"},{"taxonomy":"post_tag","embeddable":true,"href":"https:\/\/lospoliticosveracruz.com.mx\/index.php?rest_route=%2Fwp%2Fv2%2Ftags&post=13383"}],"curies":[{"name":"wp","href":"https:\/\/api.w.org\/{rel}","templated":true}]}}