{"id":134005,"date":"2024-12-12T07:49:49","date_gmt":"2024-12-12T13:49:49","guid":{"rendered":"https:\/\/lospoliticosveracruz.com.mx\/?p=134005"},"modified":"2024-12-12T07:49:58","modified_gmt":"2024-12-12T13:49:58","slug":"uber-didi-y-rappi","status":"publish","type":"post","link":"https:\/\/lospoliticosveracruz.com.mx\/?p=134005","title":{"rendered":"UBER, DIDI Y RAPPI"},"content":{"rendered":"\n<p>S\u00edguenos ahora tambi\u00e9n en WhatsApp.&nbsp;<a href=\"https:\/\/whatsapp.com\/channel\/0029Va8zRWlEKyZIP3Z1dF0e\"><strong><em>Da clic aqu\u00ed<\/em><\/strong><\/a><\/p>\n\n\n\n<p><strong>Fanny Y\u00e9pez<\/strong><\/p>\n\n\n\n<p><em>La Columna<\/em><\/p>\n\n\n\n<p>El pasado martes los diputados federales aprobaron la reforma laboral con la cual los repartidores de aplicaciones digitales ser\u00e1n reconocidos por las empresas como empleados formales y por consiguiente, adquieren el derecho a prestaciones y seguridad social.<\/p>\n\n\n<div class=\"wp-block-image\">\n<figure class=\"alignleft size-thumbnail\"><a href=\"https:\/\/lospoliticosveracruz.com.mx\/wp-content\/uploads\/2024\/05\/IMG_0341-e1716950925234.jpeg\"><img loading=\"lazy\" decoding=\"async\" width=\"150\" height=\"150\" src=\"https:\/\/lospoliticosveracruz.com.mx\/wp-content\/uploads\/2024\/05\/IMG_0341-150x150.jpeg\" alt=\"\" class=\"wp-image-125332\"\/><\/a><\/figure><\/div>\n\n\n<p>Cabe se\u00f1alar que cerca de 658 mil personas est\u00e1n empleadas a trav\u00e9s de plataformas digitales en M\u00e9xico, de acuerdo a cifras del Servicio de Administraci\u00f3n Tributaria (SAT). De ellas, el 41% percibe ingresos superiores al salario m\u00ednimo mensual.<\/p>\n\n\n\n<p>Los legisladores dispusieron dar a repartidores de Uber, DiDi y Rappi aguinaldo, vacaciones, utilidad y sindicalizarse.<\/p>\n\n\n\n<p>Dicha reforma entrar\u00e1 en vigor alrededor de seis meses despu\u00e9s de que sea publicada en el Diario Oficial de la Federaci\u00f3n para permitir a las empresas y plataformas adaptarse a los nuevos dict\u00e1menes. La jornada laboral no podr\u00e1 sumar m\u00e1s de 48 horas semanales y, en caso de hacerlo, se pagar\u00e1n horas extras con la autorizaci\u00f3n expresa del empleador.<\/p>\n\n\n\n<p>Adem\u00e1s, los conductores tendr\u00e1n derecho a un d\u00eda de descanso a la semana tras haber trabajado seis d\u00edas consecutivos y habiendo cumplido las horas m\u00e1ximas permitidas.&nbsp;&nbsp;<\/p>\n\n\n\n<p>Estas son las prestaciones de las que gozar\u00e1n repartidores y conductores de taxi por aplicaci\u00f3n<\/p>\n\n\n\n<p>Atenci\u00f3n m\u00e9dica.<\/p>\n\n\n\n<p>Pensiones.<\/p>\n\n\n\n<p>Guarder\u00edas.<\/p>\n\n\n\n<p>Vacaciones.<\/p>\n\n\n\n<p>Prima vacacional.<\/p>\n\n\n\n<p>Aguinaldo<\/p>\n\n\n\n<p>Otros beneficios como cr\u00e9ditos de Infonavit y utilidades.<\/p>\n\n\n\n<p>Esta disposici\u00f3n emitida en el Congreso federal a escasos d\u00edas de culminar el periodo ordinario de sesiones, por lo que el dictamen se remiti\u00f3 de forma inmediata a la C\u00e1mara de Senadores para su an\u00e1lisis, discusi\u00f3n y eventual aprobaci\u00f3n antes del 15 de diciembre, aunque se espera que esta propuesta de la presidenta Claudia Sheinbaum no cuente con mayores resistencias.<\/p>\n\n\n\n<p>En caso de que el Senado apruebe la reforma antes del 15 de diciembre, el proyecto de decreto ser\u00e1 turnado al Ejecutivo para su publicaci\u00f3n en el Diario Oficial de la Federaci\u00f3n, por lo que los miles de trabajadores de las aplicaciones digitales podr\u00edan iniciar enero del 2025 con las nuevas prestaciones de ley.<\/p>\n\n\n\n<p>Adem\u00e1s, el Consejo T\u00e9cnico del Instituto Mexicano del Seguro Social y el Consejo de Administraci\u00f3n del Instituto del Fondo Nacional de la Vivienda para los Trabajadores deben publicar las reglas para este segmento de trabajadores en el Diario Oficial de la Federaci\u00f3n.<\/p>\n\n\n\n<p>Cu\u00e1les son los derechos laborales para los trabajadores de aplicaciones digitales La C\u00e1mara de Diputados aprob\u00f3 el dictamen con proyecto de reforma en el que se reconocen los derechos laborales y de seguridad social de los trabajadores de plataformas digitales.<\/p>\n\n\n\n<p>Este dictamen, que modifica varios art\u00edculos de la Ley Federal del Trabajo, fue aprobado con 462 votos a favor en lo general y 389 en lo particular, y ahora se dirige al Senado de la Rep\u00fablica para su revisi\u00f3n constitucional.<\/p>\n\n\n\n<p>El documento establece que las plataformas digitales son sistemas que asignan tareas y servicios a trabajadores en beneficio de terceros, definiendo a estos trabajadores como aquellos que prestan servicios personales, remunerados y subordinados bajo la supervisi\u00f3n de una plataforma digital.<\/p>\n\n\n\n<p>Este reconocimiento formaliza la relaci\u00f3n laboral entre los trabajadores y las empresas de plataformas digitales, asegurando que se respeten sus derechos laborales.<\/p>\n\n\n\n<p>Los detalles<\/p>\n\n\n\n<p>Las plataformas digitales tendr\u00e1n prohibido dar trabajo a menores de 18 a\u00f1os.<\/p>\n\n\n\n<p>No se permite cobrarles a los trabajadores por la inscripci\u00f3n, uso o separaci\u00f3n.<\/p>\n\n\n\n<p>Tampoco les podr\u00e1n retener dinero; restringir la conexi\u00f3n; encubrimiento o simulaci\u00f3n que busque desvirtuar el v\u00ednculo laboral mediante contratos de car\u00e1cter civil, mercantil u otros.<\/p>\n\n\n\n<p>Se proh\u00edbe manipular el ingreso para evitar su calificaci\u00f3n como trabajadores subordinados.<\/p>\n","protected":false},"excerpt":{"rendered":"<p>S\u00edguenos ahora tambi\u00e9n en WhatsApp.&nbsp;Da clic aqu\u00ed Fanny Y\u00e9pez La Columna El pasado martes los diputados federales aprobaron la reforma laboral con la cual los repartidores de aplicaciones digitales ser\u00e1n reconocidos por las empresas como empleados formales y por consiguiente, adquieren el derecho a prestaciones y seguridad social. Cabe se\u00f1alar que cerca de 658 mil [&hellip;]<\/p>\n","protected":false},"author":2,"featured_media":126076,"comment_status":"closed","ping_status":"closed","sticky":false,"template":"","format":"standard","meta":{"_jetpack_newsletter_access":"","_jetpack_dont_email_post_to_subs":false,"_jetpack_newsletter_tier_id":0,"_jetpack_memberships_contains_paywalled_content":false,"_jetpack_memberships_contains_paid_content":false,"footnotes":""},"categories":[70],"tags":[42488,9304],"class_list":["post-134005","post","type-post","status-publish","format-standard","has-post-thumbnail","hentry","category-de-opinion","tag-didi","tag-uber"],"jetpack_featured_media_url":"https:\/\/lospoliticosveracruz.com.mx\/wp-content\/uploads\/2024\/06\/Fanny-Yepez.jpg","jetpack_sharing_enabled":true,"jetpack_shortlink":"https:\/\/wp.me\/p4Qcd3-yRn","_links":{"self":[{"href":"https:\/\/lospoliticosveracruz.com.mx\/index.php?rest_route=\/wp\/v2\/posts\/134005","targetHints":{"allow":["GET"]}}],"collection":[{"href":"https:\/\/lospoliticosveracruz.com.mx\/index.php?rest_route=\/wp\/v2\/posts"}],"about":[{"href":"https:\/\/lospoliticosveracruz.com.mx\/index.php?rest_route=\/wp\/v2\/types\/post"}],"author":[{"embeddable":true,"href":"https:\/\/lospoliticosveracruz.com.mx\/index.php?rest_route=\/wp\/v2\/users\/2"}],"replies":[{"embeddable":true,"href":"https:\/\/lospoliticosveracruz.com.mx\/index.php?rest_route=%2Fwp%2Fv2%2Fcomments&post=134005"}],"version-history":[{"count":1,"href":"https:\/\/lospoliticosveracruz.com.mx\/index.php?rest_route=\/wp\/v2\/posts\/134005\/revisions"}],"predecessor-version":[{"id":134006,"href":"https:\/\/lospoliticosveracruz.com.mx\/index.php?rest_route=\/wp\/v2\/posts\/134005\/revisions\/134006"}],"wp:featuredmedia":[{"embeddable":true,"href":"https:\/\/lospoliticosveracruz.com.mx\/index.php?rest_route=\/wp\/v2\/media\/126076"}],"wp:attachment":[{"href":"https:\/\/lospoliticosveracruz.com.mx\/index.php?rest_route=%2Fwp%2Fv2%2Fmedia&parent=134005"}],"wp:term":[{"taxonomy":"category","embeddable":true,"href":"https:\/\/lospoliticosveracruz.com.mx\/index.php?rest_route=%2Fwp%2Fv2%2Fcategories&post=134005"},{"taxonomy":"post_tag","embeddable":true,"href":"https:\/\/lospoliticosveracruz.com.mx\/index.php?rest_route=%2Fwp%2Fv2%2Ftags&post=134005"}],"curies":[{"name":"wp","href":"https:\/\/api.w.org\/{rel}","templated":true}]}}