{"id":134235,"date":"2024-12-16T12:09:26","date_gmt":"2024-12-16T18:09:26","guid":{"rendered":"https:\/\/lospoliticosveracruz.com.mx\/?p=134235"},"modified":"2024-12-16T12:11:21","modified_gmt":"2024-12-16T18:11:21","slug":"vacaciones-con-carreteras-para-llorar","status":"publish","type":"post","link":"https:\/\/lospoliticosveracruz.com.mx\/?p=134235","title":{"rendered":"VACACIONES CON CARRETERAS PARA LLORAR!"},"content":{"rendered":"\n<p>S\u00edguenos ahora tambi\u00e9n en WhatsApp.\u00a0<a href=\"https:\/\/whatsapp.com\/channel\/0029Va8zRWlEKyZIP3Z1dF0e\"><em><strong>Da clic aqu\u00ed<\/strong><\/em><\/a><\/p>\n\n\n\n<p><strong>Comunicado del CDE del PAN<\/strong><\/p>\n\n\n\n<p>Las carreteras y caminos&nbsp; del Estado de Veracruz se encuentran en muy mal estado debido a la falta de trabajos de conservaci\u00f3n y mantenimiento por parte de las autoridades estatales&nbsp; y federales.&nbsp;<\/p>\n\n\n\n<p>El derrumbe que afecta la autopista 150D (cuerpo B) a cargo de CAPUFE ha agravado el p\u00e9simo servicio de la red carretera en el estado de Veracruz.<\/p>\n\n\n\n<p>Justo en el momento que empieza la temporada de vacaciones por las fiestas de navidad y fin de a\u00f1o aumenta el n\u00famero de baches y topes, poniendo en riesgo la vida de los veracruzanos y ahuyentando el turismo.<\/p>\n\n\n\n<p>Ejemplo de p\u00e9simas carreteras a cargo de las autoridades son: la carretera 180 Costera del Golfo, la 140 tramo Xalapa-Cardel (con excepci\u00f3n de la autopista de 12 km entre Cerro Gordo y La Bocana), as\u00ed como los diferentes caminos estatales desde P\u00e1nuco hasta Las Choapas.<\/p>\n\n\n\n<p>La autopista 145D y la ruta 180, 180D, adem\u00e1s de presentar baches en los tramos libres de peaje y a cargo de CAPUFE, no cuentan con la vigilancia necesaria por parte de la Guardia Nacional, lo que representa riesgos graves de seguridad.<\/p>\n\n\n\n<p>Sin ir muy lejos, el bulevar Xalapa-Coatepec, cuya superficie de rodamiento de concreto hidr\u00e1ulico fue destruido por el gobierno de Cuitl\u00e1huac, presenta baches.<\/p>\n\n\n\n<p>La incompetencia y desviaci\u00f3n de recursos son la principal caracter\u00edstica de estas administraciones populistas de cuarta, y los ciudadanos son quienes pagan el precio m\u00e1s alto.<\/p>\n","protected":false},"excerpt":{"rendered":"<p>S\u00edguenos ahora tambi\u00e9n en WhatsApp.\u00a0Da clic aqu\u00ed Comunicado del CDE del PAN Las carreteras y caminos&nbsp; del Estado de Veracruz se encuentran en muy mal estado debido a la falta de trabajos de conservaci\u00f3n y mantenimiento por parte de las autoridades estatales&nbsp; y federales.&nbsp; El derrumbe que afecta la autopista 150D (cuerpo B) a cargo [&hellip;]<\/p>\n","protected":false},"author":2,"featured_media":0,"comment_status":"closed","ping_status":"closed","sticky":false,"template":"","format":"standard","meta":{"_jetpack_newsletter_access":"","_jetpack_dont_email_post_to_subs":false,"_jetpack_newsletter_tier_id":0,"_jetpack_memberships_contains_paywalled_content":false,"_jetpack_memberships_contains_paid_content":false,"footnotes":""},"categories":[73],"tags":[2601,7229],"class_list":["post-134235","post","type-post","status-publish","format-standard","hentry","category-de-boleto","tag-capufe","tag-carreteras"],"jetpack_featured_media_url":"","jetpack_sharing_enabled":true,"jetpack_shortlink":"https:\/\/wp.me\/p4Qcd3-yV5","_links":{"self":[{"href":"https:\/\/lospoliticosveracruz.com.mx\/index.php?rest_route=\/wp\/v2\/posts\/134235","targetHints":{"allow":["GET"]}}],"collection":[{"href":"https:\/\/lospoliticosveracruz.com.mx\/index.php?rest_route=\/wp\/v2\/posts"}],"about":[{"href":"https:\/\/lospoliticosveracruz.com.mx\/index.php?rest_route=\/wp\/v2\/types\/post"}],"author":[{"embeddable":true,"href":"https:\/\/lospoliticosveracruz.com.mx\/index.php?rest_route=\/wp\/v2\/users\/2"}],"replies":[{"embeddable":true,"href":"https:\/\/lospoliticosveracruz.com.mx\/index.php?rest_route=%2Fwp%2Fv2%2Fcomments&post=134235"}],"version-history":[{"count":2,"href":"https:\/\/lospoliticosveracruz.com.mx\/index.php?rest_route=\/wp\/v2\/posts\/134235\/revisions"}],"predecessor-version":[{"id":134239,"href":"https:\/\/lospoliticosveracruz.com.mx\/index.php?rest_route=\/wp\/v2\/posts\/134235\/revisions\/134239"}],"wp:attachment":[{"href":"https:\/\/lospoliticosveracruz.com.mx\/index.php?rest_route=%2Fwp%2Fv2%2Fmedia&parent=134235"}],"wp:term":[{"taxonomy":"category","embeddable":true,"href":"https:\/\/lospoliticosveracruz.com.mx\/index.php?rest_route=%2Fwp%2Fv2%2Fcategories&post=134235"},{"taxonomy":"post_tag","embeddable":true,"href":"https:\/\/lospoliticosveracruz.com.mx\/index.php?rest_route=%2Fwp%2Fv2%2Ftags&post=134235"}],"curies":[{"name":"wp","href":"https:\/\/api.w.org\/{rel}","templated":true}]}}