{"id":134398,"date":"2024-12-19T07:21:00","date_gmt":"2024-12-19T13:21:00","guid":{"rendered":"https:\/\/lospoliticosveracruz.com.mx\/?p=134398"},"modified":"2024-12-19T07:21:25","modified_gmt":"2024-12-19T13:21:25","slug":"cmas-grinch-de-abues","status":"publish","type":"post","link":"https:\/\/lospoliticosveracruz.com.mx\/?p=134398","title":{"rendered":"CMAS, GRINCH DE ABUES"},"content":{"rendered":"\n<p>[S\u00edguenos ahora tambi\u00e9n en WhatsApp.\u00a0<a href=\"https:\/\/whatsapp.com\/channel\/0029Va8zRWlEKyZIP3Z1dF0e\"><strong><em>Da clic aqu\u00ed<\/em><\/strong><\/a>]<br><strong>Fanny Y\u00e9pez<\/strong><br><em>La Columna<\/em><\/p>\n\n\n\n<p><\/p>\n\n\n\n<p>Una avalancha de denuncias se han presentado en las \u00faltimas fechas en contra de la Comisi\u00f3n Municipal de Agua y Saneamiento (CMAS) de Xalapa, los usuarios de diversas colonias de la periferia de esta capital han denunciado la aplicaci\u00f3n de cobros excesivos e ilegales en los recibos, lo que ha propiciado una gran inconformidad entre los afectados, debido a que las autoridades correspondientes no hacen los ajustes que se requieren.<\/p>\n\n\n\n<p>Los inconformes en su mayor\u00eda adultos mayores con recibos en mano denunciaron la voracidad de CMAS y mostrando el documento del pago anual anticipado liquidado relataron que han acudido a las autoridades municipales y no les han hecho el menor caso.<\/p>\n\n\n\n<p>\u201cEn su tiempo hablamos sobre este caso con el entonces alcalde, Ricardo Ahued Bardahuil el empe\u00f1o su palabra de que se resolver\u00eda este problema, pero no nos cumpli\u00f3, Don Ricardo nos ha decepcionado, no cumpli\u00f3 su compromiso\u201d<\/p>\n\n\n\n<p>Los quejosos pidieron que omiti\u00e9ramos sus nombres porque temen a las represalias que pudiera emprender en su contra el ahora Secretario de gobierno, el alcalde o de las propias autoridades de CMAS, anunciaron que emprender\u00e1n una serie de acciones, como son, bloqueos de calles y avenidas, amparos masivos y hasta el voto de castigo el primero de junio de la\u00f1o pr\u00f3ximo si no se les resuelve favorablemente su situaci\u00f3n.<\/p>\n\n\n\n<p>Cabe mencionar que los segmentos de votantes potenciales m\u00e1s fieles a Morena y al proyecto de la Cuarta Transformaci\u00f3n, es la poblaci\u00f3n de entre 60 y 74 a\u00f1os, representan en este momento un potencial de sufragios para el 1 de junio del a\u00f1o pr\u00f3ximo.<\/p>\n\n\n\n<p>Recordamos que las personas de la tercera edad fueron las que tuvieron una mayor participaci\u00f3n porcentual en los pasados comicios del domingo 2 de junio del 2024, con un alza del tres por ciento con respecto a los comicios del 2018<\/p>\n\n\n\n<p>Relataron que han acudido a sus domicilios los inspectores de CMAS y han verificado que no tienen fugas de agua, ni lavados de autos, ni de ropa, ni mucho menos hoteles, \u201cdemostramos que somos dos personas que habitan esta casa, que hemos hecho en tiempo y forma el pago anual anticipado y nos est\u00e1n cobrando 26 mil pesos en forma injustificada e ilegal. Algunos de nuestros vecinos que est\u00e1n padeciendo la misma les han cortado el suministro de agua, a un vecino le llego un recibo por m\u00e1s de 60 mil pesos\u201d .<\/p>\n\n\n\n<p>Los inspectores de CMAS son juez y parte al verificar fugas, insistieron los manifestantes y exigieron que sea una persona ajena e imparcial quien verifique las supuestas fugas.<\/p>\n\n\n\n<p>Precisamente esta semana, integrantes de la asociaci\u00f3n civil \u00abImpacto C\u00edvico\u00bb, la cual forma parte del Frente C\u00edvico Nacional, se manifestaron en el centro de la ciudad de Xalapa en contra de los cobros excesivos que realiza la Comisi\u00f3n Municipal de Agua y Saneamiento (CMAS).<\/p>\n\n\n\n<p>El joven \u00c1ngel Ku Vald\u00e9s, quien se manifest\u00f3 en la esquina de Enr\u00edquez y Leandro Valle, port\u00f3 una cartulina con la frase siguiente: \u00abBasta de recibos caros sin servicio de agua\u00bb.<\/p>\n\n\n\n<p>Ku Vald\u00e9s asegur\u00f3 que el organismo operador del agua exige cobros de miles de pesos a usuarios pese a que el servicio es deficiente.<\/p>\n\n\n\n<p>\u00abEs recurrente que lleguen recibos caros a las casas xalape\u00f1as y el servicio del agua es escaso realmente, incluso he escuchado personalmente de amigos de 20 mil, 30 mil pesos cuando son dos, tres personas las que viven en una vivienda, entonces es irreal que lleguen esas cantidades por un servicio que es poco o inexistente en Xalapa\u00bb, subray\u00f3.<\/p>\n\n\n\n<p>Incluso en su caso, el joven refiri\u00f3 que la CMAS le expidi\u00f3 un recibo con una cantidad elevada, por lo que acudi\u00f3 a las oficinas del organismo y que los empleados que le atendieron justificaron el cobro por una supuesta fuga de agua.<\/p>\n\n\n\n<p>\u00c1ngel Ku Vald\u00e9s cont\u00f3 que verific\u00f3 su tuber\u00eda sin hallar una sola fuga, lo cual inform\u00f3 a la CMAS, pero que el organismo mantuvo la demanda del pago, sin realizarle un ajuste a la baja.<\/p>\n\n\n\n<p>Ku Vald\u00e9s calific\u00f3 como un abuso que se cobren cantidades elevadas por un servicio del agua que no satisface a los usuarios.<\/p>\n\n\n\n<p>En ese sentido, el integrante de Impacto C\u00edvico se\u00f1al\u00f3 que se utiliza como \u00abcaja chica\u00bb al servicio municipal de agua.<\/p>\n\n\n\n<p>La citada dependencia se convirti\u00f3 en una especie de cueva de Al\u00ed Bab\u00e1, donde la corrupci\u00f3n y el saqueo se convirtieron en el sello de la casa.<\/p>\n\n\n\n<p>Las anomal\u00edas detectadas se plasmaron en denuncias y \u00e9stas siguen su curso, pero extra\u00f1amente nunca se ha precedido en contra de los responsables, por ello preguntamos \u00bfQui\u00e9n los protege y porque los protege?.<\/p>\n\n\n\n<p>Se estima que desv\u00edos por al menos 180 millones de pesos habr\u00edan sido detectados como resultado de las auditor\u00edas y revisiones que realiza la contralor\u00eda municipa<\/p>\n","protected":false},"excerpt":{"rendered":"<p>[S\u00edguenos ahora tambi\u00e9n en WhatsApp.\u00a0Da clic aqu\u00ed]Fanny Y\u00e9pezLa Columna Una avalancha de denuncias se han presentado en las \u00faltimas fechas en contra de la Comisi\u00f3n Municipal de Agua y Saneamiento (CMAS) de Xalapa, los usuarios de diversas colonias de la periferia de esta capital han denunciado la aplicaci\u00f3n de cobros excesivos e ilegales en los [&hellip;]<\/p>\n","protected":false},"author":2,"featured_media":126076,"comment_status":"closed","ping_status":"closed","sticky":false,"template":"","format":"standard","meta":{"_jetpack_newsletter_access":"","_jetpack_dont_email_post_to_subs":false,"_jetpack_newsletter_tier_id":0,"_jetpack_memberships_contains_paywalled_content":false,"_jetpack_memberships_contains_paid_content":false,"footnotes":""},"categories":[70],"tags":[3237,786,876,96],"class_list":["post-134398","post","type-post","status-publish","format-standard","has-post-thumbnail","hentry","category-de-opinion","tag-adultos-mayores","tag-cmas","tag-ricardo-ahued","tag-xalapa"],"jetpack_featured_media_url":"https:\/\/lospoliticosveracruz.com.mx\/wp-content\/uploads\/2024\/06\/Fanny-Yepez.jpg","jetpack_sharing_enabled":true,"jetpack_shortlink":"https:\/\/wp.me\/p4Qcd3-yXI","_links":{"self":[{"href":"https:\/\/lospoliticosveracruz.com.mx\/index.php?rest_route=\/wp\/v2\/posts\/134398","targetHints":{"allow":["GET"]}}],"collection":[{"href":"https:\/\/lospoliticosveracruz.com.mx\/index.php?rest_route=\/wp\/v2\/posts"}],"about":[{"href":"https:\/\/lospoliticosveracruz.com.mx\/index.php?rest_route=\/wp\/v2\/types\/post"}],"author":[{"embeddable":true,"href":"https:\/\/lospoliticosveracruz.com.mx\/index.php?rest_route=\/wp\/v2\/users\/2"}],"replies":[{"embeddable":true,"href":"https:\/\/lospoliticosveracruz.com.mx\/index.php?rest_route=%2Fwp%2Fv2%2Fcomments&post=134398"}],"version-history":[{"count":1,"href":"https:\/\/lospoliticosveracruz.com.mx\/index.php?rest_route=\/wp\/v2\/posts\/134398\/revisions"}],"predecessor-version":[{"id":134400,"href":"https:\/\/lospoliticosveracruz.com.mx\/index.php?rest_route=\/wp\/v2\/posts\/134398\/revisions\/134400"}],"wp:featuredmedia":[{"embeddable":true,"href":"https:\/\/lospoliticosveracruz.com.mx\/index.php?rest_route=\/wp\/v2\/media\/126076"}],"wp:attachment":[{"href":"https:\/\/lospoliticosveracruz.com.mx\/index.php?rest_route=%2Fwp%2Fv2%2Fmedia&parent=134398"}],"wp:term":[{"taxonomy":"category","embeddable":true,"href":"https:\/\/lospoliticosveracruz.com.mx\/index.php?rest_route=%2Fwp%2Fv2%2Fcategories&post=134398"},{"taxonomy":"post_tag","embeddable":true,"href":"https:\/\/lospoliticosveracruz.com.mx\/index.php?rest_route=%2Fwp%2Fv2%2Ftags&post=134398"}],"curies":[{"name":"wp","href":"https:\/\/api.w.org\/{rel}","templated":true}]}}