{"id":134731,"date":"2024-12-30T08:00:52","date_gmt":"2024-12-30T14:00:52","guid":{"rendered":"https:\/\/lospoliticosveracruz.com.mx\/?p=134731"},"modified":"2024-12-30T08:01:21","modified_gmt":"2024-12-30T14:01:21","slug":"cada-final-es-un-nuevo-comienzo","status":"publish","type":"post","link":"https:\/\/lospoliticosveracruz.com.mx\/?p=134731","title":{"rendered":"CADA FINAL ES UN NUEVO COMIENZO"},"content":{"rendered":"\n<p>S\u00edguenos ahora tambi\u00e9n en WhatsApp.\u00a0<a href=\"https:\/\/whatsapp.com\/channel\/0029Va8zRWlEKyZIP3Z1dF0e\"><em><strong>Da clic aqu\u00ed<\/strong><\/em><\/a><\/p>\n\n\n\n<p><strong>Elena C\u00f3rdova Molina<br><\/strong><em>Legislando Contigo<\/em><\/p>\n\n\n\n<p>Este a\u00f1o me propuse enfrentar el reto m\u00e1s importante de mi vida: servir a Veracruz con dignidad, responsabilidad y siempre fiel a mis valores. Desde el momento en que supe que llegar\u00eda al Congreso, habl\u00e9 con mis hermanas sobre lo que esto significar\u00eda. Les promet\u00ed que, m\u00e1s all\u00e1 de ideolog\u00edas o colores partidistas, mi actuar estar\u00eda siempre guiado por la honestidad y por lo que considero correcto.<\/p>\n\n\n<div class=\"wp-block-image\">\n<figure class=\"alignleft size-thumbnail\"><a href=\"https:\/\/lospoliticosveracruz.com.mx\/wp-content\/uploads\/2024\/05\/IMG_0341-e1716950925234.jpeg\"><img loading=\"lazy\" decoding=\"async\" width=\"150\" height=\"150\" src=\"https:\/\/lospoliticosveracruz.com.mx\/wp-content\/uploads\/2024\/05\/IMG_0341-150x150.jpeg\" alt=\"\" class=\"wp-image-125332\"\/><\/a><\/figure><\/div>\n\n\n<p>S\u00e9 que mis decisiones ser\u00e1n vistas y comentadas, a veces para bien y otras para mal. Pero lo m\u00e1s importante para m\u00ed ser\u00e1, al final de este camino, poder mirar a mi familia a los ojos, especialmente a mis hermanas y a mi sobrina, y decirles: No les fall\u00e9. No fall\u00e9 porque me mantuve fiel a mis principios, porque cada decisi\u00f3n y cada acci\u00f3n estuvo guiada por el amor a mi tierra y el compromiso de hacer lo mejor para Veracruz.<\/p>\n\n\n\n<p>Pienso tambi\u00e9n en mis padres, quienes desde donde est\u00e1n me ilusiona imaginar que me observan. Su ejemplo y los valores que sembraron en m\u00ed son mi br\u00fajula diaria, d\u00e1ndome la fortaleza para enfrentar cada desaf\u00edo con la frente en alto.<\/p>\n\n\n\n<p>En este cierre de a\u00f1o, reflexiono sobre c\u00f3mo cada final, aunque pueda parecer un punto de llegada, es tambi\u00e9n el inicio de algo nuevo. Cada final es un nuevo comienzo. Es la oportunidad de analizar lo aprendido, de valorar lo logrado y de encontrar fuerza en los momentos dif\u00edciles para seguir adelante con m\u00e1s claridad y determinaci\u00f3n. En cada cierre hay un aprendizaje, y en cada comienzo hay esperanza.<\/p>\n\n\n\n<p>Hoy quiero agradecer profundamente la confianza que tantas personas han depositado en m\u00ed. Cada d\u00eda de este camino reafirmo mi compromiso de trabajar con humildad, entrega y honestidad. Deseo que el pr\u00f3ximo a\u00f1o traiga m\u00e1s logros y avances, pero siempre desde la sencillez, la cercan\u00eda y con el coraz\u00f3n lleno de esperanza.<\/p>\n\n\n\n<p>A quienes caminan conmigo en esta misi\u00f3n, gracias por creer en m\u00ed. Que este nuevo a\u00f1o est\u00e9 lleno de paz, bendiciones y sue\u00f1os cumplidos.<\/p>\n\n\n\n<p>Por un 2025 donde sigamos construyendo juntas y juntos un mejor futuro para Veracruz, aqu\u00ed tienes a una Alte\u00f1a legislando contigo desde el Congreso del Estado.<\/p>\n","protected":false},"excerpt":{"rendered":"<p>S\u00edguenos ahora tambi\u00e9n en WhatsApp.\u00a0Da clic aqu\u00ed Elena C\u00f3rdova MolinaLegislando Contigo Este a\u00f1o me propuse enfrentar el reto m\u00e1s importante de mi vida: servir a Veracruz con dignidad, responsabilidad y siempre fiel a mis valores. Desde el momento en que supe que llegar\u00eda al Congreso, habl\u00e9 con mis hermanas sobre lo que esto significar\u00eda. Les [&hellip;]<\/p>\n","protected":false},"author":2,"featured_media":134157,"comment_status":"closed","ping_status":"closed","sticky":false,"template":"","format":"standard","meta":{"_jetpack_newsletter_access":"","_jetpack_dont_email_post_to_subs":false,"_jetpack_newsletter_tier_id":0,"_jetpack_memberships_contains_paywalled_content":false,"_jetpack_memberships_contains_paid_content":false,"footnotes":""},"categories":[70],"tags":[4673,195],"class_list":["post-134731","post","type-post","status-publish","format-standard","has-post-thumbnail","hentry","category-de-opinion","tag-elena-cordova-molina","tag-veracruz"],"jetpack_featured_media_url":"https:\/\/lospoliticosveracruz.com.mx\/wp-content\/uploads\/2024\/12\/Elena-Cordova-Molina.jpg","jetpack_sharing_enabled":true,"jetpack_shortlink":"https:\/\/wp.me\/p4Qcd3-z35","_links":{"self":[{"href":"https:\/\/lospoliticosveracruz.com.mx\/index.php?rest_route=\/wp\/v2\/posts\/134731","targetHints":{"allow":["GET"]}}],"collection":[{"href":"https:\/\/lospoliticosveracruz.com.mx\/index.php?rest_route=\/wp\/v2\/posts"}],"about":[{"href":"https:\/\/lospoliticosveracruz.com.mx\/index.php?rest_route=\/wp\/v2\/types\/post"}],"author":[{"embeddable":true,"href":"https:\/\/lospoliticosveracruz.com.mx\/index.php?rest_route=\/wp\/v2\/users\/2"}],"replies":[{"embeddable":true,"href":"https:\/\/lospoliticosveracruz.com.mx\/index.php?rest_route=%2Fwp%2Fv2%2Fcomments&post=134731"}],"version-history":[{"count":2,"href":"https:\/\/lospoliticosveracruz.com.mx\/index.php?rest_route=\/wp\/v2\/posts\/134731\/revisions"}],"predecessor-version":[{"id":134733,"href":"https:\/\/lospoliticosveracruz.com.mx\/index.php?rest_route=\/wp\/v2\/posts\/134731\/revisions\/134733"}],"wp:featuredmedia":[{"embeddable":true,"href":"https:\/\/lospoliticosveracruz.com.mx\/index.php?rest_route=\/wp\/v2\/media\/134157"}],"wp:attachment":[{"href":"https:\/\/lospoliticosveracruz.com.mx\/index.php?rest_route=%2Fwp%2Fv2%2Fmedia&parent=134731"}],"wp:term":[{"taxonomy":"category","embeddable":true,"href":"https:\/\/lospoliticosveracruz.com.mx\/index.php?rest_route=%2Fwp%2Fv2%2Fcategories&post=134731"},{"taxonomy":"post_tag","embeddable":true,"href":"https:\/\/lospoliticosveracruz.com.mx\/index.php?rest_route=%2Fwp%2Fv2%2Ftags&post=134731"}],"curies":[{"name":"wp","href":"https:\/\/api.w.org\/{rel}","templated":true}]}}