{"id":134736,"date":"2024-12-30T09:20:15","date_gmt":"2024-12-30T15:20:15","guid":{"rendered":"https:\/\/lospoliticosveracruz.com.mx\/?p=134736"},"modified":"2024-12-30T09:20:39","modified_gmt":"2024-12-30T15:20:39","slug":"2024-el-ano-que-se-va","status":"publish","type":"post","link":"https:\/\/lospoliticosveracruz.com.mx\/?p=134736","title":{"rendered":"2024, EL A\u00d1O QUE SE VA"},"content":{"rendered":"\n<p>S\u00edguenos ahora tambi\u00e9n en WhatsApp.\u00a0<a href=\"https:\/\/whatsapp.com\/channel\/0029Va8zRWlEKyZIP3Z1dF0e\"><em><strong>Da clic aqu\u00ed<\/strong><\/em><\/a><\/p>\n\n\n\n<p><\/p>\n\n\n\n<p><strong>Yamiri Rodr\u00edguez Madrid<\/strong><\/p>\n\n\n\n<p><em>La vuelta a Veracruz en un teclazo<\/em><\/p>\n\n\n\n<p>El a\u00f1o 2024 fue un a\u00f1o de claroscuros para Veracruz. Desde hechos trascendentales como el haber celebrado el bicentenario de su creaci\u00f3n como estado libre y soberano, hasta los hechos de violencia que quedaron marcados con sangre.<br>En este a\u00f1o que se va, Roc\u00edo Nahle Garc\u00eda asumi\u00f3 el cargo de gobernadora de Veracruz, convirti\u00e9ndose en la primera mujer en liderar el estado en 200 a\u00f1os. Durante su toma de protesta, anunci\u00f3 la realizaci\u00f3n de 12 eventos culturales anuales para promover el turismo y la cultura en la entidad, entre otras acciones importantes.<br>Dentro del saldo positivo, tenemos nuevos espacios culturales y de recreaci\u00f3n pues, en septiembre, el entonces presidente Andr\u00e9s Manuel L\u00f3pez Obrador inaugur\u00f3 la casa de Benito Ju\u00e1rez en el centro hist\u00f3rico del puerto de Veracruz, lugar donde el exmandatario residi\u00f3 entre 1858 y 1861. Asimismo, se restaur\u00f3 el antiguo edificio de la extinta delegaci\u00f3n de la Procuradur\u00eda General de la Rep\u00fablica, que funcionar\u00e1 como espacio cultural.<br>En noviembre, se inaugur\u00f3 la nueva cara del Aquarium de Veracruz. \u00c9stas mejoras incluyeron la ampliaci\u00f3n de las instalaciones, la construcci\u00f3n de un lobario con lobos marinos californianos y la rehabilitaci\u00f3n del delfinario. Adem\u00e1s, se renov\u00f3 la fachada de la plaza, incorporando una gran cabeza de tibur\u00f3n y una pantalla 3D.<br>Pero nos toc\u00f3 tambi\u00e9n, en julio, enfrentar los estragos de la tormenta tropical Chris, la cual provoc\u00f3 lluvias intensas en las zonas monta\u00f1osas de Veracruz, acumulando precipitaciones de casi 300 mil\u00edmetros. Esto result\u00f3 en deslizamientos de tierra que afectaron a m\u00e1s de 600 viviendas y causaron da\u00f1os en 58 colonias de la capital del estado.<br>A finales de octubre, fuertes lluvias en el sur del estado provocaron inundaciones que resultaron en p\u00e9rdidas econ\u00f3micas, desalojo de viviendas y una cifra preliminar de cinco fallecidos. El desbordamiento de varios r\u00edos exacerb\u00f3 la situaci\u00f3n, llevando a las autoridades a declarar emergencia estatal en las zonas afectadas.<br>Y por supuesto, estuvieron los diversos episodios de violencia que involucraron a fuerzas policiales. Entre ellos, el asesinato de Brando de Jes\u00fas Arellano Cruz, en Lerdo de Tejada a manos de polic\u00edas municipales en enero, y la agresi\u00f3n a manifestantes por parte de la polic\u00eda estatal en Mart\u00ednez de la Torre, en febrero.<br>Adem\u00e1s, el 9 de diciembre, el diputado federal del Partido Verde, Benito Aguas Atlahua, fue asesinado a balazos en Zongolica, un hecho que conmocion\u00f3 a la comunidad pol\u00edtica y a la sociedad veracruzana.<br>Estos son solo algunos de los hechos que marcaron, para bien y para mal a nuestro estado; que ya hicieron historia. Esperemos que el que est\u00e1 por llegar, nos traiga cosas buenas a todos los veracruzanos.<br>@YamiriRodr\u00edguez<\/p>\n","protected":false},"excerpt":{"rendered":"<p>S\u00edguenos ahora tambi\u00e9n en WhatsApp.\u00a0Da clic aqu\u00ed Yamiri Rodr\u00edguez Madrid La vuelta a Veracruz en un teclazo El a\u00f1o 2024 fue un a\u00f1o de claroscuros para Veracruz. Desde hechos trascendentales como el haber celebrado el bicentenario de su creaci\u00f3n como estado libre y soberano, hasta los hechos de violencia que quedaron marcados con sangre.En este [&hellip;]<\/p>\n","protected":false},"author":2,"featured_media":133405,"comment_status":"closed","ping_status":"closed","sticky":false,"template":"","format":"standard","meta":{"_jetpack_newsletter_access":"","_jetpack_dont_email_post_to_subs":false,"_jetpack_newsletter_tier_id":0,"_jetpack_memberships_contains_paywalled_content":false,"_jetpack_memberships_contains_paid_content":false,"footnotes":""},"categories":[70],"tags":[42407],"class_list":["post-134736","post","type-post","status-publish","format-standard","has-post-thumbnail","hentry","category-de-opinion","tag-yamiri-rodriguez-madrid"],"jetpack_featured_media_url":"https:\/\/lospoliticosveracruz.com.mx\/wp-content\/uploads\/2024\/12\/Yamiri.jpg","jetpack_sharing_enabled":true,"jetpack_shortlink":"https:\/\/wp.me\/p4Qcd3-z3a","_links":{"self":[{"href":"https:\/\/lospoliticosveracruz.com.mx\/index.php?rest_route=\/wp\/v2\/posts\/134736","targetHints":{"allow":["GET"]}}],"collection":[{"href":"https:\/\/lospoliticosveracruz.com.mx\/index.php?rest_route=\/wp\/v2\/posts"}],"about":[{"href":"https:\/\/lospoliticosveracruz.com.mx\/index.php?rest_route=\/wp\/v2\/types\/post"}],"author":[{"embeddable":true,"href":"https:\/\/lospoliticosveracruz.com.mx\/index.php?rest_route=\/wp\/v2\/users\/2"}],"replies":[{"embeddable":true,"href":"https:\/\/lospoliticosveracruz.com.mx\/index.php?rest_route=%2Fwp%2Fv2%2Fcomments&post=134736"}],"version-history":[{"count":2,"href":"https:\/\/lospoliticosveracruz.com.mx\/index.php?rest_route=\/wp\/v2\/posts\/134736\/revisions"}],"predecessor-version":[{"id":134738,"href":"https:\/\/lospoliticosveracruz.com.mx\/index.php?rest_route=\/wp\/v2\/posts\/134736\/revisions\/134738"}],"wp:featuredmedia":[{"embeddable":true,"href":"https:\/\/lospoliticosveracruz.com.mx\/index.php?rest_route=\/wp\/v2\/media\/133405"}],"wp:attachment":[{"href":"https:\/\/lospoliticosveracruz.com.mx\/index.php?rest_route=%2Fwp%2Fv2%2Fmedia&parent=134736"}],"wp:term":[{"taxonomy":"category","embeddable":true,"href":"https:\/\/lospoliticosveracruz.com.mx\/index.php?rest_route=%2Fwp%2Fv2%2Fcategories&post=134736"},{"taxonomy":"post_tag","embeddable":true,"href":"https:\/\/lospoliticosveracruz.com.mx\/index.php?rest_route=%2Fwp%2Fv2%2Ftags&post=134736"}],"curies":[{"name":"wp","href":"https:\/\/api.w.org\/{rel}","templated":true}]}}