{"id":134955,"date":"2025-01-04T13:06:34","date_gmt":"2025-01-04T19:06:34","guid":{"rendered":"https:\/\/lospoliticosveracruz.com.mx\/?p=134955"},"modified":"2025-01-04T13:10:13","modified_gmt":"2025-01-04T19:10:13","slug":"va-mc-con-212-naranjas","status":"publish","type":"post","link":"https:\/\/lospoliticosveracruz.com.mx\/?p=134955","title":{"rendered":"VA MC CON 212 NARANJAS!"},"content":{"rendered":"\n<p><strong>Enrique Yasser Pompeyo<\/strong><br><em>Coatepec<\/em><\/p>\n\n\n\n<p>El dirigente nacional de Movimiento Ciudadano, Jorge \u00c1lvarez M\u00e1ynez destac\u00f3 que tendr\u00e1n candidatos en los 212 municipios de Veracruz y augur\u00f3 triunfos para su instituto pol\u00edtico se consolide.<\/p>\n\n\n\n<p>\u00abEl reto que tenemos es ese, ser una alternativa que discute el futuro pol\u00edtico de Veracruz y de M\u00e9xico con esta nueva fuerza naranja\u00bb.<\/p>\n\n\n\n<p>El coordinador nacional confi\u00f3 en que puedan gobernar ciudades grandes, medias y peque\u00f1as de todas las regiones de Veracruz.<\/p>\n\n\n\n<p>Jorge \u00c1lvarez M\u00e1ynez record\u00f3 que tras la traici\u00f3n de los Yunes al PAN, solo quedan dos opciones, el partido oficial y MC.<\/p>\n\n\n\n<p>\u00abCientos de miles de veracruzanos que fueron a depositar su voto fueron traicionados\u00bb.<\/p>\n\n\n\n<p>Asimismo, destac\u00f3 que en Movimiento Ciudadano no tienen cola que les pisen y pueden caminar por las calles con tranquilidad.<\/p>\n\n\n\n<p>Con respecto a la elecci\u00f3n de jueces, magistrados y ministros, expuso que est\u00e1n enga\u00f1ando a los ciudadanos.<\/p>\n\n\n\n<p>\u00abEs una decisi\u00f3n precipitada, es un error a nivel nacional y adem\u00e1s de est\u00e1 enga\u00f1ando a la gente. No estamos en contra de elegirlos democr\u00e1ticamente, pero las listas las van a hacer en el gobierno y un partido con un criterio pol\u00edtico. Va a haber una lista controlada por quienes tienen el poder, va a ser una farsa una simulaci\u00f3n, se va a votar por personas previamente elegidas\u00bb.<\/p>\n","protected":false},"excerpt":{"rendered":"<p>Enrique Yasser PompeyoCoatepec El dirigente nacional de Movimiento Ciudadano, Jorge \u00c1lvarez M\u00e1ynez destac\u00f3 que tendr\u00e1n candidatos en los 212 municipios de Veracruz y augur\u00f3 triunfos para su instituto pol\u00edtico se consolide. \u00abEl reto que tenemos es ese, ser una alternativa que discute el futuro pol\u00edtico de Veracruz y de M\u00e9xico con esta nueva fuerza naranja\u00bb. [&hellip;]<\/p>\n","protected":false},"author":2,"featured_media":134957,"comment_status":"closed","ping_status":"closed","sticky":false,"template":"","format":"standard","meta":{"_jetpack_newsletter_access":"","_jetpack_dont_email_post_to_subs":false,"_jetpack_newsletter_tier_id":0,"_jetpack_memberships_contains_paywalled_content":false,"_jetpack_memberships_contains_paid_content":false,"footnotes":""},"categories":[6446],"tags":[277,2327,195],"class_list":["post-134955","post","type-post","status-publish","format-standard","has-post-thumbnail","hentry","category-la-nota","tag-coatepec","tag-movimiento-ciudadano","tag-veracruz"],"jetpack_featured_media_url":"https:\/\/lospoliticosveracruz.com.mx\/wp-content\/uploads\/2025\/01\/MC-Maynez.jpg","jetpack_sharing_enabled":true,"jetpack_shortlink":"https:\/\/wp.me\/p4Qcd3-z6H","_links":{"self":[{"href":"https:\/\/lospoliticosveracruz.com.mx\/index.php?rest_route=\/wp\/v2\/posts\/134955","targetHints":{"allow":["GET"]}}],"collection":[{"href":"https:\/\/lospoliticosveracruz.com.mx\/index.php?rest_route=\/wp\/v2\/posts"}],"about":[{"href":"https:\/\/lospoliticosveracruz.com.mx\/index.php?rest_route=\/wp\/v2\/types\/post"}],"author":[{"embeddable":true,"href":"https:\/\/lospoliticosveracruz.com.mx\/index.php?rest_route=\/wp\/v2\/users\/2"}],"replies":[{"embeddable":true,"href":"https:\/\/lospoliticosveracruz.com.mx\/index.php?rest_route=%2Fwp%2Fv2%2Fcomments&post=134955"}],"version-history":[{"count":2,"href":"https:\/\/lospoliticosveracruz.com.mx\/index.php?rest_route=\/wp\/v2\/posts\/134955\/revisions"}],"predecessor-version":[{"id":134961,"href":"https:\/\/lospoliticosveracruz.com.mx\/index.php?rest_route=\/wp\/v2\/posts\/134955\/revisions\/134961"}],"wp:featuredmedia":[{"embeddable":true,"href":"https:\/\/lospoliticosveracruz.com.mx\/index.php?rest_route=\/wp\/v2\/media\/134957"}],"wp:attachment":[{"href":"https:\/\/lospoliticosveracruz.com.mx\/index.php?rest_route=%2Fwp%2Fv2%2Fmedia&parent=134955"}],"wp:term":[{"taxonomy":"category","embeddable":true,"href":"https:\/\/lospoliticosveracruz.com.mx\/index.php?rest_route=%2Fwp%2Fv2%2Fcategories&post=134955"},{"taxonomy":"post_tag","embeddable":true,"href":"https:\/\/lospoliticosveracruz.com.mx\/index.php?rest_route=%2Fwp%2Fv2%2Ftags&post=134955"}],"curies":[{"name":"wp","href":"https:\/\/api.w.org\/{rel}","templated":true}]}}