{"id":135331,"date":"2025-01-10T07:57:52","date_gmt":"2025-01-10T13:57:52","guid":{"rendered":"https:\/\/lospoliticosveracruz.com.mx\/?p=135331"},"modified":"2025-01-10T07:58:10","modified_gmt":"2025-01-10T13:58:10","slug":"complot-contra-tebi","status":"publish","type":"post","link":"https:\/\/lospoliticosveracruz.com.mx\/?p=135331","title":{"rendered":"COMPLOT CONTRA TEBI&#8230;"},"content":{"rendered":"\n<p>S\u00edguenos ahora tambi\u00e9n en WhatsApp.&nbsp;<a href=\"https:\/\/whatsapp.com\/channel\/0029Va8zRWlEKyZIP3Z1dF0e\"><strong><em>Da clic aqu\u00ed<\/em><\/strong><\/a><\/p>\n\n\n\n<p><strong>Oved Contreras<\/strong><\/p>\n\n\n\n<p><em>Secas Mecas<\/em><\/p>\n\n\n\n<p>No cabe duda que m\u00e1s sabe el diablo&#8230;por viejo que por diablo&#8230;y eso mesmamente podemos decir del T\u00edo H\u00e9ttor Yunes quien oli\u00f3 el complot que dos diputadas guindas quer\u00edan hacerle al Tebi Bautista&#8230;el presidente de la Junta de Coordinaci\u00f3n Pol\u00edtica de la Legis&#8230;y par\u00f3 la jugada.<\/p>\n\n\n\n<p>Ya lo hab\u00eda anticipado Yunes Landa desde antes&#8230;cuando los diputeibols morenistas abandonaron el recinto pa reventar el quorum&#8230;y evitar que se presentara un punto de acuerdo a fin de que la presipeja Claudia Sheinbaum&#8230;reconsiderar\u00e1 el nombramiento del Ku\u00edcaras en el Cenegas\u2026porque en su gobierno lo que m\u00e1s prosper\u00f3 en Veracruz fueron las tomas clandestinas y el robo de gas natural&#8230;<\/p>\n\n\n\n<p>Por cierto&#8230;el columnista Manuel Rosete afirma que el Ku\u00edcaras anda recontento con ese cargo porque se trata de ver gas&#8230;.(no le entend\u00ed&#8230;) pero regresando al complot&#8230;las legisladoras guindas andaban alebrestando al T\u00edo H\u00e9ttor pa que armara un pancho en el recinto a la hora de que la T\u00eda Ch\u00edo se presentara a entregar la Medalla Adolfo Ruiz Cortines al maestro y poeta ind\u00edgena&#8230;Tirso Bautista.<\/p>\n\n\n\n<p>Y se aclara&#8230;el premiado se apellida igual que el Tebi Bautista&#8230;pero no son parientes&#8230;don Tirso es de Chicontepec&#8230;en la Huasteca Alta&#8230;y el Tebi de Tatahuicapan&#8230;la mera sierra Chinanteca&#8230;pues en ese evento quer\u00edan que el diputado priista hiciera un esc\u00e1ndalo para que Bautista quedara en mal con Do\u00f1a Zacatecas&#8230;&nbsp;<\/p>\n\n\n\n<p>Era \u00abuna trampa rupestre\u00bb&#8230;denuncia Yunes Landa&#8230; pa que se diera la impresi\u00f3n de que el tatahuico no pod\u00eda controlar el parlamento&#8230; \u00aben realidad dos integrantes del grupo legislativo de Morena cuyo g\u00e9nero me reservo para no ser acusado de violencia pol\u00edtica&#8230;le pusieron una trampa a su coordinador legislativo, el diputado Esteban Bautista\u00bb, dijo.<\/p>\n\n\n\n<p>A trav\u00e9s de una transmisi\u00f3n en redes sociales&#8230;el T\u00edo H\u00e9ttor abund\u00f3 que \u00abgarganta profunda le explic\u00f3 que la pretensi\u00f3n era provocar que hoy como respuesta (a que reventaron la sesi\u00f3n del mi\u00e9rcoles los morenistas)&#8230;alterara yo el orden en la ceremonia de la entrega de la Medalla Adolfo Ruiz Cortines y provocara el enojo de la gobernadora Roc\u00edo Nahle contra Esteban Bautista.<\/p>\n\n\n\n<p>LAS CAROLAS&#8230;el diputeibol chole\u00f1o que tiene el colmillo bien retorcido&#8230;no se dej\u00f3 encandilar&#8230;y no hizo pancho alguno&#8230;ech\u00e1ndoles a perder el jueguito que estas dos legisladoras se traen contra el TebiBau&#8230;y lo que el T\u00edo no dijo es el nombre de las complotistas&#8230;pero como aqu\u00ed no protegemos a nadie &#8230;pos ah\u00ed van las pistas de las que le hicieron el tinglado en contra del coordinador parlamentario.<\/p>\n\n\n\n<p>El nombre de una comienza con T de Tania y sigue con C&#8230;de Carola&#8230;y tiene un puesto importante en la mesa directiva&#8230;y de la segunda arg\u00fcendera su nombre comienza con D&#8230;de Dorheny&#8230;.y su apellido con G&#8230;de Garc\u00eda&#8230;y es carnala de un alto exfuncionario estatal&#8230;ah\u00ed na m\u00e1s les dejamos la v\u00edbora chillando&#8230;a ver si adivinannn&#8230;.!!!&nbsp;<\/p>\n\n\n\n<p>Osease que es fuego amigo&#8230;y no gratuito pos todos saben que la que se llama con T de Tania y C de Carola&#8230;est\u00e1 bien aliada con el Chaparr\u00f3n de Hueyapan&#8230;que ahora despacha en la delegaci\u00f3n del Bienestar&#8230;y le traen una tirria al Tebi Bautista porque exhibi\u00f3 las rater\u00edas en las pasadas legislatura&#8230;lo odian con odio jarocho&#8230;y le est\u00e1n armando conjuras&#8230;chismes&#8230;acusaciones&#8230;y hasta brujer\u00eda&#8230;pa que caiga de la gracia de la gobernadora.<\/p>\n\n\n\n<p>Pos ah\u00ed el Tebi Bautista le debe una al T\u00edo Hettor&#8230;que le desbarat\u00f3 el chismarajo que le ten\u00edan preparado estas dos diputadas carolistas y caronistas&#8230;que el tatahuico no olvide que es de caballeros agradecer el favor no pedido&#8230;que conste en el diario de debates&#8230;.!!!!<\/p>\n\n\n\n<p>EL PURGATORIO&#8230;en onde la cosa se va a poner color de hormiga&#8230;osease guinda oscuro&#8230;es en Medell\u00edn de Bravo&#8230;pos ora s\u00ed el Maleno Rosales se anot\u00f3 para ser candidato de Morena a la alcald\u00eda que actualmente tiene su archi-recontra-enemigo&#8230;el Marcos Isle\u00f1o&#8230;no se quieren nadita&#8230;y se van a agarrar a malenazos&#8230;y le\u00f1azos&#8230;y escupitajos&#8230;na m\u00e1s esp\u00e9rense tantito&#8230;!!!<\/p>\n\n\n\n<p>Si al Maleno le dan la candidatura&#8230;saldr\u00e1n chispas&#8230;porque Isle\u00f1o ha prometido que sobre su cad\u00e1ver&#8230;el Maleno ser\u00e1 su sucesor&#8230;que antes prefiere quemar el palacio municipal hasta los cimientos&#8230;y que no se arriesgar\u00e1 que le audite las cuentas en el 2026&#8230;.nou&#8230;nou&#8230;nouuuu&#8230;antes muerto que sencillo y malenista.<\/p>\n\n\n\n<p>Lo malo pa el Maleno Rosales&#8230;y bueno pal Isle\u00f1o&#8230;es que hay una requisito para negar las candidaturas morenistas a los deudores alimentarios&#8230;y dicen que los abogansters del Isle\u00f1o ya preparan las impugnaciones pa tumbarle la postulaci\u00f3n al Maleno&#8230;que no le quiere pasar pensi\u00f3n alimenticia a sus reto\u00f1os&#8230;le gusta regar la semilla por todas partes y no hacerse responsable de los chilpayates.<\/p>\n\n\n\n<p>Adem\u00e1s que le preparan una campa\u00f1a contra los juere\u00f1os&#8230;pos el Maleno no es medallo sino de Purga&#8230;osease del municipio de Manlio Fabio Altamirano&#8230;.tons no le toca gobernador a los medellinenses&#8230;que no se quieren con los purgue\u00f1os&#8230;o purgados&#8230;o como les digan a los de Purga&#8230;la mera tierra de la longaniza de lomo&#8230;y el queso de cuajo&#8230;<\/p>\n","protected":false},"excerpt":{"rendered":"<p>S\u00edguenos ahora tambi\u00e9n en WhatsApp.&nbsp;Da clic aqu\u00ed Oved Contreras Secas Mecas No cabe duda que m\u00e1s sabe el diablo&#8230;por viejo que por diablo&#8230;y eso mesmamente podemos decir del T\u00edo H\u00e9ttor Yunes quien oli\u00f3 el complot que dos diputadas guindas quer\u00edan hacerle al Tebi Bautista&#8230;el presidente de la Junta de Coordinaci\u00f3n Pol\u00edtica de la Legis&#8230;y par\u00f3 [&hellip;]<\/p>\n","protected":false},"author":2,"featured_media":119816,"comment_status":"closed","ping_status":"closed","sticky":false,"template":"","format":"standard","meta":{"_jetpack_newsletter_access":"","_jetpack_dont_email_post_to_subs":false,"_jetpack_newsletter_tier_id":0,"_jetpack_memberships_contains_paywalled_content":false,"_jetpack_memberships_contains_paid_content":false,"footnotes":""},"categories":[70],"tags":[],"class_list":["post-135331","post","type-post","status-publish","format-standard","has-post-thumbnail","hentry","category-de-opinion"],"jetpack_featured_media_url":"https:\/\/lospoliticosveracruz.com.mx\/wp-content\/uploads\/2024\/03\/Oved-Contreras.jpg","jetpack_sharing_enabled":true,"jetpack_shortlink":"https:\/\/wp.me\/p4Qcd3-zcL","_links":{"self":[{"href":"https:\/\/lospoliticosveracruz.com.mx\/index.php?rest_route=\/wp\/v2\/posts\/135331","targetHints":{"allow":["GET"]}}],"collection":[{"href":"https:\/\/lospoliticosveracruz.com.mx\/index.php?rest_route=\/wp\/v2\/posts"}],"about":[{"href":"https:\/\/lospoliticosveracruz.com.mx\/index.php?rest_route=\/wp\/v2\/types\/post"}],"author":[{"embeddable":true,"href":"https:\/\/lospoliticosveracruz.com.mx\/index.php?rest_route=\/wp\/v2\/users\/2"}],"replies":[{"embeddable":true,"href":"https:\/\/lospoliticosveracruz.com.mx\/index.php?rest_route=%2Fwp%2Fv2%2Fcomments&post=135331"}],"version-history":[{"count":2,"href":"https:\/\/lospoliticosveracruz.com.mx\/index.php?rest_route=\/wp\/v2\/posts\/135331\/revisions"}],"predecessor-version":[{"id":135333,"href":"https:\/\/lospoliticosveracruz.com.mx\/index.php?rest_route=\/wp\/v2\/posts\/135331\/revisions\/135333"}],"wp:featuredmedia":[{"embeddable":true,"href":"https:\/\/lospoliticosveracruz.com.mx\/index.php?rest_route=\/wp\/v2\/media\/119816"}],"wp:attachment":[{"href":"https:\/\/lospoliticosveracruz.com.mx\/index.php?rest_route=%2Fwp%2Fv2%2Fmedia&parent=135331"}],"wp:term":[{"taxonomy":"category","embeddable":true,"href":"https:\/\/lospoliticosveracruz.com.mx\/index.php?rest_route=%2Fwp%2Fv2%2Fcategories&post=135331"},{"taxonomy":"post_tag","embeddable":true,"href":"https:\/\/lospoliticosveracruz.com.mx\/index.php?rest_route=%2Fwp%2Fv2%2Ftags&post=135331"}],"curies":[{"name":"wp","href":"https:\/\/api.w.org\/{rel}","templated":true}]}}