{"id":135334,"date":"2025-01-10T08:02:54","date_gmt":"2025-01-10T14:02:54","guid":{"rendered":"https:\/\/lospoliticosveracruz.com.mx\/?p=135334"},"modified":"2025-01-10T08:05:39","modified_gmt":"2025-01-10T14:05:39","slug":"veracruz-y-el-reto-del-desarrollo-economico","status":"publish","type":"post","link":"https:\/\/lospoliticosveracruz.com.mx\/?p=135334","title":{"rendered":"VERACRUZ Y EL RETO DEL DESARROLLO ECON\u00d3MICO"},"content":{"rendered":"\n<p>S\u00edguenos ahora tambi\u00e9n en WhatsApp.&nbsp;<a href=\"https:\/\/whatsapp.com\/channel\/0029Va8zRWlEKyZIP3Z1dF0e\"><strong><em>Da clic aqu\u00ed<\/em><\/strong><\/a><\/p>\n\n\n\n<p><strong>Luis Alberto Romero<\/strong><\/p>\n\n\n\n<p><em>Hora cero<\/em><\/p>\n\n\n\n<p>El nuevo gobierno veracruzano inici\u00f3 funciones con un enorme reto en materia de desarrollo econ\u00f3mico: la escasa generaci\u00f3n de empleos formales y la baja competitividad estatal.<\/p>\n\n\n\n<p>Datos del Instituto Mexicano del Seguro Social indican que la entidad perdi\u00f3 2,392 empleos formales durante 2024.<\/p>\n\n\n\n<p>Veracruz estuvo muy lejos de alcanzar la meta de crear 67,500 empleos en el a\u00f1o pasado; contrario a ello, las cifras oficiales consignan una realidad lamentable: la p\u00e9rdida de empleos formales y el aumento en los \u00edndices de informalidad laboral, que pas\u00f3 de 66.6% a 70.1%.<\/p>\n\n\n\n<p>Por si fuera poco, la organizaci\u00f3n no gubernamental M\u00e9xico \u00bfc\u00f3mo vamos? revela que entre el segundo trimestre de 2023 y el mismo periodo de 2024, la productividad laboral (pesos producidos por hora trabajada) cay\u00f3 de 163 a 157.<\/p>\n\n\n\n<p>No es todo: datos del IMCO plantean un escenario complicado para la entidad en t\u00e9rminos de competitividad. El \u00cdndice de Competitividad Estatal 2024, sit\u00faa a Veracruz en la posici\u00f3n n\u00famero 24, con un nivel de competitividad media-baja.<\/p>\n\n\n\n<p>Veracruz se ubic\u00f3 lejos de los estados que destacan en innovaci\u00f3n y econom\u00eda, infraestructura, mercado de trabajo, sociedad y medio ambiente, derecho, sistema pol\u00edtico y gobiernos.<\/p>\n\n\n\n<p>En resumen, los estudios del IMCO se\u00f1alan que \u201cla entidad muestra los niveles m\u00e1s bajos en la morbilidad por enfermedades respiratorias, el costo promedio de la deuda y la participaci\u00f3n ciudadana\u2026 Sin embargo, es la tercera entidad con la menor cobertura educativa.<\/p>\n\n\n\n<p>A detalle, Veracruz se ubica en la posici\u00f3n 23 en los indicadores de derecho (que incluye seguridad y acceso a la justicia); est\u00e1 en el lugar 24 del pa\u00eds en innovaci\u00f3n y econom\u00eda; en el 26 en inversi\u00f3n extranjera directa; en el 27 en Producto Interno Bruto Perc\u00e1pita; y en el 24 en el indicador de crecimiento del PIB.<\/p>\n\n\n\n<p>De igual manera, el estado se ubica en la posici\u00f3n 26 en infraestructura; en el 28 del pa\u00eds en acceso a internet y cobertura de la telefon\u00eda m\u00f3vil.<\/p>\n\n\n\n<p>La posici\u00f3n 25 del pa\u00eds en el indicador de mercado laboral consigna e problema de Veracruz en generaci\u00f3n de empleos formales y bien pagados; un dato revelador es el lugar 31 en personas con ingreso por debajo de la l\u00ednea de bienestar; e igual posici\u00f3n en cuanto a mujeres econ\u00f3micamente activas.<\/p>\n\n\n\n<p>Debido a esos indicadores, la ONG plantea algunas propuestas: el dise\u00f1o de estrategias locales de atracci\u00f3n de inversi\u00f3n enfocadas al nearshoring, a partir de la creaci\u00f3n de agencias estatales; el fomento a la vinculaci\u00f3n entre las industrias e instituciones de educaci\u00f3n media superior y superior; el uso de medios digitales para presentar denuncias y darles seguimiento procesal, como herramienta de soporte para las fiscal\u00edas; y el dise\u00f1o de estrategias digitales para mejorar el acceso a los servicios de salud.<\/p>\n\n\n\n<p>Son, en t\u00e9rminos generales, los retos que enfrenta Veracruz en los temas de desarrollo econ\u00f3mico.<\/p>\n\n\n\n<p>@luisromero85<\/p>\n","protected":false},"excerpt":{"rendered":"<p>S\u00edguenos ahora tambi\u00e9n en WhatsApp.&nbsp;Da clic aqu\u00ed Luis Alberto Romero Hora cero El nuevo gobierno veracruzano inici\u00f3 funciones con un enorme reto en materia de desarrollo econ\u00f3mico: la escasa generaci\u00f3n de empleos formales y la baja competitividad estatal. Datos del Instituto Mexicano del Seguro Social indican que la entidad perdi\u00f3 2,392 empleos formales durante 2024. [&hellip;]<\/p>\n","protected":false},"author":2,"featured_media":119912,"comment_status":"closed","ping_status":"closed","sticky":false,"template":"","format":"standard","meta":{"_jetpack_newsletter_access":"","_jetpack_dont_email_post_to_subs":false,"_jetpack_newsletter_tier_id":0,"_jetpack_memberships_contains_paywalled_content":false,"_jetpack_memberships_contains_paid_content":false,"footnotes":""},"categories":[70],"tags":[],"class_list":["post-135334","post","type-post","status-publish","format-standard","has-post-thumbnail","hentry","category-de-opinion"],"jetpack_featured_media_url":"https:\/\/lospoliticosveracruz.com.mx\/wp-content\/uploads\/2024\/03\/Luis-Romero.jpg","jetpack_sharing_enabled":true,"jetpack_shortlink":"https:\/\/wp.me\/p4Qcd3-zcO","_links":{"self":[{"href":"https:\/\/lospoliticosveracruz.com.mx\/index.php?rest_route=\/wp\/v2\/posts\/135334","targetHints":{"allow":["GET"]}}],"collection":[{"href":"https:\/\/lospoliticosveracruz.com.mx\/index.php?rest_route=\/wp\/v2\/posts"}],"about":[{"href":"https:\/\/lospoliticosveracruz.com.mx\/index.php?rest_route=\/wp\/v2\/types\/post"}],"author":[{"embeddable":true,"href":"https:\/\/lospoliticosveracruz.com.mx\/index.php?rest_route=\/wp\/v2\/users\/2"}],"replies":[{"embeddable":true,"href":"https:\/\/lospoliticosveracruz.com.mx\/index.php?rest_route=%2Fwp%2Fv2%2Fcomments&post=135334"}],"version-history":[{"count":2,"href":"https:\/\/lospoliticosveracruz.com.mx\/index.php?rest_route=\/wp\/v2\/posts\/135334\/revisions"}],"predecessor-version":[{"id":135337,"href":"https:\/\/lospoliticosveracruz.com.mx\/index.php?rest_route=\/wp\/v2\/posts\/135334\/revisions\/135337"}],"wp:featuredmedia":[{"embeddable":true,"href":"https:\/\/lospoliticosveracruz.com.mx\/index.php?rest_route=\/wp\/v2\/media\/119912"}],"wp:attachment":[{"href":"https:\/\/lospoliticosveracruz.com.mx\/index.php?rest_route=%2Fwp%2Fv2%2Fmedia&parent=135334"}],"wp:term":[{"taxonomy":"category","embeddable":true,"href":"https:\/\/lospoliticosveracruz.com.mx\/index.php?rest_route=%2Fwp%2Fv2%2Fcategories&post=135334"},{"taxonomy":"post_tag","embeddable":true,"href":"https:\/\/lospoliticosveracruz.com.mx\/index.php?rest_route=%2Fwp%2Fv2%2Ftags&post=135334"}],"curies":[{"name":"wp","href":"https:\/\/api.w.org\/{rel}","templated":true}]}}