{"id":135338,"date":"2025-01-10T08:20:59","date_gmt":"2025-01-10T14:20:59","guid":{"rendered":"https:\/\/lospoliticosveracruz.com.mx\/?p=135338"},"modified":"2025-01-10T08:21:27","modified_gmt":"2025-01-10T14:21:27","slug":"y-polo-deschamps-se-fue-ahora-de-mc","status":"publish","type":"post","link":"https:\/\/lospoliticosveracruz.com.mx\/?p=135338","title":{"rendered":"Y POLO DESCHAMPS SE FUE\u2026 AHORA DE MC"},"content":{"rendered":"\n<p>S\u00edguenos ahora tambi\u00e9n en WhatsApp.\u00a0<a href=\"https:\/\/whatsapp.com\/channel\/0029Va8zRWlEKyZIP3Z1dF0e\"><em><strong>Da clic aqu\u00ed<\/strong><\/em><\/a><\/p>\n\n\n\n<p><strong>Arturo Reyes<\/strong><\/p>\n\n\n\n<p><em>Burladero<\/em><\/p>\n\n\n\n<p>Finalmente, esta semana se dio el momento de confirmar lo que se hab\u00eda venido especulando desde hace meses, pero hab\u00eda cobrado mayor fuerza el fin de semana pasado; el rumor ahora noticia confirmada fue que Polo Deschamps se registr\u00f3 para buscar contender por la alcald\u00eda del municipio de Alvarado, pero dejando atr\u00e1s a Movimiento Ciudadano y dar paso a su nueva etapa en Morena.<\/p>\n\n\n<div class=\"wp-block-image\">\n<figure class=\"alignleft size-medium\"><a href=\"https:\/\/lospoliticosveracruz.com.mx\/wp-content\/uploads\/2021\/10\/WhatsApp-Image-2021-10-02-at-15.20.25.jpeg\"><img loading=\"lazy\" decoding=\"async\" width=\"212\" height=\"300\" src=\"https:\/\/lospoliticosveracruz.com.mx\/wp-content\/uploads\/2021\/10\/WhatsApp-Image-2021-10-02-at-15.20.25-212x300.jpeg\" alt=\"\" class=\"wp-image-80177\" srcset=\"https:\/\/lospoliticosveracruz.com.mx\/wp-content\/uploads\/2021\/10\/WhatsApp-Image-2021-10-02-at-15.20.25-212x300.jpeg 212w, https:\/\/lospoliticosveracruz.com.mx\/wp-content\/uploads\/2021\/10\/WhatsApp-Image-2021-10-02-at-15.20.25-724x1024.jpeg 724w, https:\/\/lospoliticosveracruz.com.mx\/wp-content\/uploads\/2021\/10\/WhatsApp-Image-2021-10-02-at-15.20.25-768x1086.jpeg 768w, https:\/\/lospoliticosveracruz.com.mx\/wp-content\/uploads\/2021\/10\/WhatsApp-Image-2021-10-02-at-15.20.25.jpeg 905w\" sizes=\"auto, (max-width: 212px) 100vw, 212px\" \/><\/a><\/figure><\/div>\n\n\n<p>Panista (blanquiazul) de muchos a\u00f1os, poco m\u00e1s de diez, renunci\u00f3 en febrero de 2024; pas\u00f3 \u201crecientemente\u201d a las filas naranjas de Movimiento Ciudadano para decantar hoy en las del Movimiento de Regeneraci\u00f3n Nacional (Morena), partido desde el cual har\u00e1 campa\u00f1a proselitista y en caso de ganar, al menos tendr\u00e1n la garant\u00eda de que estar\u00e1 un periodo constitucional, por lo menos, seg\u00fan se presenten las circunstancias. &nbsp;&nbsp;&nbsp;&nbsp;<\/p>\n\n\n\n<p>Ni un a\u00f1o les dur\u00f3 el gusto a los emecistas, \u00a1uuy qu\u00e9 chafas! \u00bfDe qui\u00e9n es el saldo negativo?,\u00bfA qui\u00e9n se lo endilgamos? \u00bfA Gil o a Carbonell?<\/p>\n\n\n\n<p>Ah, no, nos aseguran que el art\u00edfice fue el hijo del exgobernador Delgado Rannauro; eran amigos desde muy j\u00f3venes, \u00e9l lo llev\u00f3.<\/p>\n\n\n\n<p><strong>Polo, pendientes en Medell\u00edn, \u00bfabierto desfalco?<\/strong><\/p>\n\n\n\n<p>Cabe recordar que tras su paso por el bello municipio de Medell\u00edn de Bravo, Polo fue se\u00f1alado p\u00fablicamente por propios y extra\u00f1os de generar y dejar un desfalco de pr\u00e1cticamente los cien millones de pesos a las arcas del erario.<\/p>\n\n\n\n<p>Adem\u00e1s del desfalco, se presentaron decenas de im\u00e1genes donde se apreciaba mobiliario y equipo de trabajo en total abandono, la nota fue \u201cDeschamps dej\u00f3 edificios y mobiliario en p\u00e9simo estado\u201d.<\/p>\n\n\n\n<p>En diciembre de 2022, el propio Cuitl\u00e1huac Garc\u00eda hac\u00eda p\u00fablico que se hab\u00edan \u201cinterpuesto denuncias por presuntos delitos de peculado, abuso de autoridad, incumplido de un deber legal y da\u00f1o patrimonial\u201d.<\/p>\n\n\n\n<p>Tan solo en abril del 2022 fue denunciado por un presunto da\u00f1o patrimonial de 65 millones de pesos. Sin la menor duda, pol\u00edticos de esa envergadura demuestran la falta de honorabilidad de la persona, independientemente de lo pol\u00edtico que pueda ser.<\/p>\n\n\n\n<p>Quienes conocen del tema aseguran que el chapulineo, pero sobre todo la impunidad de la que sigue gozando fue gracias a los pactos que logr\u00f3 acordar e su momento, sin duda un buen momento, con el exsecretario de gobierno Cisneros Burgos y tambi\u00e9n con los Yunes azules, los Yunes del estero, quienes intervinieron a favor de Polo, para protegerlo ante el Orfis.<\/p>\n\n\n\n<p><strong><em>\u00c1lvarez M\u00e1ynez prefiri\u00f3 no opinar al respecto, el s\u00e1bado en Xalapa&nbsp;<\/em><\/strong><\/p>\n\n\n\n<p>Tras la presentaci\u00f3n de su \u00faltimo libro \u201cM\u00e9xico Nuevo\u201d de editorial planeta, en la capital del estado de Veracruz, Xalapa, la tarde del pasado s\u00e1bado 04 de enero, en un c\u00e9ntrico caf\u00e9, donde se dieron cita decenas de militantes y simpatizantes naranjas, el Coordinador de la Comisi\u00f3n Operativa Nacional de Movimiento Ciudadano, Jorge \u00c1lvarez M\u00e1ynez, destin\u00f3 buena parte de su charla a desarrollar y comentar las l\u00edneas que conforman su obra.<\/p>\n\n\n\n<p>Justicia intergeneracional, un gobierno que facilite el emprendimiento, la vivienda como derecho y no como lujo, crecer desde lo local, el Covid y la educaci\u00f3n, as\u00ed como el derecho a la cultura son temas que aborda M\u00e1ynez (como es bien ubicado y conocido por quienes fueron a saludarlo) en el mismo de manera breve y concreta a lo largo de 120 p\u00e1ginas.<\/p>\n\n\n\n<p>Despu\u00e9s de charlar con todos aquellos que se acercaron a pedirle una foto, una <em>selfie<\/em>, un saludo o una firma -les regal\u00f3 \u00e9l mismo a todos un ejemplar de su libro, el cual tambi\u00e9n les firm\u00f3-, para concluir con la jornada del d\u00eda que inici\u00f3 por la ma\u00f1ana en Coatepec y concluy\u00f3 en el Caf\u00e9 Lindo.<\/p>\n\n\n\n<p>Una vez que termin\u00f3 emprendi\u00f3 el camino a su hotel, el cual se ubica a unos cuantos metros de donde fue la referida presentaci\u00f3n; iba acompa\u00f1ado por la plana mayor de MC y otras figuras de distintas zonas de la entidad, fue ah\u00ed que este reportero lo abord\u00f3 para lanzarle una pregunta con respecto al tema de Polo Deschamps, que ya se escuchaba con fuerza.<\/p>\n\n\n\n<p>&#8211; Presidente, \u00bfSu opini\u00f3n acerca de que Polo Deschamps, excandidato de su partido a la gubernatura de Veracruz este pretendiendo contender por la alcald\u00eda de Alvarado, pero por Morena y no por MC? &nbsp;<\/p>\n\n\n\n<p>&#8211; \u00c1lvarez M. &#8211; \u201cPues, primero\u2026 todo es hasta que es\u2026(breve pausa)&nbsp; y, y, yo no (breve pausa), yo no me prenuncio sobre especulaciones\u2026 ja ja ja\u201d.<\/p>\n\n\n\n<p>-Pero, \u00bfsi el lo intentar\u00e1 o al final apareciera como\u2026 (interrumpe M\u00e1ynez)?&nbsp;<\/p>\n\n\n\n<p>\u00c1lvarez M. &#8211; \u201cYo le tengo un respeto a Polo, le agradezco que haya sido un buen candidato de Movimiento Ciudadano y como te digo\u2026 (breve pausa) no, no tengo comentarios\u201d.<\/p>\n\n\n\n<p>Apresur\u00f3 el paso y se meti\u00f3 al citado hotel, visiblemente pensativo, seguido de la comitiva.<\/p>\n\n\n\n<p>La ma\u00f1ana del lunes siguiente la noticia ser\u00eda confirmada.<\/p>\n","protected":false},"excerpt":{"rendered":"<p>S\u00edguenos ahora tambi\u00e9n en WhatsApp.\u00a0Da clic aqu\u00ed Arturo Reyes Burladero Finalmente, esta semana se dio el momento de confirmar lo que se hab\u00eda venido especulando desde hace meses, pero hab\u00eda cobrado mayor fuerza el fin de semana pasado; el rumor ahora noticia confirmada fue que Polo Deschamps se registr\u00f3 para buscar contender por la alcald\u00eda [&hellip;]<\/p>\n","protected":false},"author":2,"featured_media":128464,"comment_status":"closed","ping_status":"closed","sticky":false,"template":"","format":"standard","meta":{"_jetpack_newsletter_access":"","_jetpack_dont_email_post_to_subs":false,"_jetpack_newsletter_tier_id":0,"_jetpack_memberships_contains_paywalled_content":false,"_jetpack_memberships_contains_paid_content":false,"footnotes":""},"categories":[70],"tags":[1026,195],"class_list":["post-135338","post","type-post","status-publish","format-standard","has-post-thumbnail","hentry","category-de-opinion","tag-morena","tag-veracruz"],"jetpack_featured_media_url":"https:\/\/lospoliticosveracruz.com.mx\/wp-content\/uploads\/2024\/08\/Arturo-Reyes.jpg","jetpack_sharing_enabled":true,"jetpack_shortlink":"https:\/\/wp.me\/p4Qcd3-zcS","_links":{"self":[{"href":"https:\/\/lospoliticosveracruz.com.mx\/index.php?rest_route=\/wp\/v2\/posts\/135338","targetHints":{"allow":["GET"]}}],"collection":[{"href":"https:\/\/lospoliticosveracruz.com.mx\/index.php?rest_route=\/wp\/v2\/posts"}],"about":[{"href":"https:\/\/lospoliticosveracruz.com.mx\/index.php?rest_route=\/wp\/v2\/types\/post"}],"author":[{"embeddable":true,"href":"https:\/\/lospoliticosveracruz.com.mx\/index.php?rest_route=\/wp\/v2\/users\/2"}],"replies":[{"embeddable":true,"href":"https:\/\/lospoliticosveracruz.com.mx\/index.php?rest_route=%2Fwp%2Fv2%2Fcomments&post=135338"}],"version-history":[{"count":2,"href":"https:\/\/lospoliticosveracruz.com.mx\/index.php?rest_route=\/wp\/v2\/posts\/135338\/revisions"}],"predecessor-version":[{"id":135340,"href":"https:\/\/lospoliticosveracruz.com.mx\/index.php?rest_route=\/wp\/v2\/posts\/135338\/revisions\/135340"}],"wp:featuredmedia":[{"embeddable":true,"href":"https:\/\/lospoliticosveracruz.com.mx\/index.php?rest_route=\/wp\/v2\/media\/128464"}],"wp:attachment":[{"href":"https:\/\/lospoliticosveracruz.com.mx\/index.php?rest_route=%2Fwp%2Fv2%2Fmedia&parent=135338"}],"wp:term":[{"taxonomy":"category","embeddable":true,"href":"https:\/\/lospoliticosveracruz.com.mx\/index.php?rest_route=%2Fwp%2Fv2%2Fcategories&post=135338"},{"taxonomy":"post_tag","embeddable":true,"href":"https:\/\/lospoliticosveracruz.com.mx\/index.php?rest_route=%2Fwp%2Fv2%2Ftags&post=135338"}],"curies":[{"name":"wp","href":"https:\/\/api.w.org\/{rel}","templated":true}]}}