{"id":135341,"date":"2025-01-10T09:45:07","date_gmt":"2025-01-10T15:45:07","guid":{"rendered":"https:\/\/lospoliticosveracruz.com.mx\/?p=135341"},"modified":"2025-01-10T09:45:28","modified_gmt":"2025-01-10T15:45:28","slug":"van-9-a-la-eleccion-judicial-yeya","status":"publish","type":"post","link":"https:\/\/lospoliticosveracruz.com.mx\/?p=135341","title":{"rendered":"VAN 9 A LA ELECCI\u00d3N JUDICIAL!: YEYA"},"content":{"rendered":"\n<p>S\u00edguenos ahora tambi\u00e9n en WhatsApp.&nbsp;<a href=\"https:\/\/whatsapp.com\/channel\/0029Va8zRWlEKyZIP3Z1dF0e\"><strong><em>Da clic aqu\u00ed<\/em><\/strong><\/a><\/p>\n\n\n\n<p><strong>Karla M\u00e9ndez\u00a0<\/strong><\/p>\n\n\n\n<p>La presidenta del&nbsp;&nbsp;Poder Judicial del Estado de Veracruz, Lisbeth Aurelia Jim\u00e9nez Aguirre, dio a conocer que nueve de sus compa\u00f1eros magistrados participar\u00e1n en el proceso electoral extraordinario para la elecci\u00f3n de juzgadores locales.<\/p>\n\n\n\n<p>En entrevista, se\u00f1al\u00f3 que los actuales magistrados tendr\u00e1n pase directo al registro de candidatos que ser\u00e1n votados el 1 de junio.<\/p>\n\n\n\n<p>El viernes 3 de junio se instal\u00f3 el Consejo General del Organismo P\u00fablico Local Electoral (OPLE) por el que se dio inicio al proceso extraordinario para la elecci\u00f3n de 19 magistrados y poco m\u00e1s de 80 jueces de Veracruz.<\/p>\n\n\n\n<p>Este mi\u00e9rcoles 8 de enero, durante la lectura de la correspondencia, el Consejo de la Judicatura remiti\u00f3 un informe de los espacios que se tendr\u00e1n que renovar en la elecci\u00f3n del 1 de junio.<\/p>\n\n\n\n<p>\u201cSon nueve voluntarios. Ya se enviaron los informes aqu\u00ed al Congreso del Estado. Entonces, bueno, tenemos que esperar todo el proceso que corresponde aqu\u00ed. No, no prev\u00e9n ninguna renuncia, al menos la reforma federal, lo que se est\u00e1 previendo es el pase directo. Es decir, los que ya est\u00e1n en funci\u00f3n es que voluntariamente, entre las suscritas que vamos a ir a elecci\u00f3n, son nueve.\u00bb<\/p>\n\n\n\n<p>Reiter\u00f3 que quien se inscribi\u00f3 en el proceso federal no se puede inscribir en la elecci\u00f3n local, podr\u00edan hacerlo en el 2027, cuando se prev\u00e9 la renovaci\u00f3n del&nbsp;&nbsp;50 por ciento de los jueces y magistrados veracruzanos.<\/p>\n\n\n\n<p>Dijo que est\u00e1n a la espera de las reformas al c\u00f3digo electoral, para saber c\u00f3mo van a hacer campa\u00f1a y de d\u00f3nde van a poder obtener recursos para promoverse entre los electores.<\/p>\n\n\n\n<p>\u201cEstamos esperando las reglas, la convocatoria, las reglas con el Ople, todo eso. Creo que tenemos que esperar los tiempos\u201d dijo a los medios de comunicaci\u00f3n.<\/p>\n\n\n\n<p>Consider\u00f3 que para convencer a los electores que&nbsp;&nbsp;voten por ellos, es necesario hacerle saber a la ciudadan\u00eda el trabajo que estamos realizando desde la instituci\u00f3n, \u201cy que sepan que tenemos ese compromiso con la ciudadan\u00eda de que la justicia sea cercana. Sea cercana y cada vez est\u00e9 m\u00e1s a la mano de todos\u201d.<\/p>\n","protected":false},"excerpt":{"rendered":"<p>S\u00edguenos ahora tambi\u00e9n en WhatsApp.&nbsp;Da clic aqu\u00ed Karla M\u00e9ndez\u00a0 La presidenta del&nbsp;&nbsp;Poder Judicial del Estado de Veracruz, Lisbeth Aurelia Jim\u00e9nez Aguirre, dio a conocer que nueve de sus compa\u00f1eros magistrados participar\u00e1n en el proceso electoral extraordinario para la elecci\u00f3n de juzgadores locales. En entrevista, se\u00f1al\u00f3 que los actuales magistrados tendr\u00e1n pase directo al registro de [&hellip;]<\/p>\n","protected":false},"author":2,"featured_media":135342,"comment_status":"closed","ping_status":"closed","sticky":false,"template":"","format":"standard","meta":{"_jetpack_newsletter_access":"","_jetpack_dont_email_post_to_subs":false,"_jetpack_newsletter_tier_id":0,"_jetpack_memberships_contains_paywalled_content":false,"_jetpack_memberships_contains_paid_content":false,"footnotes":""},"categories":[6446],"tags":[36463,3272,19497],"class_list":["post-135341","post","type-post","status-publish","format-standard","has-post-thumbnail","hentry","category-la-nota","tag-lisbeth-aurelia-jimenez-aguirre","tag-ople","tag-poder-judicial-del-estado-de-veracruz"],"jetpack_featured_media_url":"https:\/\/lospoliticosveracruz.com.mx\/wp-content\/uploads\/2025\/01\/Lisbeth-Aurelia.jpg","jetpack_sharing_enabled":true,"jetpack_shortlink":"https:\/\/wp.me\/p4Qcd3-zcV","_links":{"self":[{"href":"https:\/\/lospoliticosveracruz.com.mx\/index.php?rest_route=\/wp\/v2\/posts\/135341","targetHints":{"allow":["GET"]}}],"collection":[{"href":"https:\/\/lospoliticosveracruz.com.mx\/index.php?rest_route=\/wp\/v2\/posts"}],"about":[{"href":"https:\/\/lospoliticosveracruz.com.mx\/index.php?rest_route=\/wp\/v2\/types\/post"}],"author":[{"embeddable":true,"href":"https:\/\/lospoliticosveracruz.com.mx\/index.php?rest_route=\/wp\/v2\/users\/2"}],"replies":[{"embeddable":true,"href":"https:\/\/lospoliticosveracruz.com.mx\/index.php?rest_route=%2Fwp%2Fv2%2Fcomments&post=135341"}],"version-history":[{"count":1,"href":"https:\/\/lospoliticosveracruz.com.mx\/index.php?rest_route=\/wp\/v2\/posts\/135341\/revisions"}],"predecessor-version":[{"id":135343,"href":"https:\/\/lospoliticosveracruz.com.mx\/index.php?rest_route=\/wp\/v2\/posts\/135341\/revisions\/135343"}],"wp:featuredmedia":[{"embeddable":true,"href":"https:\/\/lospoliticosveracruz.com.mx\/index.php?rest_route=\/wp\/v2\/media\/135342"}],"wp:attachment":[{"href":"https:\/\/lospoliticosveracruz.com.mx\/index.php?rest_route=%2Fwp%2Fv2%2Fmedia&parent=135341"}],"wp:term":[{"taxonomy":"category","embeddable":true,"href":"https:\/\/lospoliticosveracruz.com.mx\/index.php?rest_route=%2Fwp%2Fv2%2Fcategories&post=135341"},{"taxonomy":"post_tag","embeddable":true,"href":"https:\/\/lospoliticosveracruz.com.mx\/index.php?rest_route=%2Fwp%2Fv2%2Ftags&post=135341"}],"curies":[{"name":"wp","href":"https:\/\/api.w.org\/{rel}","templated":true}]}}