{"id":135344,"date":"2025-01-10T09:50:42","date_gmt":"2025-01-10T15:50:42","guid":{"rendered":"https:\/\/lospoliticosveracruz.com.mx\/?p=135344"},"modified":"2025-01-10T09:52:26","modified_gmt":"2025-01-10T15:52:26","slug":"registro-fue-en-santa-paz","status":"publish","type":"post","link":"https:\/\/lospoliticosveracruz.com.mx\/?p=135344","title":{"rendered":"REGISTRO FUE EN SANTA PAZ!"},"content":{"rendered":"\n<p>S\u00edguenos ahora tambi\u00e9n en WhatsApp.\u00a0<a href=\"https:\/\/whatsapp.com\/channel\/0029Va8zRWlEKyZIP3Z1dF0e\"><em><strong>Da clic aqu\u00ed<\/strong><\/em><\/a><\/p>\n\n\n\n<p><\/p>\n\n\n\n<p>Esteban Ram\u00edrez Zepeta, presidente del Comit\u00e9 Ejecutivo Estatal de Morena en Veracruz, inform\u00f3 que el proceso de registros de aspirantes a alcald\u00edas, s\u00edndicaturas y regidur\u00edas de este partido fue transparente, democr\u00e1tico y se realiz\u00f3 en completa calma, \u201clo que demuestra que somos un movimiento que est\u00e1 a la altura de lo que las y los veracruzanos est\u00e1n exigiendo\u201d, agreg\u00f3.<\/p>\n\n\n\n<p>\u201cEl proceso de registros de compa\u00f1eras y compa\u00f1eros que aspiran a alcaldes, s\u00edndicos o regidores de los 212 municipios fue abierto, transparente y democr\u00e1tico, pero sobre todo, y lo que es m\u00e1s importante para m\u00ed, es que si bien hubo mucha algarab\u00eda, este proceso se realiz\u00f3 en completa calma\u201d, se\u00f1al\u00f3.<\/p>\n\n\n\n<p>El dirigente morenista dio a conocer adem\u00e1s que la plataforma atendi\u00f3 y recibi\u00f3 5,140 registros, de los cuales 2,063 son para el cargo de alcaldes, 582 para s\u00edndicos y 2,489 para regidur\u00edas.<\/p>\n\n\n\n<p>\u201cTenemos contabilizados 5,140 registros en total, de los cuales casi 2,100 son para alcaldes, casi 2,500 para regidores y 582 para sindicaturas. De estos m\u00e1s de 5,100 registros 3,087 son hombres y 2,017 mujeres, en tanto que 30 de los que se registraron se identificaron con otro g\u00e9nero\u201d, explic\u00f3.<\/p>\n\n\n\n<p>Esteban Ram\u00edrez Zepeta insisti\u00f3 en que con este proceso de registros el partido da una muestra de estar a la altura de lo que las y los veracruzanos exigen, \u201cpero tambi\u00e9n es un claro y contundente mensaje de que vamos a arrasar en las elecciones que se realizar\u00e1n en los 212 municipios, porque tendremos, sin duda alguna, los perfiles m\u00e1s competitivos, perfiles de compa\u00f1eras y compa\u00f1eros identificados con nuestro movimiento pero sobre todo, comprometidos con el esfuerzo y con el proyecto de nuestra presidenta Claudia Sheinbaum y de nuestra gobernadora Roc\u00edo Nahle Garc\u00eda\u201d, concluy\u00f3.<\/p>\n","protected":false},"excerpt":{"rendered":"<p>S\u00edguenos ahora tambi\u00e9n en WhatsApp.\u00a0Da clic aqu\u00ed Esteban Ram\u00edrez Zepeta, presidente del Comit\u00e9 Ejecutivo Estatal de Morena en Veracruz, inform\u00f3 que el proceso de registros de aspirantes a alcald\u00edas, s\u00edndicaturas y regidur\u00edas de este partido fue transparente, democr\u00e1tico y se realiz\u00f3 en completa calma, \u201clo que demuestra que somos un movimiento que est\u00e1 a la [&hellip;]<\/p>\n","protected":false},"author":2,"featured_media":135346,"comment_status":"closed","ping_status":"closed","sticky":false,"template":"","format":"standard","meta":{"_jetpack_newsletter_access":"","_jetpack_dont_email_post_to_subs":false,"_jetpack_newsletter_tier_id":0,"_jetpack_memberships_contains_paywalled_content":false,"_jetpack_memberships_contains_paid_content":false,"footnotes":""},"categories":[73],"tags":[17053,20351],"class_list":["post-135344","post","type-post","status-publish","format-standard","has-post-thumbnail","hentry","category-de-boleto","tag-esteban-ramirez-zepeta","tag-morena-en-veracruz"],"jetpack_featured_media_url":"https:\/\/lospoliticosveracruz.com.mx\/wp-content\/uploads\/2025\/01\/Esteban.jpg","jetpack_sharing_enabled":true,"jetpack_shortlink":"https:\/\/wp.me\/p4Qcd3-zcY","_links":{"self":[{"href":"https:\/\/lospoliticosveracruz.com.mx\/index.php?rest_route=\/wp\/v2\/posts\/135344","targetHints":{"allow":["GET"]}}],"collection":[{"href":"https:\/\/lospoliticosveracruz.com.mx\/index.php?rest_route=\/wp\/v2\/posts"}],"about":[{"href":"https:\/\/lospoliticosveracruz.com.mx\/index.php?rest_route=\/wp\/v2\/types\/post"}],"author":[{"embeddable":true,"href":"https:\/\/lospoliticosveracruz.com.mx\/index.php?rest_route=\/wp\/v2\/users\/2"}],"replies":[{"embeddable":true,"href":"https:\/\/lospoliticosveracruz.com.mx\/index.php?rest_route=%2Fwp%2Fv2%2Fcomments&post=135344"}],"version-history":[{"count":1,"href":"https:\/\/lospoliticosveracruz.com.mx\/index.php?rest_route=\/wp\/v2\/posts\/135344\/revisions"}],"predecessor-version":[{"id":135347,"href":"https:\/\/lospoliticosveracruz.com.mx\/index.php?rest_route=\/wp\/v2\/posts\/135344\/revisions\/135347"}],"wp:featuredmedia":[{"embeddable":true,"href":"https:\/\/lospoliticosveracruz.com.mx\/index.php?rest_route=\/wp\/v2\/media\/135346"}],"wp:attachment":[{"href":"https:\/\/lospoliticosveracruz.com.mx\/index.php?rest_route=%2Fwp%2Fv2%2Fmedia&parent=135344"}],"wp:term":[{"taxonomy":"category","embeddable":true,"href":"https:\/\/lospoliticosveracruz.com.mx\/index.php?rest_route=%2Fwp%2Fv2%2Fcategories&post=135344"},{"taxonomy":"post_tag","embeddable":true,"href":"https:\/\/lospoliticosveracruz.com.mx\/index.php?rest_route=%2Fwp%2Fv2%2Ftags&post=135344"}],"curies":[{"name":"wp","href":"https:\/\/api.w.org\/{rel}","templated":true}]}}