{"id":135443,"date":"2025-01-12T08:23:37","date_gmt":"2025-01-12T14:23:37","guid":{"rendered":"https:\/\/lospoliticosveracruz.com.mx\/?p=135443"},"modified":"2025-01-12T08:23:51","modified_gmt":"2025-01-12T14:23:51","slug":"justicia-sin-prisa-reforma-sin-analisis","status":"publish","type":"post","link":"https:\/\/lospoliticosveracruz.com.mx\/?p=135443","title":{"rendered":"JUSTICIA SIN PRISA, REFORMA SIN AN\u00c1LISIS"},"content":{"rendered":"\n<p>[S\u00edguenos ahora tambi\u00e9n en WhatsApp.\u00a0<a href=\"https:\/\/whatsapp.com\/channel\/0029Va8zRWlEKyZIP3Z1dF0e\"><strong><em>Da clic aqu\u00ed<\/em><\/strong><\/a>]\u00a0<\/p>\n\n\n\n<p><strong>Elena C\u00f3rdova Molina<\/strong><\/p>\n\n\n\n<p><em>Legislando contigo<\/em><br><\/p>\n\n\n\n<p>La \u00faltima sesi\u00f3n fue, por decirlo suavemente, vergonzosa. Mientras algunos acudimos al Congreso con responsabilidad, otros optan por abandonar la sesi\u00f3n, reventando el qu\u00f3rum. El Congreso debe ser un espacio de di\u00e1logo, no un escenario para juegos pol\u00edticos.<\/p>\n\n\n\n<p>Pero vayamos al tema, hablemos de la reforma al Poder Judicial.<\/p>\n\n\n\n<p>Como dir\u00eda Juan Gabriel: \u201c\u00bfPero qu\u00e9 necesidad?\u201d Morena insiste en aprobar reformas apresuradamente, sacrificando el an\u00e1lisis y el debate p\u00fablico. Esta prisa es una estrategia para imponer, no para construir.<\/p>\n\n\n\n<p>Por supuesto que el Poder Judicial necesita modernizarse, pero cambiar las reglas de los jueces, sin fortalecer antes a quienes investigan, es como construir una casa comenzando por el techo. Sin fiscales preparados ni procesos claros, cualquier reforma es una ilusi\u00f3n. Combatir la corrupci\u00f3n suena bien, pero la pregunta es: \u00bfc\u00f3mo hacerlo sin destruir las instituciones que debemos mejorar?<\/p>\n\n\n\n<p>El dictamen de esta reforma es un ejemplo de lo que no debe hacerse: fue presentado, turnado y aprobado el mismo d\u00eda, sin tiempo para analizar sus consecuencias. Eso no es legislar, es copiar y pegar.<\/p>\n\n\n\n<p>Mientras tanto, temas esenciales, como la Ley de Educaci\u00f3n de Veracruz, llevan seis a\u00f1os de retraso. Pero para Morena, legislar con visi\u00f3n no es prioridad. Prefieren improvisar en el sistema de justicia, sin medir las consecuencias.<\/p>\n\n\n\n<p>Pero hay algo peor, en menos de un mes tuvieron que corregir la reforma que aprobaron el 23 de diciembre. Morena y sus aliados modificaron disposiciones porque ni ellos entendieron lo que votaron.<\/p>\n\n\n\n<p>Los veracruzanos merecen diputados que trabajemos con seriedad, no con prisas. Aprobar reformas al vapor solo trae errores costosos. Por eso, vot\u00e9 en contra de este dictamen.<\/p>\n\n\n\n<p>Por un Veracruz con reformas visionarias, no parches legislativos. Aqu\u00ed tienes a Una Alte\u00f1a, legislando contigo por un mejor futuro para todos.<\/p>\n","protected":false},"excerpt":{"rendered":"<p>[S\u00edguenos ahora tambi\u00e9n en WhatsApp.\u00a0Da clic aqu\u00ed]\u00a0 Elena C\u00f3rdova Molina Legislando contigo La \u00faltima sesi\u00f3n fue, por decirlo suavemente, vergonzosa. Mientras algunos acudimos al Congreso con responsabilidad, otros optan por abandonar la sesi\u00f3n, reventando el qu\u00f3rum. El Congreso debe ser un espacio de di\u00e1logo, no un escenario para juegos pol\u00edticos. Pero vayamos al tema, hablemos [&hellip;]<\/p>\n","protected":false},"author":2,"featured_media":134157,"comment_status":"closed","ping_status":"closed","sticky":false,"template":"","format":"standard","meta":{"_jetpack_newsletter_access":"","_jetpack_dont_email_post_to_subs":false,"_jetpack_newsletter_tier_id":0,"_jetpack_memberships_contains_paywalled_content":false,"_jetpack_memberships_contains_paid_content":false,"footnotes":""},"categories":[70],"tags":[331,4673,1026,82,41304,195],"class_list":["post-135443","post","type-post","status-publish","format-standard","has-post-thumbnail","hentry","category-de-opinion","tag-congreso-del-estado","tag-elena-cordova-molina","tag-morena","tag-poder-judicial","tag-reforma-judicial","tag-veracruz"],"jetpack_featured_media_url":"https:\/\/lospoliticosveracruz.com.mx\/wp-content\/uploads\/2024\/12\/Elena-Cordova-Molina.jpg","jetpack_sharing_enabled":true,"jetpack_shortlink":"https:\/\/wp.me\/p4Qcd3-zez","_links":{"self":[{"href":"https:\/\/lospoliticosveracruz.com.mx\/index.php?rest_route=\/wp\/v2\/posts\/135443","targetHints":{"allow":["GET"]}}],"collection":[{"href":"https:\/\/lospoliticosveracruz.com.mx\/index.php?rest_route=\/wp\/v2\/posts"}],"about":[{"href":"https:\/\/lospoliticosveracruz.com.mx\/index.php?rest_route=\/wp\/v2\/types\/post"}],"author":[{"embeddable":true,"href":"https:\/\/lospoliticosveracruz.com.mx\/index.php?rest_route=\/wp\/v2\/users\/2"}],"replies":[{"embeddable":true,"href":"https:\/\/lospoliticosveracruz.com.mx\/index.php?rest_route=%2Fwp%2Fv2%2Fcomments&post=135443"}],"version-history":[{"count":1,"href":"https:\/\/lospoliticosveracruz.com.mx\/index.php?rest_route=\/wp\/v2\/posts\/135443\/revisions"}],"predecessor-version":[{"id":135444,"href":"https:\/\/lospoliticosveracruz.com.mx\/index.php?rest_route=\/wp\/v2\/posts\/135443\/revisions\/135444"}],"wp:featuredmedia":[{"embeddable":true,"href":"https:\/\/lospoliticosveracruz.com.mx\/index.php?rest_route=\/wp\/v2\/media\/134157"}],"wp:attachment":[{"href":"https:\/\/lospoliticosveracruz.com.mx\/index.php?rest_route=%2Fwp%2Fv2%2Fmedia&parent=135443"}],"wp:term":[{"taxonomy":"category","embeddable":true,"href":"https:\/\/lospoliticosveracruz.com.mx\/index.php?rest_route=%2Fwp%2Fv2%2Fcategories&post=135443"},{"taxonomy":"post_tag","embeddable":true,"href":"https:\/\/lospoliticosveracruz.com.mx\/index.php?rest_route=%2Fwp%2Fv2%2Ftags&post=135443"}],"curies":[{"name":"wp","href":"https:\/\/api.w.org\/{rel}","templated":true}]}}