{"id":135599,"date":"2025-01-14T07:40:05","date_gmt":"2025-01-14T13:40:05","guid":{"rendered":"https:\/\/lospoliticosveracruz.com.mx\/?p=135599"},"modified":"2025-01-14T07:40:31","modified_gmt":"2025-01-14T13:40:31","slug":"un-rector-sin-legado","status":"publish","type":"post","link":"https:\/\/lospoliticosveracruz.com.mx\/?p=135599","title":{"rendered":"UN RECTOR SIN LEGADO"},"content":{"rendered":"\n<p>S\u00edguenos ahora tambi\u00e9n en WhatsApp.&nbsp;<a href=\"https:\/\/whatsapp.com\/channel\/0029Va8zRWlEKyZIP3Z1dF0e\"><strong><em>Da clic aqu\u00ed<\/em><\/strong><\/a><\/p>\n\n\n\n<p><strong>Yamiri Rodr\u00edguez Madrid<\/strong><\/p>\n\n\n\n<p>La vuelta a Veracruz en un teclazo<\/p>\n\n\n\n<p>Dicen que el tiempo siempre pone a todos en su justa dimensi\u00f3n.&nbsp;&nbsp;&nbsp;Desde 1917, cuando se estableci\u00f3 la creaci\u00f3n de la Universidad Veracruzana (UV) en la Constituci\u00f3n Pol\u00edtica estatal, la instituci\u00f3n ha tenido sus altas y bajas, aunque en este momento se encuentra empantanada.&nbsp;&nbsp;&nbsp;Con una gesti\u00f3n por dem\u00e1s gris, su rector Mart\u00edn Aguilar insiste en reelegirse por otros cuatro a\u00f1os.<\/p>\n\n\n\n<p>El l Dr. Manuel Su\u00e1rez Trujillo fue el primer rector de la UV en 1944. Desde entonces, han pasado muchos que han dejado un legado, que son recordados por su gran trabajo y unos que pasar\u00e1n al olvido por grises, como es el actual caso.<\/p>\n\n\n\n<p>El antrop\u00f3logo y defensor de los derechos de los pueblos ind\u00edgenas, Gonzalo Aguirre Beltr\u00e1n, impuls\u00f3 la investigaci\u00f3n acad\u00e9mica y la promoci\u00f3n de la cultura ind\u00edgena, fortaleciendo la Facultad de Antropolog\u00eda. Su legado fue sentar las bases para la vinculaci\u00f3n de la UV con el desarrollo social y cultural del estado de Veracruz.<\/p>\n\n\n\n<p>En la d\u00e9cada de los 70\u2019s, Emilio Gidi Villareal, reform\u00f3 los planes de estudio y promovi\u00f3 un modelo acad\u00e9mico moderno y humanista. Durante su administraci\u00f3n, se fortalecieron las \u00e1reas de ciencias sociales y humanidades.<\/p>\n\n\n\n<p>Uno de los rectores m\u00e1s recordados es, sin duda, Roberto Bravo Garz\u00f3n, quien implement\u00f3 el Programa de Innovaci\u00f3n Acad\u00e9mica, creando el Sistema de Ense\u00f1anza Abierta (SEA) y favoreci\u00f3 la descentralizaci\u00f3n acad\u00e9mica de la UV, llevando educaci\u00f3n de calidad a las distintas regiones de Veracruz.<\/p>\n\n\n\n<p>Aunque pol\u00e9mico, V\u00edctor Arredondo \u00c1lvarez, impuls\u00f3 la internacionalizaci\u00f3n de la UV y cre\u00f3 el Sistema Universitario de Mejora Continua (SUMA). Tambi\u00e9n promovi\u00f3 la creaci\u00f3n de la Red de Universidades Virtuales. Con \u00e9l, la UV se consolid\u00f3 como una instituci\u00f3n innovadora en la educaci\u00f3n en l\u00ednea y en las tecnolog\u00edas de informaci\u00f3n.<\/p>\n\n\n\n<p>El \u00faltimo rector que dej\u00f3 un legado fue Ra\u00fal Arias Lovillo.&nbsp;&nbsp;Durante su rectorado, la UV avanz\u00f3 significativamente en los rankings nacionales e internacionales. Cre\u00f3 el modelo educativo integral para estudiantes y reforz\u00f3 los v\u00ednculos con instituciones globales. Logr\u00f3 tambi\u00e9n la acreditaci\u00f3n de m\u00faltiples programas educativos y fortaleci\u00f3 el sistema de becas para estudiantes.<\/p>\n\n\n\n<p>Sara Ladr\u00f3n de Guevara pas\u00f3 a la historia por ser la primera acad\u00e9mica en ser rectora de la Universidad Veracruzana, pero sus ocho a\u00f1os al frente de la instituci\u00f3n fueron grises, ins\u00edpidos, iguales a los del actual rector.<\/p>\n\n\n\n<p>Si le preguntamos a la comunidad universitaria qu\u00e9 es lo m\u00e1s notable que ha hecho Mart\u00edn Aguilar en estos casi cuatro a\u00f1os al frente de la m\u00e1xima casa de estudios en la entidad, no saben qu\u00e9 responder: ni estudiantes ni acad\u00e9micos ni trabajadores.&nbsp;&nbsp;Si bien la UV es aut\u00f3noma, tampoco tiene una buena relaci\u00f3n con la nueva administraci\u00f3n estatal. La muestra es la aclaraci\u00f3n p\u00fablica que le tuvo que hacer la gobernadora Roc\u00edo Nahle en torno al 4 por ciento que demandaba de incremento y que ya estaba. No se le toma en cuenta, est\u00e1 relegado.<\/p>\n\n\n\n<p>Aun con todo eso, con los problemas internos, tiene la aspiraci\u00f3n de quedarse otros cuatro a\u00f1os.&nbsp;&nbsp;Dif\u00edcil que lo pueda hacer.<\/p>\n\n\n\n<p>@YamiriRodriguez<\/p>\n","protected":false},"excerpt":{"rendered":"<p>S\u00edguenos ahora tambi\u00e9n en WhatsApp.&nbsp;Da clic aqu\u00ed Yamiri Rodr\u00edguez Madrid La vuelta a Veracruz en un teclazo Dicen que el tiempo siempre pone a todos en su justa dimensi\u00f3n.&nbsp;&nbsp;&nbsp;Desde 1917, cuando se estableci\u00f3 la creaci\u00f3n de la Universidad Veracruzana (UV) en la Constituci\u00f3n Pol\u00edtica estatal, la instituci\u00f3n ha tenido sus altas y bajas, aunque en [&hellip;]<\/p>\n","protected":false},"author":2,"featured_media":133405,"comment_status":"closed","ping_status":"closed","sticky":false,"template":"","format":"standard","meta":{"_jetpack_newsletter_access":"","_jetpack_dont_email_post_to_subs":false,"_jetpack_newsletter_tier_id":0,"_jetpack_memberships_contains_paywalled_content":false,"_jetpack_memberships_contains_paid_content":false,"footnotes":""},"categories":[70],"tags":[],"class_list":["post-135599","post","type-post","status-publish","format-standard","has-post-thumbnail","hentry","category-de-opinion"],"jetpack_featured_media_url":"https:\/\/lospoliticosveracruz.com.mx\/wp-content\/uploads\/2024\/12\/Yamiri.jpg","jetpack_sharing_enabled":true,"jetpack_shortlink":"https:\/\/wp.me\/p4Qcd3-zh5","_links":{"self":[{"href":"https:\/\/lospoliticosveracruz.com.mx\/index.php?rest_route=\/wp\/v2\/posts\/135599","targetHints":{"allow":["GET"]}}],"collection":[{"href":"https:\/\/lospoliticosveracruz.com.mx\/index.php?rest_route=\/wp\/v2\/posts"}],"about":[{"href":"https:\/\/lospoliticosveracruz.com.mx\/index.php?rest_route=\/wp\/v2\/types\/post"}],"author":[{"embeddable":true,"href":"https:\/\/lospoliticosveracruz.com.mx\/index.php?rest_route=\/wp\/v2\/users\/2"}],"replies":[{"embeddable":true,"href":"https:\/\/lospoliticosveracruz.com.mx\/index.php?rest_route=%2Fwp%2Fv2%2Fcomments&post=135599"}],"version-history":[{"count":2,"href":"https:\/\/lospoliticosveracruz.com.mx\/index.php?rest_route=\/wp\/v2\/posts\/135599\/revisions"}],"predecessor-version":[{"id":135601,"href":"https:\/\/lospoliticosveracruz.com.mx\/index.php?rest_route=\/wp\/v2\/posts\/135599\/revisions\/135601"}],"wp:featuredmedia":[{"embeddable":true,"href":"https:\/\/lospoliticosveracruz.com.mx\/index.php?rest_route=\/wp\/v2\/media\/133405"}],"wp:attachment":[{"href":"https:\/\/lospoliticosveracruz.com.mx\/index.php?rest_route=%2Fwp%2Fv2%2Fmedia&parent=135599"}],"wp:term":[{"taxonomy":"category","embeddable":true,"href":"https:\/\/lospoliticosveracruz.com.mx\/index.php?rest_route=%2Fwp%2Fv2%2Fcategories&post=135599"},{"taxonomy":"post_tag","embeddable":true,"href":"https:\/\/lospoliticosveracruz.com.mx\/index.php?rest_route=%2Fwp%2Fv2%2Ftags&post=135599"}],"curies":[{"name":"wp","href":"https:\/\/api.w.org\/{rel}","templated":true}]}}