{"id":135602,"date":"2025-01-14T08:09:43","date_gmt":"2025-01-14T14:09:43","guid":{"rendered":"https:\/\/lospoliticosveracruz.com.mx\/?p=135602"},"modified":"2025-01-14T08:10:02","modified_gmt":"2025-01-14T14:10:02","slug":"los-candidatos-de-nahle","status":"publish","type":"post","link":"https:\/\/lospoliticosveracruz.com.mx\/?p=135602","title":{"rendered":"LOS CANDIDATOS DE NAHLE\u2026"},"content":{"rendered":"\n<p>S\u00edguenos ahora tambi\u00e9n en WhatsApp.&nbsp;<a href=\"https:\/\/whatsapp.com\/channel\/0029Va8zRWlEKyZIP3Z1dF0e\"><strong><em>Da clic aqu\u00ed<\/em><\/strong><\/a><\/p>\n\n\n\n<p><strong>Oved Contreras&nbsp;<\/strong><\/p>\n\n\n\n<p><em>Secas Mecas<\/em><\/p>\n\n\n\n<p>La t\u00eda Ch\u00edo confirm\u00f3 que al menos tres subsecretarios de su gobierno se inscribieron al proceso interno de Morena para buscar candidaturas a las alcald\u00edas\u2026se trata de Eusebia Cort\u00e9s P\u00e9rez, subsecretar\u00eda de Desarrollo Regional; Pedro Miguel Rosaldo Garc\u00eda, subsecretario de Egresos; y Maritza Ram\u00edrez Aguilar, subsecretaria de Educaci\u00f3n B\u00e1sica, quienes podr\u00edan pedir permiso o renunciar a sus cargos en breve.<\/p>\n\n\n\n<p>En el caso de los dos primeros, se estar\u00edan disputando la candidatura por la alcald\u00eda de Coatzacoalcos, mientras que Maritza Ram\u00edrez dejar\u00eda la SEV para concentrarse en conseguir la candidatura en San Andr\u00e9s Tuxtla. Otra funcionaria que tambi\u00e9n se registr\u00f3 en la contienda interna de Morena fue Daniela Griego Ceballos, titular del Instituto de Pensiones del Estado, quien busca ser candidata a la alcald\u00eda de Xalapa.<\/p>\n\n\n\n<p>El bien informado columnista Marco Antonio Aguirre consign\u00f3 a trav\u00e9s de su portal M\u00edsticos y Terrenales\u201d que Pedro Miguel Rosaldo, subsecretario de Finanzas qu\u00e9 ahora quiere ser candidato de Morena a la presidencia municipal de Coatzacolcos, es un mentiroso total. Resulta que se invent\u00f3 una encuesta de Mitofsky en la que supuestamente va arriba, pero la encuestadora aclara qu\u00e9 esa \u00abmedici\u00f3n\u00bb es falsa incluso se reserva su derecho a denunciar penalmente por el uso del nombre de la encuestadora\u2026como dice la licenciada Melchi: \u00a1Plop!<\/p>\n\n\n\n<p>QUE NO HAY DESPIDOS\u2026la gobernadora tambi\u00e9n desminti\u00f3 que haya despidos sobre todo de maestros en la Secretar\u00eda de Educaci\u00f3n de Veracruz, y aclara que se trata de un reacomodo al interior de la SEV\u2026que se le pidi\u00f3 a la comadrita Claudia Tello que se metiera a las escuelas a revisar, para que los maestros est\u00e9n en las aulas dando clases y trabajando, y no de comisionados cobrando o lo que es lo mismo de aviadores.<\/p>\n\n\n\n<p>El pasado 8 de enero trabajadores protestaron para exigir una audiencia con el secretario de Gobierno, Ricardo Ahued Bardahuil\u2026los manifestantes denunciaron que la SEV cort\u00f3 la relaci\u00f3n laboral con once trabajadores de la Coordinaci\u00f3n del Programa Vasconcelos sin dar explicaciones.<\/p>\n","protected":false},"excerpt":{"rendered":"<p>S\u00edguenos ahora tambi\u00e9n en WhatsApp.&nbsp;Da clic aqu\u00ed Oved Contreras&nbsp; Secas Mecas La t\u00eda Ch\u00edo confirm\u00f3 que al menos tres subsecretarios de su gobierno se inscribieron al proceso interno de Morena para buscar candidaturas a las alcald\u00edas\u2026se trata de Eusebia Cort\u00e9s P\u00e9rez, subsecretar\u00eda de Desarrollo Regional; Pedro Miguel Rosaldo Garc\u00eda, subsecretario de Egresos; y Maritza Ram\u00edrez [&hellip;]<\/p>\n","protected":false},"author":2,"featured_media":119816,"comment_status":"closed","ping_status":"closed","sticky":false,"template":"","format":"standard","meta":{"_jetpack_newsletter_access":"","_jetpack_dont_email_post_to_subs":false,"_jetpack_newsletter_tier_id":0,"_jetpack_memberships_contains_paywalled_content":false,"_jetpack_memberships_contains_paid_content":false,"footnotes":""},"categories":[70],"tags":[1026,3578,195],"class_list":["post-135602","post","type-post","status-publish","format-standard","has-post-thumbnail","hentry","category-de-opinion","tag-morena","tag-rocio-nahle","tag-veracruz"],"jetpack_featured_media_url":"https:\/\/lospoliticosveracruz.com.mx\/wp-content\/uploads\/2024\/03\/Oved-Contreras.jpg","jetpack_sharing_enabled":true,"jetpack_shortlink":"https:\/\/wp.me\/p4Qcd3-zh8","_links":{"self":[{"href":"https:\/\/lospoliticosveracruz.com.mx\/index.php?rest_route=\/wp\/v2\/posts\/135602","targetHints":{"allow":["GET"]}}],"collection":[{"href":"https:\/\/lospoliticosveracruz.com.mx\/index.php?rest_route=\/wp\/v2\/posts"}],"about":[{"href":"https:\/\/lospoliticosveracruz.com.mx\/index.php?rest_route=\/wp\/v2\/types\/post"}],"author":[{"embeddable":true,"href":"https:\/\/lospoliticosveracruz.com.mx\/index.php?rest_route=\/wp\/v2\/users\/2"}],"replies":[{"embeddable":true,"href":"https:\/\/lospoliticosveracruz.com.mx\/index.php?rest_route=%2Fwp%2Fv2%2Fcomments&post=135602"}],"version-history":[{"count":1,"href":"https:\/\/lospoliticosveracruz.com.mx\/index.php?rest_route=\/wp\/v2\/posts\/135602\/revisions"}],"predecessor-version":[{"id":135603,"href":"https:\/\/lospoliticosveracruz.com.mx\/index.php?rest_route=\/wp\/v2\/posts\/135602\/revisions\/135603"}],"wp:featuredmedia":[{"embeddable":true,"href":"https:\/\/lospoliticosveracruz.com.mx\/index.php?rest_route=\/wp\/v2\/media\/119816"}],"wp:attachment":[{"href":"https:\/\/lospoliticosveracruz.com.mx\/index.php?rest_route=%2Fwp%2Fv2%2Fmedia&parent=135602"}],"wp:term":[{"taxonomy":"category","embeddable":true,"href":"https:\/\/lospoliticosveracruz.com.mx\/index.php?rest_route=%2Fwp%2Fv2%2Fcategories&post=135602"},{"taxonomy":"post_tag","embeddable":true,"href":"https:\/\/lospoliticosveracruz.com.mx\/index.php?rest_route=%2Fwp%2Fv2%2Ftags&post=135602"}],"curies":[{"name":"wp","href":"https:\/\/api.w.org\/{rel}","templated":true}]}}