{"id":135604,"date":"2025-01-14T08:19:49","date_gmt":"2025-01-14T14:19:49","guid":{"rendered":"https:\/\/lospoliticosveracruz.com.mx\/?p=135604"},"modified":"2025-01-14T08:20:12","modified_gmt":"2025-01-14T14:20:12","slug":"cuesta-de-enero-o-tiempo-para-planear","status":"publish","type":"post","link":"https:\/\/lospoliticosveracruz.com.mx\/?p=135604","title":{"rendered":"CUESTA DE ENERO O TIEMPO PARA PLANEAR"},"content":{"rendered":"\n<p>S\u00edguenos ahora tambi\u00e9n en WhatsApp.&nbsp;<a href=\"https:\/\/whatsapp.com\/channel\/0029Va8zRWlEKyZIP3Z1dF0e\"><strong><em>Da clic aqu\u00ed<\/em><\/strong><\/a><\/p>\n\n\n\n<p><strong>Agust\u00edn Basilio de la Vega<\/strong><\/p>\n\n\n\n<p>Pasadas las fiestas navide\u00f1as y de inicio de a\u00f1o, todos retornamos a la vida cotidiana y a las nuevas realidades como el hecho de que la gasolina no cuesta $10.00 el litro, sino que ronda los $26:00 pesos. Muchas personas tienen que realizar los pagos del impuesto predial, el pago anual del agua potable, p\u00f3lizas de seguros, derechos vehiculares y nadie escapa de los aumentos en alimentos derivados de la inflaci\u00f3n.<\/p>\n\n\n\n<p>Si bien algunos a partir de enero reciben alg\u00fan aumento salarial, otros se encuentran con la triste realidad de las empresas en las que laboraban no tienen suficiente trabajo y por lo tanto no pueden recontratar a todo el personal. Entre estos extremos hay una enorme cantidad de circunstancias para cada familia lo que nos obliga a reflexionar sobre la manera de afrontar imprevistos y tener una vida en plenitud digna.<\/p>\n\n\n\n<p>A la \u201ccuesta de enero\u201d se conoce como el periodo inicial del a\u00f1o en que hay pocos ingresos y muchos gastos en las familias, sin embargo, estos d\u00edas pueden convertirse en la oportunidad de planear las finanzas personales y familiares de tal manera que en lo sucesivo se disminuyan los riesgos y las angustias por falta de recursos.&nbsp;<\/p>\n\n\n\n<p>La clave de para tener finanzas sanas la mayor parte de los a\u00f1os es proponerse un plan y presupuesto anual con objetivos a corto, mediano y largo plazo. Este ejercicio debe ser realista y contener los principales ingresos y egresos con fundamento en las necesidades b\u00e1sicas de toda persona,<\/p>\n\n\n\n<p>El principal error que se comete en todo plan y presupuesto es no considerar el ahorro y la creaci\u00f3n de fondos para atender emergencias. Por ejemplo, se suele considerar en primer lugar lo necesario para comer, vestir, pagar servicios, la renta, el agua, la energ\u00eda el\u00e9ctrica, el gas, etc. pero casi nadie incluye el ahorrar en una cuenta bancaria y menos invertir en AFORES o fondos de renta fija como una de las primeras necesidades.<\/p>\n\n\n\n<p>Generalmente se escucha decir: \u201cno me alcanza para ahorrar\u201d, \u201ceso de depositar en una cuenta s\u00f3lo lo pueden hacer los ricos\u201d, \u201cvivo al d\u00eda\u201d y por lo tanto justifican gastos en otras cosas como fiestas, paseos, diversiones, convivios, diversos gustos etc. y se olvida de contar con un \u201cguardadito\u201d para emergencias que puede servir a la larga para hacerse de un patrimonio y hasta para jubilarse.<\/p>\n\n\n\n<p>Si no se cuentan con ese esp\u00edritu y disciplina para crear \u201cfideicomisos\u201d (ahorros para emergencias, proyectos familiares o fondos de retiro) la realidad ser\u00e1 muy dif\u00edcil pues se tendr\u00e1 que recurrir a prestamos y en muchos casos a medidas desesperadas para solventar gastos inesperados o cubrir oportunidades con los&nbsp;&nbsp;sobrecostos o intereses y otras mortificaciones que pueden ser catastr\u00f3ficas.&nbsp;<\/p>\n\n\n\n<p>Lo mejor es poner en los primeros lugares del presupuesto el esfuerzo del ahorro, hacer caso de los consejos inteligentes, descartar los que nos inducen al despilfarro y las ocurrencias propias. Si se aspira a tener una vida ordenada y generosa se puede tener como prop\u00f3sito del a\u00f1o abrir una cuenta bancaria, empezar a aportar voluntariamente en AFORES o cualquier otro m\u00e9todo de ahorro formal. No caigamos en la mediocridad de esas personas que presumen que no saben llenar un cheque o usar una tarjeta bancaria.&nbsp;<\/p>\n\n\n\n<p>X @basiliodelavega<\/p>\n","protected":false},"excerpt":{"rendered":"<p>S\u00edguenos ahora tambi\u00e9n en WhatsApp.&nbsp;Da clic aqu\u00ed Agust\u00edn Basilio de la Vega Pasadas las fiestas navide\u00f1as y de inicio de a\u00f1o, todos retornamos a la vida cotidiana y a las nuevas realidades como el hecho de que la gasolina no cuesta $10.00 el litro, sino que ronda los $26:00 pesos. Muchas personas tienen que realizar [&hellip;]<\/p>\n","protected":false},"author":2,"featured_media":126080,"comment_status":"closed","ping_status":"closed","sticky":false,"template":"","format":"standard","meta":{"_jetpack_newsletter_access":"","_jetpack_dont_email_post_to_subs":false,"_jetpack_newsletter_tier_id":0,"_jetpack_memberships_contains_paywalled_content":false,"_jetpack_memberships_contains_paid_content":false,"footnotes":""},"categories":[70],"tags":[],"class_list":["post-135604","post","type-post","status-publish","format-standard","has-post-thumbnail","hentry","category-de-opinion"],"jetpack_featured_media_url":"https:\/\/lospoliticosveracruz.com.mx\/wp-content\/uploads\/2024\/06\/Agustin-Basilio-de-la-Vega.jpg","jetpack_sharing_enabled":true,"jetpack_shortlink":"https:\/\/wp.me\/p4Qcd3-zha","_links":{"self":[{"href":"https:\/\/lospoliticosveracruz.com.mx\/index.php?rest_route=\/wp\/v2\/posts\/135604","targetHints":{"allow":["GET"]}}],"collection":[{"href":"https:\/\/lospoliticosveracruz.com.mx\/index.php?rest_route=\/wp\/v2\/posts"}],"about":[{"href":"https:\/\/lospoliticosveracruz.com.mx\/index.php?rest_route=\/wp\/v2\/types\/post"}],"author":[{"embeddable":true,"href":"https:\/\/lospoliticosveracruz.com.mx\/index.php?rest_route=\/wp\/v2\/users\/2"}],"replies":[{"embeddable":true,"href":"https:\/\/lospoliticosveracruz.com.mx\/index.php?rest_route=%2Fwp%2Fv2%2Fcomments&post=135604"}],"version-history":[{"count":2,"href":"https:\/\/lospoliticosveracruz.com.mx\/index.php?rest_route=\/wp\/v2\/posts\/135604\/revisions"}],"predecessor-version":[{"id":135606,"href":"https:\/\/lospoliticosveracruz.com.mx\/index.php?rest_route=\/wp\/v2\/posts\/135604\/revisions\/135606"}],"wp:featuredmedia":[{"embeddable":true,"href":"https:\/\/lospoliticosveracruz.com.mx\/index.php?rest_route=\/wp\/v2\/media\/126080"}],"wp:attachment":[{"href":"https:\/\/lospoliticosveracruz.com.mx\/index.php?rest_route=%2Fwp%2Fv2%2Fmedia&parent=135604"}],"wp:term":[{"taxonomy":"category","embeddable":true,"href":"https:\/\/lospoliticosveracruz.com.mx\/index.php?rest_route=%2Fwp%2Fv2%2Fcategories&post=135604"},{"taxonomy":"post_tag","embeddable":true,"href":"https:\/\/lospoliticosveracruz.com.mx\/index.php?rest_route=%2Fwp%2Fv2%2Ftags&post=135604"}],"curies":[{"name":"wp","href":"https:\/\/api.w.org\/{rel}","templated":true}]}}