{"id":136097,"date":"2025-01-20T22:09:40","date_gmt":"2025-01-21T04:09:40","guid":{"rendered":"https:\/\/lospoliticosveracruz.com.mx\/?p=136097"},"modified":"2025-01-20T22:09:56","modified_gmt":"2025-01-21T04:09:56","slug":"este-pena-si-se-ve-pero-intentan-despenarlo","status":"publish","type":"post","link":"https:\/\/lospoliticosveracruz.com.mx\/?p=136097","title":{"rendered":"ESTE PE\u00d1A S\u00cd SE VE PERO INTENTAN DESPE\u00d1ARLO"},"content":{"rendered":"\n<p>S\u00edguenos ahora tambi\u00e9n en WhatsApp.\u00a0<a href=\"https:\/\/whatsapp.com\/channel\/0029Va8zRWlEKyZIP3Z1dF0e\"><em><strong>Da clic aqu\u00ed<\/strong><\/em><\/a><\/p>\n\n\n\n<p><strong>El Trujyper<\/strong><\/p>\n\n\n\n<p><em>Verba brava<br><\/em><\/p>\n\n\n\n<p>Est\u00e1 pero bien mucho de caliente el ambiente pa\u00b4ganarse una presidencia monecipal el primer domingo de junio, el guato quieren envolverse en la bandera y sacrificarse pa\u00b4 manejar la billetiza de los ayuntamientos, y pocos o menos los que la neta desean echarle la mano a sus paisanos de monecipio con obras de pavimento, de agua entubada, de caminos, de cl\u00ednicas, de vigilante polic\u00eda, de apoyo pa\u00b4productores del campo, o sease los que hacen la comida de todanos los d\u00edas de tochos morochos.<\/p>\n\n\n\n<p>Unos son grillos profesionales que vienen brincando desde partidos pol\u00edticos en extinci\u00f3n, otros de los que le han pegado alegremente a la n\u00f3mina en un puesto de gobierno reciente o de anteriores, y me estoy refiriendo a gente de todos los partidos que ven apetecible al monecipio Emiliano Zapata.<br>Los aspirantes que pierdan desde la primera coladera partidista se van a atiriciar gachamente pero ni modo ese es el juego de la botaneada, digo.. de la democracia, del dedo, de la t\u00f3mbola, del concenso.<\/p>\n\n\n\n<p>En Morena los cocolazos est\u00e1n a todo lo que dan, el buti de flota quiere hueso en los 212 monecipios quesque porque la marca del partido les garantiza que ser\u00e1n triunfadores, la bronca est\u00e1 en que salgan en la t\u00f3mbola del bienestar y ya con eso a pedalearle en pre y campa\u00f1a pa\u00b4ganar adeptos y simpatizantes que voten por ellos.<\/p>\n\n\n\n<p>En juntito al monecipio de Jalapita se localiza el de Emiliano Zapata, como quien dice gran parte ya es conurbada, zonas habitacionales medio cachete, y otras de cachete y medio. Hay buen entre de impuestos por ello se antoja ser el mero mero en el Palacio de la cabecera en Dos R\u00edos, enfrente de la Casa de Piedra el retiro de los goberneytors en turno, por supuesto tambi\u00e9n para T\u00eda Ch\u00edo, aunque quien sabe si ella la vaya a utilizar, dicen los compas que esa casa la dej\u00f3 embrujada y salada el Cu\u00edcaras, salpicada de caldo de camar\u00f3n.<\/p>\n\n\n\n<p>La zona rural Zapatista en lo agropecuario es muy amplia y productiva, papaya, mel\u00f3n, guan\u00e1bana, mango, coco, vacas, chivos, pollos, puercos, mojarras, garnachas, tamales de camar\u00f3n y uno que otro viejo wey, \u00a1ah caray! creo que estoy loquiando, es que el nazitrump me sac\u00f3 de onda con sus jaladas de deportar a varias centenas de paisanos de ac\u00e1 del rumbo.<\/p>\n\n\n\n<p>Pos nada menos que otro de morena que quiere sacrificarse es un bato de nombre V\u00edtor Pe\u00f1a, ya se ascribi\u00f3 y anda peg\u00e1ndole al guarache visitando a todos lo que le van al Morena pa\u00b4que lo apoyen y sea el candidato. El morro que es abogado se nombra completo V\u00edctor Manuel Pe\u00f1a Olavarrieta la quiere de a devis, su \u00f1ora do\u00f1a Sarita Quero y \u00e9l le andan raspando suela y quemando grasa en Cerro Gordo, Rinconada, Palmarejo, Rinconada, Rancho Nuevo, Praderas, Jacarandas, Las Trancas, El Lencero, Plan del R\u00edo, localizando a su flota que es mucha y pos no lo reciben mal, lo miran como un pol\u00edtico de los nuevos, que aunque es nuev\u00f3n al menos se ve menos contaminado y gandalla que otros y otras. Pero al final va a ganar, el que va a ganar. As\u00ed de simple.<\/p>\n\n\n\n<p>Quiz\u00e1 los cantineros de orilla de carretera en Cerro Gordo lo apoyen, los mojarreros del Plan le echen votos, los papayeros, los puerqueros, los vaqueros, los tomateros, los restauranteros, logren ser convencidos y el V\u00edtor Pe\u00f1a sea el precandidato que se saque la loter\u00eda para contender por la alcald\u00eda. Crioque es el menos pior de los morenos pa\u00b4Emiliano Zapata.<\/p>\n\n\n\n<p>GUIJARRO: \u00bfCu\u00e1ntas organizaciones terroristas \u2013seg\u00fan Trump- habr\u00e1 en Veracruz? \u00a1Ay nanita!<\/p>\n\n\n\n<p>(Lo plasmado en Verba Brava es responsabilidad de quien lo redacta. La Casa Editorial no influye ni participa del criterio expuesto. trujyper@hotmail.com)<\/p>\n","protected":false},"excerpt":{"rendered":"<p>S\u00edguenos ahora tambi\u00e9n en WhatsApp.\u00a0Da clic aqu\u00ed El Trujyper Verba brava Est\u00e1 pero bien mucho de caliente el ambiente pa\u00b4ganarse una presidencia monecipal el primer domingo de junio, el guato quieren envolverse en la bandera y sacrificarse pa\u00b4 manejar la billetiza de los ayuntamientos, y pocos o menos los que la neta desean echarle la [&hellip;]<\/p>\n","protected":false},"author":2,"featured_media":131514,"comment_status":"closed","ping_status":"closed","sticky":false,"template":"","format":"standard","meta":{"_jetpack_newsletter_access":"","_jetpack_dont_email_post_to_subs":false,"_jetpack_newsletter_tier_id":0,"_jetpack_memberships_contains_paywalled_content":false,"_jetpack_memberships_contains_paid_content":false,"footnotes":""},"categories":[70],"tags":[42268,1026,3578,195],"class_list":["post-136097","post","type-post","status-publish","format-standard","has-post-thumbnail","hentry","category-de-opinion","tag-el-trujyper","tag-morena","tag-rocio-nahle","tag-veracruz"],"jetpack_featured_media_url":"https:\/\/lospoliticosveracruz.com.mx\/wp-content\/uploads\/2024\/10\/Trujyper.jpg","jetpack_sharing_enabled":true,"jetpack_shortlink":"https:\/\/wp.me\/p4Qcd3-zp7","_links":{"self":[{"href":"https:\/\/lospoliticosveracruz.com.mx\/index.php?rest_route=\/wp\/v2\/posts\/136097","targetHints":{"allow":["GET"]}}],"collection":[{"href":"https:\/\/lospoliticosveracruz.com.mx\/index.php?rest_route=\/wp\/v2\/posts"}],"about":[{"href":"https:\/\/lospoliticosveracruz.com.mx\/index.php?rest_route=\/wp\/v2\/types\/post"}],"author":[{"embeddable":true,"href":"https:\/\/lospoliticosveracruz.com.mx\/index.php?rest_route=\/wp\/v2\/users\/2"}],"replies":[{"embeddable":true,"href":"https:\/\/lospoliticosveracruz.com.mx\/index.php?rest_route=%2Fwp%2Fv2%2Fcomments&post=136097"}],"version-history":[{"count":1,"href":"https:\/\/lospoliticosveracruz.com.mx\/index.php?rest_route=\/wp\/v2\/posts\/136097\/revisions"}],"predecessor-version":[{"id":136098,"href":"https:\/\/lospoliticosveracruz.com.mx\/index.php?rest_route=\/wp\/v2\/posts\/136097\/revisions\/136098"}],"wp:featuredmedia":[{"embeddable":true,"href":"https:\/\/lospoliticosveracruz.com.mx\/index.php?rest_route=\/wp\/v2\/media\/131514"}],"wp:attachment":[{"href":"https:\/\/lospoliticosveracruz.com.mx\/index.php?rest_route=%2Fwp%2Fv2%2Fmedia&parent=136097"}],"wp:term":[{"taxonomy":"category","embeddable":true,"href":"https:\/\/lospoliticosveracruz.com.mx\/index.php?rest_route=%2Fwp%2Fv2%2Fcategories&post=136097"},{"taxonomy":"post_tag","embeddable":true,"href":"https:\/\/lospoliticosveracruz.com.mx\/index.php?rest_route=%2Fwp%2Fv2%2Ftags&post=136097"}],"curies":[{"name":"wp","href":"https:\/\/api.w.org\/{rel}","templated":true}]}}