{"id":136693,"date":"2025-01-28T19:37:24","date_gmt":"2025-01-29T01:37:24","guid":{"rendered":"https:\/\/lospoliticosveracruz.com.mx\/?p=136693"},"modified":"2025-01-28T19:37:58","modified_gmt":"2025-01-29T01:37:58","slug":"ivai-reagrupara-funciones-en-organos-internos-de-control","status":"publish","type":"post","link":"https:\/\/lospoliticosveracruz.com.mx\/?p=136693","title":{"rendered":"IVAI REAGRUPAR\u00c1 FUNCIONES EN \u00d3RGANOS INTERNOS DE CONTROL"},"content":{"rendered":"\n<p>S\u00edguenos ahora tambi\u00e9n en WhatsApp.\u00a0<a href=\"https:\/\/whatsapp.com\/channel\/0029Va8zRWlEKyZIP3Z1dF0e\"><em><strong>Da clic aqu\u00ed<\/strong><\/em><\/a><\/p>\n\n\n\n<p><strong>Jos\u00e9 Luis Enr\u00edquez Ambell<br><\/strong><em>Caf\u00e9 de Ma\u00f1ana<br><\/em><\/p>\n\n\n\n<p>Muy buena y oportuna explicaci\u00f3n por la gobernadora Roc\u00edo Nahle, en torno a la extinci\u00f3n del Instituto Veracruzano de Acceso a la Informaci\u00f3n (IVAI), como organismo aut\u00f3nomo constitucional, y que s\u00f3lo reagrupar\u00e1 las tareas y funciones en materia de transparencia y acceso a la informaci\u00f3n p\u00fablica y datos personales.<\/p>\n\n\n<div class=\"wp-block-image\">\n<figure class=\"alignleft size-thumbnail\"><a href=\"https:\/\/lospoliticosveracruz.com.mx\/wp-content\/uploads\/2024\/05\/IMG_0341-e1716950925234.jpeg\"><img loading=\"lazy\" decoding=\"async\" width=\"150\" height=\"150\" src=\"https:\/\/lospoliticosveracruz.com.mx\/wp-content\/uploads\/2024\/05\/IMG_0341-150x150.jpeg\" alt=\"\" class=\"wp-image-125332\"\/><\/a><\/figure><\/div>\n\n\n<p>Ser\u00e1 un reacomodo de las funciones que cumple hasta ahora el IVAI como en lo nacional sucede con el INAI. Esta nueva etapa de la transparencia en Veracruz, no tendr\u00eda por qu\u00e9 ir en contra del Combate a la Corrupci\u00f3n ni a la Rendici\u00f3n de Cuentas claras, pues s\u00f3lo se trata de potenciar y maximizar los recursos p\u00fablicos, no extinguir las acciones institucionales en favor de la poblaci\u00f3n.<\/p>\n\n\n\n<p>La titular del Poder Ejecutivo de Veracruz, Roc\u00edo Nahle, est\u00e1 entr\u00e1ndole con todo, y con un seleccionado equipo a la revisi\u00f3n y acuerdos en el sentido que las atribuciones del IVAI &#8211; junto con el concurso del Poder Legislativo &#8211; sean reacomodadas en diversos entes y en particular mayoritariamente en la Contralor\u00eda General del Estado y a la vez en los \u00f3rganos internos de control en las dependencias y entidades del sector gobierno estatal, y tambi\u00e9n en los aut\u00f3nomos, todos los municipios y \u00f3rganos paramunicipales o sea, los OIC de todos los sujetos obligados.<\/p>\n\n\n\n<p>Lo anterior, presume una reducci\u00f3n en el gasto p\u00fablico y quiz\u00e1 en marzo que se emitan los criterios preliminares para el Presupuesto y Ejercicio Fiscal 2026 se tengan los argumentos m\u00e1s que suficientes para ajustes y quiz\u00e1 reducci\u00f3n correspondiente, pero no significa desaparecer en definitiva a las facultades, atribuciones y tareas propias de la transparencia, pues es importante destacar que las acciones de reacomodo y reagrupamiento de funciones deben seguir brindando, sobre todo, \u00abcredibilidad ciudadana\u00bb.<\/p>\n\n\n\n<p>Cabe decir que pudiese aprovecharse una revisi\u00f3n -no desaparici\u00f3n- de otros organismos aut\u00f3nomos en Veracruz que igualmente estar\u00edan por contribuir a evitar duplicidad de tareas y funciones, y al abatimiento del gasto p\u00fablico.<\/p>\n\n\n\n<p>No perdamos de vista que desde hace mucho tiempo Roc\u00edo Nahle ha venido trabajando desde los equipos de la transici\u00f3n sectorial para una \u00abReforma Administrativa\u00bb, y ahora quienes son parte del gabinete legal y ampliado, seguramente ya contar\u00e1n con material y avances que aporten a fortalecer la rendici\u00f3n de cuentas.<\/p>\n\n\n\n<p>Si bien es cierto que los organismos aut\u00f3nomos constitucionales son los garantes de los derechos humanos y contrapesos al poder de un gobierno, tampoco debemos dejar de aceptar y observar en el radar que \u00e9sta recomposici\u00f3n del IVAI estar\u00eda por obtener un mejor robustecimiento normativo y hasta administrativo y operativo, en el no lejano devenir desde las Contralor\u00edas en su conjunto.<\/p>\n\n\n\n<p>Y es que una inmensa cantidad de servidores p\u00fablicos se abstienen de incurrir en algunos posibles actos de corrupci\u00f3n en los contratos o tr\u00e1mites a su alcance, por \u00abla amenaza\u00bb -en un sentido figurado- de que puedan accesar los periodistas y medios de comunicaci\u00f3n, incluso la poblaci\u00f3n abierta en esta \u00e9poca del internet y redes, para obtener esa informaci\u00f3n a trav\u00e9s de los canales del IVAI y ahora estar\u00e1n en manos de los \u00f3rganos de control interno.<\/p>\n\n\n\n<p>Esta acci\u00f3n que causa inhibici\u00f3n y detenci\u00f3n de la mala conducta de algunos servidores p\u00fablicos \u2013que no merecen se les denomine as\u00ed\u2013 es gracias al nacimiento, la operaci\u00f3n, las atribuciones y las facultades en materia de transparencia para la rendici\u00f3n de cuentas, razones que justifican no se dejen de atender a\u00fan ante la extinci\u00f3n del IVAI.<\/p>\n\n\n\n<p>Y es que la visi\u00f3n, as\u00ed como la acci\u00f3n debilitadora del presupuesto para buscar eficientar el gasto p\u00fablico y la reducci\u00f3n de plantillas de aut\u00f3nomos como el IVAI -caso estatal- no debe llevar a desaparecer la interconexi\u00f3n con la raz\u00f3n original que motiv\u00f3 y fund\u00f3 el nacimiento de organismos aut\u00f3nomos, pero sobre todo del nacimiento de la transparencia y la rendici\u00f3n de cuentas, acciones que adem\u00e1s fueron resultado de todo un empujamiento social, no por una idea o planeaci\u00f3n del sector gobierno en el pasado.<\/p>\n\n\n\n<p><strong>DE SOBREMESA<\/strong><\/p>\n\n\n\n<p>El universo de temas por diferentes controversias de las faltas normativas y administrativas \u2013 crecientes y con lagunas legales \u2013 no se dejar\u00e1n de atender y regular por los \u00d3rganos Internos de Control (OIC) de los tres niveles de gobierno frente a una sociedad vulnerable y cada d\u00eda m\u00e1s proclive a que se le atienda y expliquen hechos relevantes que suceden, y ser\u00eda un riesgo no promover la participaci\u00f3n ciudadana para la transparencia m\u00e1s eficaz.<\/p>\n\n\n\n<p><strong>UN CAF\u00c9 LECHERO LIGHT<\/strong><\/p>\n\n\n\n<p>Y aqu\u00ed en el nuevo modelo para el acceso a la informaci\u00f3n p\u00fablica sin el IVAI, el sector privado formal y la poblaci\u00f3n organizada, tienen opci\u00f3n de sumarse para aportar sus ideas y l\u00edneas de evaluaci\u00f3n, pues son una comunidad consumidora de la actuaci\u00f3n del sector gobierno y sus recursos humanos. Reci\u00e9n me dec\u00eda un empresario amigo: \u00abya no nos convocaban a los comit\u00e9s para los concursos y asignaciones de obras y servicios en el sexenio pasado\u00bb.<\/p>\n\n\n\n<p><strong>UN CAF\u00c9 CON PILONCILLO<\/strong><\/p>\n\n\n\n<p>El ahorro al desaparecer el IVAI lleva a tener que revisar y actualizar, sin la necesidad de recortar o desaparecer recursos humanos que se justifique y requiera, pues ser\u00e1 necesario tambi\u00e9n perfeccionar controles y term\u00f3metros de medici\u00f3n que atajen, abatan y lleven a desaparecer la corrupci\u00f3n.<\/p>\n\n\n\n<p>Y es que la estructura profesional y burocr\u00e1tica no deber\u00eda medirse por cambios de orden pol\u00edtico.<\/p>\n\n\n\n<p><strong>UN CAF\u00c9 CON PIQUETE<\/strong><\/p>\n\n\n\n<p>\u00c9poca de movilidad pol\u00edtica partidista.<\/p>\n\n\n\n<p>El PRI de Alito Moreno, lo tiene cerca de parecer al autom\u00f3vil volkswagen sed\u00e1n que siempre anunci\u00f3 cambiar\u00eda y nunca lo hizo, que fue mejor salir del mercado y lo descontinuaran.<\/p>\n\n\n\n<p>Al paso que van en el tricolor, ser\u00e1 mejor que busquen asesor\u00eda en Egipto para preparar un sarc\u00f3fago de oro y le den cristiana sepultara a un partido que hist\u00f3ricamente aport\u00f3, pero que ahora est\u00e1 entre la terapia intensiva y el pante\u00f3n pol\u00edtico.<\/p>\n\n\n\n<p>\u00a1ES CUANTO!<\/p>\n\n\n\n<p>enriquezambell@gmail.com;<br>enamjl62@gmail.com<\/p>\n","protected":false},"excerpt":{"rendered":"<p>S\u00edguenos ahora tambi\u00e9n en WhatsApp.\u00a0Da clic aqu\u00ed Jos\u00e9 Luis Enr\u00edquez AmbellCaf\u00e9 de Ma\u00f1ana Muy buena y oportuna explicaci\u00f3n por la gobernadora Roc\u00edo Nahle, en torno a la extinci\u00f3n del Instituto Veracruzano de Acceso a la Informaci\u00f3n (IVAI), como organismo aut\u00f3nomo constitucional, y que s\u00f3lo reagrupar\u00e1 las tareas y funciones en materia de transparencia y acceso [&hellip;]<\/p>\n","protected":false},"author":2,"featured_media":119814,"comment_status":"closed","ping_status":"closed","sticky":false,"template":"","format":"standard","meta":{"_jetpack_newsletter_access":"","_jetpack_dont_email_post_to_subs":false,"_jetpack_newsletter_tier_id":0,"_jetpack_memberships_contains_paywalled_content":false,"_jetpack_memberships_contains_paid_content":false,"footnotes":""},"categories":[70],"tags":[985,1026,3578,195],"class_list":["post-136693","post","type-post","status-publish","format-standard","has-post-thumbnail","hentry","category-de-opinion","tag-ivai","tag-morena","tag-rocio-nahle","tag-veracruz"],"jetpack_featured_media_url":"https:\/\/lospoliticosveracruz.com.mx\/wp-content\/uploads\/2024\/03\/Ambell.jpg","jetpack_sharing_enabled":true,"jetpack_shortlink":"https:\/\/wp.me\/p4Qcd3-zyJ","_links":{"self":[{"href":"https:\/\/lospoliticosveracruz.com.mx\/index.php?rest_route=\/wp\/v2\/posts\/136693","targetHints":{"allow":["GET"]}}],"collection":[{"href":"https:\/\/lospoliticosveracruz.com.mx\/index.php?rest_route=\/wp\/v2\/posts"}],"about":[{"href":"https:\/\/lospoliticosveracruz.com.mx\/index.php?rest_route=\/wp\/v2\/types\/post"}],"author":[{"embeddable":true,"href":"https:\/\/lospoliticosveracruz.com.mx\/index.php?rest_route=\/wp\/v2\/users\/2"}],"replies":[{"embeddable":true,"href":"https:\/\/lospoliticosveracruz.com.mx\/index.php?rest_route=%2Fwp%2Fv2%2Fcomments&post=136693"}],"version-history":[{"count":1,"href":"https:\/\/lospoliticosveracruz.com.mx\/index.php?rest_route=\/wp\/v2\/posts\/136693\/revisions"}],"predecessor-version":[{"id":136694,"href":"https:\/\/lospoliticosveracruz.com.mx\/index.php?rest_route=\/wp\/v2\/posts\/136693\/revisions\/136694"}],"wp:featuredmedia":[{"embeddable":true,"href":"https:\/\/lospoliticosveracruz.com.mx\/index.php?rest_route=\/wp\/v2\/media\/119814"}],"wp:attachment":[{"href":"https:\/\/lospoliticosveracruz.com.mx\/index.php?rest_route=%2Fwp%2Fv2%2Fmedia&parent=136693"}],"wp:term":[{"taxonomy":"category","embeddable":true,"href":"https:\/\/lospoliticosveracruz.com.mx\/index.php?rest_route=%2Fwp%2Fv2%2Fcategories&post=136693"},{"taxonomy":"post_tag","embeddable":true,"href":"https:\/\/lospoliticosveracruz.com.mx\/index.php?rest_route=%2Fwp%2Fv2%2Ftags&post=136693"}],"curies":[{"name":"wp","href":"https:\/\/api.w.org\/{rel}","templated":true}]}}