{"id":136695,"date":"2025-01-28T20:01:38","date_gmt":"2025-01-29T02:01:38","guid":{"rendered":"https:\/\/lospoliticosveracruz.com.mx\/?p=136695"},"modified":"2025-01-28T20:02:03","modified_gmt":"2025-01-29T02:02:03","slug":"etica","status":"publish","type":"post","link":"https:\/\/lospoliticosveracruz.com.mx\/?p=136695","title":{"rendered":"\u00c9TICA"},"content":{"rendered":"\n<p><\/p>\n\n\n\n<p><strong>Guadalupe H. Mar<br><\/strong><em>Mira Pol\u00edtica<\/em><\/p>\n\n\n\n<p><strong>HAY QUE LER<\/strong> \u2026En noviembre de 2016, el entonces secretario de Educaci\u00f3n P\u00fablica del gobierno federal, el maestro graduado en el extranjero Aurelio Nu\u00f1o Mayer, se quiso lucir en un evento p\u00fablico en el que estaban ni\u00f1os de instrucci\u00f3n primaria presentes, a los que dijo que les obsequiar\u00eda un paquete de libros \u00abpara que los empiecen a ler\u00bb.<br>Dos tres veces dijo \u201cler\u201d el flamante titular de la SEP, hasta que una ni\u00f1a de ocho a\u00f1os de nombre Andrea Lomel\u00ed le aclar\u00f3 a quien era el ministro de Educaci\u00f3n de este pa\u00eds, que \u00abNo se dice &#8216;ler&#8217;, se dice &#8216;leer'\u00bb.<br>D\u00edas despu\u00e9s y luego de que se hizo famoso \u2013se viraliz\u00f3- ese video que capt\u00f3 el momento en que la ni\u00f1a correg\u00eda al maestro en Estudios Latinoamericanos por la Universidad de Oxford (St. Antony&#8217;s College), en el Reino Unido, la menor fue entrevistada y ante los micr\u00f3fonos de los reporteros aclar\u00f3: \u201cMe malentendieron, dijeron que lo quise humillar, pero no lo quise humillar, yo s\u00f3lo quer\u00eda corregir lo que dijo\u201d, refiri\u00e9ndose a que el entonces titular de la SEP dec\u00eda \u201cler\u201d y no leer.<br>Con el mismo af\u00e1n que la ni\u00f1a Andrea Lomel\u00ed, sin pretensi\u00f3n de evidenciar y mucho menos humillar a nadie, le sugerimos a quien elabora los comunicados de prensa de la Comisi\u00f3n Estatal para la Atenci\u00f3n y Protecci\u00f3n de Periodistas (CEAPP) en el estado de Veracruz, que le ser\u00eda muy \u00fatil leer, al menos, el libro \u00c9tica para Amador, del fil\u00f3sofo espa\u00f1ol Fernando Fern\u00e1ndez-Savater Mart\u00edn, para que a futuro evite los respetuosos exhortos no solo a los comunicadores, sino a cualquiera para \u201cllevar a cabo un comportamiento \u00e9tico y profesional en su vida p\u00fablica y privada contribuyendo a mantener la tranquilidad social en la entidad veracruzana\u201d, pues hacerlo demuestra su lejan\u00eda con el conocimiento a falta de lectura sobre el tema.<br>Pedirles a los otros que act\u00faen o sean \u00e9ticos, evidencia que la filosof\u00eda es asignatura pendiente, si es que se curs\u00f3 alg\u00fan grado acad\u00e9mico.<br>Leer \u00c9tica para Amador, libro de sencilla lectura pues el fil\u00f3sofo Fernando Savater se lo escribi\u00f3 a su hijo, le har\u00e1 caer en la cuenta a quien redacta los comunicados de prensa para la CEAPP, que la \u00e9tica es una reflexi\u00f3n sobre c\u00f3mo queremos vivir y convivir con los dem\u00e1s, y que, no puede ser impuesta, mucho menos sugerida pues para eso est\u00e1 la moral y los c\u00f3digos deontol\u00f3gicos.<br>Al leer a Savater conocer\u00e1 que la \u00e9tica se basa en la libertad individual y la responsabilidad personal, pues cada persona debe decidir por s\u00ed misma c\u00f3mo quiere actuar, en funci\u00f3n de sus propias reflexiones y valores, y no porque alguien m\u00e1s se lo imponga.<br>En s\u00ed, la \u00e9tica se convierte en un ejercicio de autonom\u00eda y libre albedr\u00edo y quien pide que los otros sean \u00e9ticos, tiene mucho que leer, no solo \u201cler\u201d.<br><strong>QUE JALEN PAREJO<\/strong> \u2026 De poco sirve que la gobernadora, la ingeniera qu\u00edmica Norma Roc\u00edo Nahle Garc\u00eda viaje ultramar para promover en Espa\u00f1a que \u201cVeracruz est\u00e1 de moda\u201d, si en el estado de Veracruz tenemos tramos carreteros con tantos baches y hoyancos que desanima y desilusiona a todo aquel conductor que llega a la entidad veracruzana, ya sea por las carreteras del norte o del sur.<br>El domingo primero de diciembre del a\u00f1o pasado, en su primer discurso como mandataria estatal, Nahle Garc\u00eda present\u00f3 la estrategia tur\u00edstica de su administraci\u00f3n \u201cVeracruz est\u00e1 de moda\u201d, iniciativa dise\u00f1ada para impulsar el turismo como motor clave de desarrollo econ\u00f3mico y cultural en la entidad.<br>Dos meses antes, en el mes de octubre, a d\u00edas de tomar posesi\u00f3n como presidenta de la rep\u00fablica, la doctora Claudia Sheimbaum Pardo anunci\u00f3 el \u201cBachet\u00f3n\u201d, o lo que es lo mismo un gran programa de bacheo en gran parte de las carreteras del pa\u00eds que seis a\u00f1os carecieron de mantenimiento.<br>Detall\u00f3 entonces la Secretar\u00eda de Infraestructura, Comunicaciones y Transportes (SICT), que las \u00fanicas carreteras veracruzanas incluidas en el \u201cBachet\u00f3n\u201d eran los tramos C\u00f3rdoba \u2013 Orizaba y Cardel &#8211; La Tinaja.<br>Por ello amables lectoras y lectores, gran parte de las carreteras veracruzanas cuentan con tramos intransitables y como muestra un bot\u00f3n: los no m\u00e1s de 10 kil\u00f3metros que van de la comunidad \u201cEl Viej\u00f3n\u201d y el entronque con la autopista Cardel \u2013 Poza Rica, que pasa por la central nucleoel\u00e9ctrica de Laguna Verde, donde sin exagerar, no hay cinta asf\u00e1ltica, lo que obliga a los conductores a transitar muy, muy despacio, generando embotellamientos porque los tr\u00e1ileres pasan ese tramo a vuelta de rueda.<br>Ese tramo carretero amables lectoras y lectores, es el vivo ejemplo de la descoordinaci\u00f3n entre los gobiernos federal y estatal por lo que simple y sencillamente, no jalan parejo.<br>D\u00cdGALO SIN MIEDO \u2026 Al correo electr\u00f3nico guadalupehmar@gmail.com<\/p>\n","protected":false},"excerpt":{"rendered":"<p>Guadalupe H. MarMira Pol\u00edtica HAY QUE LER \u2026En noviembre de 2016, el entonces secretario de Educaci\u00f3n P\u00fablica del gobierno federal, el maestro graduado en el extranjero Aurelio Nu\u00f1o Mayer, se quiso lucir en un evento p\u00fablico en el que estaban ni\u00f1os de instrucci\u00f3n primaria presentes, a los que dijo que les obsequiar\u00eda un paquete de [&hellip;]<\/p>\n","protected":false},"author":2,"featured_media":119929,"comment_status":"closed","ping_status":"closed","sticky":false,"template":"","format":"standard","meta":{"_jetpack_newsletter_access":"","_jetpack_dont_email_post_to_subs":false,"_jetpack_newsletter_tier_id":0,"_jetpack_memberships_contains_paywalled_content":false,"_jetpack_memberships_contains_paid_content":false,"footnotes":""},"categories":[70],"tags":[1606,6352],"class_list":["post-136695","post","type-post","status-publish","format-standard","has-post-thumbnail","hentry","category-de-opinion","tag-guadalupe-h-mar","tag-sep"],"jetpack_featured_media_url":"https:\/\/lospoliticosveracruz.com.mx\/wp-content\/uploads\/2024\/03\/Lupita-Mar.jpg","jetpack_sharing_enabled":true,"jetpack_shortlink":"https:\/\/wp.me\/s4Qcd3-etica","_links":{"self":[{"href":"https:\/\/lospoliticosveracruz.com.mx\/index.php?rest_route=\/wp\/v2\/posts\/136695","targetHints":{"allow":["GET"]}}],"collection":[{"href":"https:\/\/lospoliticosveracruz.com.mx\/index.php?rest_route=\/wp\/v2\/posts"}],"about":[{"href":"https:\/\/lospoliticosveracruz.com.mx\/index.php?rest_route=\/wp\/v2\/types\/post"}],"author":[{"embeddable":true,"href":"https:\/\/lospoliticosveracruz.com.mx\/index.php?rest_route=\/wp\/v2\/users\/2"}],"replies":[{"embeddable":true,"href":"https:\/\/lospoliticosveracruz.com.mx\/index.php?rest_route=%2Fwp%2Fv2%2Fcomments&post=136695"}],"version-history":[{"count":2,"href":"https:\/\/lospoliticosveracruz.com.mx\/index.php?rest_route=\/wp\/v2\/posts\/136695\/revisions"}],"predecessor-version":[{"id":136697,"href":"https:\/\/lospoliticosveracruz.com.mx\/index.php?rest_route=\/wp\/v2\/posts\/136695\/revisions\/136697"}],"wp:featuredmedia":[{"embeddable":true,"href":"https:\/\/lospoliticosveracruz.com.mx\/index.php?rest_route=\/wp\/v2\/media\/119929"}],"wp:attachment":[{"href":"https:\/\/lospoliticosveracruz.com.mx\/index.php?rest_route=%2Fwp%2Fv2%2Fmedia&parent=136695"}],"wp:term":[{"taxonomy":"category","embeddable":true,"href":"https:\/\/lospoliticosveracruz.com.mx\/index.php?rest_route=%2Fwp%2Fv2%2Fcategories&post=136695"},{"taxonomy":"post_tag","embeddable":true,"href":"https:\/\/lospoliticosveracruz.com.mx\/index.php?rest_route=%2Fwp%2Fv2%2Ftags&post=136695"}],"curies":[{"name":"wp","href":"https:\/\/api.w.org\/{rel}","templated":true}]}}