{"id":136796,"date":"2025-01-29T21:03:55","date_gmt":"2025-01-30T03:03:55","guid":{"rendered":"https:\/\/lospoliticosveracruz.com.mx\/?p=136796"},"modified":"2025-01-29T21:04:21","modified_gmt":"2025-01-30T03:04:21","slug":"veracruz-alianza-opositora-en-la-cuerda-floja","status":"publish","type":"post","link":"https:\/\/lospoliticosveracruz.com.mx\/?p=136796","title":{"rendered":"VERACRUZ: ALIANZA OPOSITORA, EN LA CUERDA FLOJA"},"content":{"rendered":"\n<p>S\u00edguenos ahora tambi\u00e9n en WhatsApp.\u00a0<a href=\"https:\/\/whatsapp.com\/channel\/0029Va8zRWlEKyZIP3Z1dF0e\"><em><strong>Da clic aqu\u00ed<\/strong><\/em><\/a><\/p>\n\n\n\n<p><strong>Luis Alberto Romero<\/strong><\/p>\n\n\n\n<p><em>Hora cero<\/em><\/p>\n\n\n\n<p><\/p>\n\n\n\n<p>Un d\u00eda despu\u00e9s de que Alejandro Moreno C\u00e1rdenas, dirigente nacional del Partido Revolucionario Institucional, manifestara la disposici\u00f3n de su partido para formar una coalici\u00f3n opositora en las elecciones municipales de Veracruz, Acci\u00f3n Nacional calific\u00f3 como incierta esa posibilidad.<br>El presidente del Comit\u00e9 Ejecutivo Nacional del PRI afirm\u00f3 que su partido est\u00e1 abierto a consolidar una alianza con el PAN en el proceso electoral de este a\u00f1o. No obstante, se\u00f1al\u00f3 que la concreci\u00f3n de dicha coalici\u00f3n depender\u00e1 de Acci\u00f3n Nacional.<br>Seg\u00fan el l\u00edder priista, ambos partidos tienen fortalezas en distintos municipios y mencion\u00f3 como ejemplo Xalapa, donde insinu\u00f3 que, en caso de una alianza, el PRI deber\u00eda encabezar la postulaci\u00f3n.<br>En respuesta, el dirigente estatal del PAN, Federico Salom\u00f3n, indic\u00f3 que la decisi\u00f3n ser\u00e1 tomada por el Consejo Pol\u00edtico Estatal de su partido. Adem\u00e1s, subray\u00f3 que, hasta el momento, no existe un acuerdo concreto sobre una posible coalici\u00f3n con el PRI.<br>Salom\u00f3n Molina tambi\u00e9n precis\u00f3 que, en caso de materializarse, la alianza opositora ser\u00eda flexible, aplic\u00e1ndose \u00fanicamente en el 25% de los municipios veracruzanos; esto es, 53.<br>En Veracruz, el PAN ha participado en dos coaliciones electorales recientes. En 2017, bajo el liderazgo de Miguel \u00c1ngel Yunes Linares, el blanquiazul se ali\u00f3 con el extinto Partido de la Revoluci\u00f3n Democr\u00e1tica (PRD), logrando triunfos en 112 de los 212 municipios en disputa y obteniendo m\u00e1s de un mill\u00f3n de votos, equivalentes a m\u00e1s del 32% de la votaci\u00f3n total.<br>Sin embargo, en 2021, la alianza PAN-PRI-PRD tuvo un desempe\u00f1o mucho m\u00e1s discreto: juntos, ganaron apenas 21 municipios. El PAN, por su cuenta, obtuvo victorias en otros 13; el PRI, en 22; y el PRD, en cinco \u00fanicamente.<br>El panorama en 2024 fue a\u00fan m\u00e1s desalentador. La coalici\u00f3n PAN-PRI-PRD no logr\u00f3 buenos resultados en Veracruz. El PRD perdi\u00f3 su registro en la entidad, mientras que el PRI estuvo a punto de ser desplazado por Movimiento Ciudadano como la tercera fuerza pol\u00edtica.<br>En t\u00e9rminos generales, la alianza PAN-PRI no est\u00e1 en un buen momento. El PRI arrastra un fuerte desgaste en la opini\u00f3n p\u00fablica, y la oposici\u00f3n en su conjunto sufre una evidente escasez de figuras competitivas.<br>De hecho, en algunos c\u00edrculos period\u00edsticos se ha mencionado la posibilidad de que el PRI, por primera vez en su historia, enfrente problemas para encontrar candidatos dispuestos a asumir el riesgo pol\u00edtico y econ\u00f3mico de competir en un contexto adverso.<br>Con estos antecedentes, la oposici\u00f3n veracruzana tiene un camino complicado para presentar una propuesta competitiva, especialmente en las principales ciudades del estado. Actualmente, PAN y PRI gobiernan en pocas cabeceras distritales y, hoy m\u00e1s que nunca, est\u00e1n en riesgo de perder las pocas posiciones que a\u00fan conservan.<br>@luisromero85<\/p>\n","protected":false},"excerpt":{"rendered":"<p>S\u00edguenos ahora tambi\u00e9n en WhatsApp.\u00a0Da clic aqu\u00ed Luis Alberto Romero Hora cero Un d\u00eda despu\u00e9s de que Alejandro Moreno C\u00e1rdenas, dirigente nacional del Partido Revolucionario Institucional, manifestara la disposici\u00f3n de su partido para formar una coalici\u00f3n opositora en las elecciones municipales de Veracruz, Acci\u00f3n Nacional calific\u00f3 como incierta esa posibilidad.El presidente del Comit\u00e9 Ejecutivo Nacional [&hellip;]<\/p>\n","protected":false},"author":2,"featured_media":119912,"comment_status":"closed","ping_status":"closed","sticky":false,"template":"","format":"standard","meta":{"_jetpack_newsletter_access":"","_jetpack_dont_email_post_to_subs":false,"_jetpack_newsletter_tier_id":0,"_jetpack_memberships_contains_paywalled_content":false,"_jetpack_memberships_contains_paid_content":false,"footnotes":""},"categories":[70],"tags":[15048,26718],"class_list":["post-136796","post","type-post","status-publish","format-standard","has-post-thumbnail","hentry","category-de-opinion","tag-alejandro-moreno-cardenas","tag-miguel-angel-yunes-linares-2"],"jetpack_featured_media_url":"https:\/\/lospoliticosveracruz.com.mx\/wp-content\/uploads\/2024\/03\/Luis-Romero.jpg","jetpack_sharing_enabled":true,"jetpack_shortlink":"https:\/\/wp.me\/p4Qcd3-zAo","_links":{"self":[{"href":"https:\/\/lospoliticosveracruz.com.mx\/index.php?rest_route=\/wp\/v2\/posts\/136796","targetHints":{"allow":["GET"]}}],"collection":[{"href":"https:\/\/lospoliticosveracruz.com.mx\/index.php?rest_route=\/wp\/v2\/posts"}],"about":[{"href":"https:\/\/lospoliticosveracruz.com.mx\/index.php?rest_route=\/wp\/v2\/types\/post"}],"author":[{"embeddable":true,"href":"https:\/\/lospoliticosveracruz.com.mx\/index.php?rest_route=\/wp\/v2\/users\/2"}],"replies":[{"embeddable":true,"href":"https:\/\/lospoliticosveracruz.com.mx\/index.php?rest_route=%2Fwp%2Fv2%2Fcomments&post=136796"}],"version-history":[{"count":2,"href":"https:\/\/lospoliticosveracruz.com.mx\/index.php?rest_route=\/wp\/v2\/posts\/136796\/revisions"}],"predecessor-version":[{"id":136798,"href":"https:\/\/lospoliticosveracruz.com.mx\/index.php?rest_route=\/wp\/v2\/posts\/136796\/revisions\/136798"}],"wp:featuredmedia":[{"embeddable":true,"href":"https:\/\/lospoliticosveracruz.com.mx\/index.php?rest_route=\/wp\/v2\/media\/119912"}],"wp:attachment":[{"href":"https:\/\/lospoliticosveracruz.com.mx\/index.php?rest_route=%2Fwp%2Fv2%2Fmedia&parent=136796"}],"wp:term":[{"taxonomy":"category","embeddable":true,"href":"https:\/\/lospoliticosveracruz.com.mx\/index.php?rest_route=%2Fwp%2Fv2%2Fcategories&post=136796"},{"taxonomy":"post_tag","embeddable":true,"href":"https:\/\/lospoliticosveracruz.com.mx\/index.php?rest_route=%2Fwp%2Fv2%2Ftags&post=136796"}],"curies":[{"name":"wp","href":"https:\/\/api.w.org\/{rel}","templated":true}]}}