{"id":136803,"date":"2025-01-29T21:43:31","date_gmt":"2025-01-30T03:43:31","guid":{"rendered":"https:\/\/lospoliticosveracruz.com.mx\/?p=136803"},"modified":"2025-01-29T21:43:54","modified_gmt":"2025-01-30T03:43:54","slug":"no-al-nepotismo-electoral","status":"publish","type":"post","link":"https:\/\/lospoliticosveracruz.com.mx\/?p=136803","title":{"rendered":"NO AL NEPOTISMO ELECTORAL"},"content":{"rendered":"\n<p><\/p>\n\n\n\n<p>S\u00edguenos ahora tambi\u00e9n en WhatsApp.\u00a0<a href=\"https:\/\/whatsapp.com\/channel\/0029Va8zRWlEKyZIP3Z1dF0e\"><em><strong>Da clic aqu\u00ed<\/strong><\/em><\/a><\/p>\n\n\n\n<p><strong>Jos\u00e9 Luis Ortega Vidal<br><\/strong><em>Claroscuros<\/em><\/p>\n\n\n\n<p>El diputado Esteban Bautista Hern\u00e1ndez particip\u00f3 en una reuni\u00f3n con la gobernadora Roc\u00edo Nahle Garc\u00eda, al medio d\u00eda del martes pasado, en las oficinas de la jefa del Ejecutivo.<br>Junto al presidente de la Junta de Coordinaci\u00f3n Pol\u00edtica (JUCOPO) de la LXVII Legislatura, acudieron integrantes de la directiva del Congreso.<br>Otra vez al medio d\u00eda, pero ayer mi\u00e9rcoles, el legislador fue testigo del registro de la alianza MORENA\/PVEM, en el OPLE; el PT no acudi\u00f3, lo que deja clara la presi\u00f3n que el Partido del Trabajo vive internamente e intenta trasladar a la mesa de negociaci\u00f3n con guindas y verdes.<br>El PT quiere m\u00e1s de las veintitantas candidaturas municipales que le est\u00e1n ofreciendo y cuenta hasta el pr\u00f3ximo domingo dos de febrero para deshojar la margarita, en la venta cara de su amor\u2026<br>Faltan muy pocos d\u00edas para conocer el resultado de este desencuentro partidista.<\/p>\n\n\n\n<p>(2)<br>Por lo pronto, el diputado Esteban Bautista Hern\u00e1ndez lanz\u00f3 una declaraci\u00f3n de peso en torno al tema del nepotismo, al afirmar en el contexto de su visita al OPLE, que esposas, hermanos, hijos de alcaldes que se hayan anotado para obtener candidaturas por las alcald\u00edas, no pasar\u00e1n; no les dar\u00e1n los abanderamientos de MORENA.<br>\u00bfTampoco las de PVEM y eventualmente del PT, en el caso de que se concrete la alianza con el partido rojo?<br>Se entiende que as\u00ed ser\u00e1; es decir, el rotundo NO al nepotismo ordenado por la presidenta Claudia Sheinbaum, habr\u00eda de incluir en el caso de Veracruz a todos los partidos en alianza.<br>Vale la pena reiterar el dato sobre la visita de Esteban Bautista y sus compa\u00f1eros diputados a la oficina de Roc\u00edo Nahle el martes pasado; no ser\u00eda extra\u00f1o que dicho encuentro privado haya incluido instrucciones y acuerdos traducidos en declaraciones el d\u00eda de un acto importante en el OPLE, ni m\u00e1s ni menos que el \u00e1rbitro del proceso electoral local 2024-2025.<\/p>\n\n\n\n<p>(3)<br>En este mismo escenario, resulta relevante la decisi\u00f3n que el PT tomar\u00e1 durante los pr\u00f3ximos d\u00edas, con l\u00edmite al domingo primero de febrero\u2026<br>Me explico: si el PT acepta la alianza y las reglas del NO al nepotismo, se sumar\u00e1 al aval de la declaraci\u00f3n de Esteban Bautista Hern\u00e1ndez.<br>De otro modo, si el PT va solo, no tendr\u00eda que asumir tal compromiso y estar\u00eda en condiciones de promover candidatos (as), que forman parte de familias hoy en el poder e interesadas en seguir con la batuta en su municipio, sea chico o sea grande\u2026<br>\u00bfEjemplos?<br>Hay varios en la entidad: en Tuxpan de Rodr\u00edguez Cano, Jos\u00e9 Manuel Pozos Castro dej\u00f3 la alcald\u00eda para convertirse en subsecretario de Gobierno con Roc\u00edo Nahle Garc\u00eda.<br>Legalmente, el funcionario estatal sigue siendo presidente en la huasteca veracruzana y su hijo Jos\u00e9 Manuel Pozos del \u00c1ngel se anot\u00f3 como aspirante a la candidatura guinda para ocupar el cargo votado a favor de su pap\u00e1 durante los comicios del 2021.<br>En Tuxpan habr\u00e1 alianza MORENA\/PVEM y quiz\u00e1 PT, pero los morenistas llevan mano.<br>\u00bfC\u00f3mo se va a resolver el caso tuxpe\u00f1o frente al compromiso de No al nepotismo?<\/p>\n\n\n\n<p>(4)<br>En Soconusco, un pueblo peque\u00f1o en el Sur, el edil Cuauhtemoc Baruch impulsa a su esposa, por MORENA\u2026<br>Poza Rica de Hidalgo, en el centro norte veracruzano, padece una de las peores administraciones municipales en manos de Fernando Remes Garza (a) El Pulpo.<br>Poza Rica tambi\u00e9n es uno de los municipios con los m\u00e1s altos niveles de inseguridad de Veracruz y de M\u00e9xico.<br>Ah\u00ed se anot\u00f3 como aspirante a la candidatura por la alcald\u00eda, Fernando Remes Tostado, hijo del tristemente c\u00e9lebre alcalde\u2026<\/p>\n\n\n\n<p>(5)<br>La lista es larga, la iremos detallando, pero tambi\u00e9n incluye a diputados, para quienes tambi\u00e9n va el mensaje de No al nepotismo y No a la pr\u00e1ctica pol\u00edtica del chapul\u00edn\u2026<\/p>\n","protected":false},"excerpt":{"rendered":"<p>S\u00edguenos ahora tambi\u00e9n en WhatsApp.\u00a0Da clic aqu\u00ed Jos\u00e9 Luis Ortega VidalClaroscuros El diputado Esteban Bautista Hern\u00e1ndez particip\u00f3 en una reuni\u00f3n con la gobernadora Roc\u00edo Nahle Garc\u00eda, al medio d\u00eda del martes pasado, en las oficinas de la jefa del Ejecutivo.Junto al presidente de la Junta de Coordinaci\u00f3n Pol\u00edtica (JUCOPO) de la LXVII Legislatura, acudieron integrantes [&hellip;]<\/p>\n","protected":false},"author":2,"featured_media":119931,"comment_status":"closed","ping_status":"closed","sticky":false,"template":"","format":"standard","meta":{"_jetpack_newsletter_access":"","_jetpack_dont_email_post_to_subs":false,"_jetpack_newsletter_tier_id":0,"_jetpack_memberships_contains_paywalled_content":false,"_jetpack_memberships_contains_paid_content":false,"footnotes":""},"categories":[70],"tags":[2769,9418],"class_list":["post-136803","post","type-post","status-publish","format-standard","has-post-thumbnail","hentry","category-de-opinion","tag-jose-luis-ortega-vidal","tag-jucopo"],"jetpack_featured_media_url":"https:\/\/lospoliticosveracruz.com.mx\/wp-content\/uploads\/2024\/03\/Jose-Luis-Ortega-Vidal.jpg","jetpack_sharing_enabled":true,"jetpack_shortlink":"https:\/\/wp.me\/p4Qcd3-zAv","_links":{"self":[{"href":"https:\/\/lospoliticosveracruz.com.mx\/index.php?rest_route=\/wp\/v2\/posts\/136803","targetHints":{"allow":["GET"]}}],"collection":[{"href":"https:\/\/lospoliticosveracruz.com.mx\/index.php?rest_route=\/wp\/v2\/posts"}],"about":[{"href":"https:\/\/lospoliticosveracruz.com.mx\/index.php?rest_route=\/wp\/v2\/types\/post"}],"author":[{"embeddable":true,"href":"https:\/\/lospoliticosveracruz.com.mx\/index.php?rest_route=\/wp\/v2\/users\/2"}],"replies":[{"embeddable":true,"href":"https:\/\/lospoliticosveracruz.com.mx\/index.php?rest_route=%2Fwp%2Fv2%2Fcomments&post=136803"}],"version-history":[{"count":2,"href":"https:\/\/lospoliticosveracruz.com.mx\/index.php?rest_route=\/wp\/v2\/posts\/136803\/revisions"}],"predecessor-version":[{"id":136805,"href":"https:\/\/lospoliticosveracruz.com.mx\/index.php?rest_route=\/wp\/v2\/posts\/136803\/revisions\/136805"}],"wp:featuredmedia":[{"embeddable":true,"href":"https:\/\/lospoliticosveracruz.com.mx\/index.php?rest_route=\/wp\/v2\/media\/119931"}],"wp:attachment":[{"href":"https:\/\/lospoliticosveracruz.com.mx\/index.php?rest_route=%2Fwp%2Fv2%2Fmedia&parent=136803"}],"wp:term":[{"taxonomy":"category","embeddable":true,"href":"https:\/\/lospoliticosveracruz.com.mx\/index.php?rest_route=%2Fwp%2Fv2%2Fcategories&post=136803"},{"taxonomy":"post_tag","embeddable":true,"href":"https:\/\/lospoliticosveracruz.com.mx\/index.php?rest_route=%2Fwp%2Fv2%2Ftags&post=136803"}],"curies":[{"name":"wp","href":"https:\/\/api.w.org\/{rel}","templated":true}]}}