{"id":137037,"date":"2025-02-03T05:39:34","date_gmt":"2025-02-03T11:39:34","guid":{"rendered":"https:\/\/lospoliticosveracruz.com.mx\/?p=137037"},"modified":"2025-02-03T05:39:46","modified_gmt":"2025-02-03T11:39:46","slug":"pan-va-solo","status":"publish","type":"post","link":"https:\/\/lospoliticosveracruz.com.mx\/?p=137037","title":{"rendered":"PAN VA SOLO!"},"content":{"rendered":"\n<p><em>C O M U N I C A D O<\/em><\/p>\n\n\n\n<p>El Partido Acci\u00f3n Nacional siempre ha promovido el di\u00e1logo y los acuerdos democr\u00e1ticos para la consecuci\u00f3n del bien com\u00fan. No obstante, despu\u00e9s de haber agotado todas las opciones posibles para conformar una coalici\u00f3n flexible, no fue posible acordar con otras fuerzas pol\u00edticas el porcentaje m\u00ednimo que establece la ley para dicha coalici\u00f3n.<\/p>\n\n\n\n<p>Por lo anterior, en esta ocasi\u00f3n, propondremos candidatos impulsados por la sociedad y los militantes del PAN con absoluto apego a las normas electorales, con campa\u00f1as propositivas y con respeto a todos los partidos y asociaciones civiles que impulsan la vida, la verdad y la libertad.<\/p>\n\n\n\n<p>Lucharemos decididamente contra el nuevo autoritarismo que representa Morena y sus aliados en los 212 ayuntamientos para frenar el populismo que socava la dignidad de las personas y que destruye las instituciones, y la econom\u00eda de las familias veracruzanas.<\/p>\n\n\n\n<p>Partido Acci\u00f3n Nacional, Veracruz.<\/p>\n","protected":false},"excerpt":{"rendered":"<p>C O M U N I C A D O El Partido Acci\u00f3n Nacional siempre ha promovido el di\u00e1logo y los acuerdos democr\u00e1ticos para la consecuci\u00f3n del bien com\u00fan. No obstante, despu\u00e9s de haber agotado todas las opciones posibles para conformar una coalici\u00f3n flexible, no fue posible acordar con otras fuerzas pol\u00edticas el porcentaje m\u00ednimo [&hellip;]<\/p>\n","protected":false},"author":2,"featured_media":0,"comment_status":"closed","ping_status":"closed","sticky":false,"template":"","format":"standard","meta":{"_jetpack_newsletter_access":"","_jetpack_dont_email_post_to_subs":false,"_jetpack_newsletter_tier_id":0,"_jetpack_memberships_contains_paywalled_content":false,"_jetpack_memberships_contains_paid_content":false,"footnotes":""},"categories":[73],"tags":[721,1026,266,251,195],"class_list":["post-137037","post","type-post","status-publish","format-standard","hentry","category-de-boleto","tag-elecciones","tag-morena","tag-pan","tag-pri","tag-veracruz"],"jetpack_featured_media_url":"","jetpack_sharing_enabled":true,"jetpack_shortlink":"https:\/\/wp.me\/p4Qcd3-zEh","_links":{"self":[{"href":"https:\/\/lospoliticosveracruz.com.mx\/index.php?rest_route=\/wp\/v2\/posts\/137037","targetHints":{"allow":["GET"]}}],"collection":[{"href":"https:\/\/lospoliticosveracruz.com.mx\/index.php?rest_route=\/wp\/v2\/posts"}],"about":[{"href":"https:\/\/lospoliticosveracruz.com.mx\/index.php?rest_route=\/wp\/v2\/types\/post"}],"author":[{"embeddable":true,"href":"https:\/\/lospoliticosveracruz.com.mx\/index.php?rest_route=\/wp\/v2\/users\/2"}],"replies":[{"embeddable":true,"href":"https:\/\/lospoliticosveracruz.com.mx\/index.php?rest_route=%2Fwp%2Fv2%2Fcomments&post=137037"}],"version-history":[{"count":1,"href":"https:\/\/lospoliticosveracruz.com.mx\/index.php?rest_route=\/wp\/v2\/posts\/137037\/revisions"}],"predecessor-version":[{"id":137038,"href":"https:\/\/lospoliticosveracruz.com.mx\/index.php?rest_route=\/wp\/v2\/posts\/137037\/revisions\/137038"}],"wp:attachment":[{"href":"https:\/\/lospoliticosveracruz.com.mx\/index.php?rest_route=%2Fwp%2Fv2%2Fmedia&parent=137037"}],"wp:term":[{"taxonomy":"category","embeddable":true,"href":"https:\/\/lospoliticosveracruz.com.mx\/index.php?rest_route=%2Fwp%2Fv2%2Fcategories&post=137037"},{"taxonomy":"post_tag","embeddable":true,"href":"https:\/\/lospoliticosveracruz.com.mx\/index.php?rest_route=%2Fwp%2Fv2%2Ftags&post=137037"}],"curies":[{"name":"wp","href":"https:\/\/api.w.org\/{rel}","templated":true}]}}