{"id":13734,"date":"2014-11-26T20:44:53","date_gmt":"2014-11-27T02:44:53","guid":{"rendered":"http:\/\/www.lospoliticosveracruz.com.mx\/?p=13734"},"modified":"2014-11-26T20:44:53","modified_gmt":"2014-11-27T02:44:53","slug":"los-aguinaldos-que-no-llegaran","status":"publish","type":"post","link":"https:\/\/lospoliticosveracruz.com.mx\/?p=13734","title":{"rendered":"Los aguinaldos que no llegar\u00e1n"},"content":{"rendered":"<p><a href=\"http:\/\/www.lospoliticosveracruz.com.mx\/wp-content\/uploads\/2014\/11\/Mauricio-Audirac.jpg\"><img loading=\"lazy\" decoding=\"async\" class=\"alignnone size-medium wp-image-13564\" src=\"http:\/\/www.lospoliticosveracruz.com.mx\/wp-content\/uploads\/2014\/11\/Mauricio-Audirac-300x226.jpg\" alt=\"Mauricio-Audirac\" width=\"300\" height=\"226\" \/><\/a><\/p>\n<p>&nbsp;<\/p>\n<p><strong>Marco Antonio Aguirre Rodr\u00edguez<\/strong><\/p>\n<p><em>M\u00edsticos y Terrenales<\/em><\/p>\n<p>&nbsp;<\/p>\n<p>El gobierno del estado de Veracruz est\u00e1 reteniendo las participaciones que corresponden a los ayuntamientos, con lo cual los est\u00e1 colocando contra la pared y lo m\u00e1s probable es que se repita en mucho el panorama que se dio en el 2013, cuando en muchos municipios no les pagaron el aguinaldo, al menos en tiempo y forma, a los trabajadores<br \/>\nLas retenciones tambi\u00e9n afectan a otras instituciones que reciben participaciones del gobierno federal, como la Universidad Veracruzana<br \/>\nLos ayuntamientos ya tienen problemas para cubrir tanto sus obligaciones fiscales como los pagos a proveedores e incluso han llegado ya a la par\u00e1lisis administrativa ante la falta de recursos.<br \/>\nMauricio Audirac durante su comparecencia asegur\u00f3 que el gobierno del estado de Veracruz tuvo este a\u00f1o un incremento sustancial en sus ingresos de casi 5,700 millones de pesos.<br \/>\nSi esto es as\u00ed, \u00bfpor qu\u00e9 se le retienen las participaciones a los ayuntamientos y a otras instancias descentralizadas?.<br \/>\nY lo peor es que ocurrir\u00e1 lo mismo con las participaciones de diciembre y ah\u00ed es donde los ayuntamientos se ver\u00e1n en dificultades para enfrentar sus compromisos de fin de a\u00f1o.<br \/>\nLa situaci\u00f3n ya se deja venir y Mauricio Audirac mand\u00f3 a Tom\u00e1s Bustos, hoy Secretario de Fiscalizaci\u00f3n de la Legislatura del estado, a declarar en contra de los gobiernos municipales y a acusarlos de no programar los pagos de los aguinaldos.<br \/>\n\u00bfEl pretexto?. Pero adem\u00e1s no dicho, si no dejado entrever, nada m\u00e1s, son los Juegos Centroamericanos, \u00bfpues no que todo estaba cubierto en esas justas?.<br \/>\nPues si, el dinero para realizar el evento ya fue entregado con anticipaci\u00f3n por parte del gobierno federal, que es la instancia que carga con la mayor parte del gasto.<br \/>\nEn diciembre del 2013 se dio una ola de protestas por todo el estado luego de que en muchos ayuntamientos que ya iban de salida no les quer\u00edan pagar el aguinaldo.<br \/>\nEn el gobierno del estado a los bur\u00f3cratas les retuvieron el pago del aguinaldo y les entregaron s\u00f3lo la mitad del mismo el 24 de diciembre y eso porque se filtr\u00f3 el incumplimiento.<br \/>\nEs probable que a los bur\u00f3cratas del gobierno del estado este a\u00f1o les ocurra igual, porque ya desde ahora les pagan su sueldo con retraso.<br \/>\n\u00bfD\u00f3nde est\u00e1 la buena administraci\u00f3n que se adjudica el gobierno de Javier Duarte?, \u00bfd\u00f3nde est\u00e1 el buen uso de los recursos que asegura Mauricio Audirac?<br \/>\nEn el 2013 los jubilados adheridos al Instituto de Pensiones del Estado tuvieron que hacer varios plantones para que les pagaran el aguinaldo, despu\u00e9s de que les entregaron cheques sin fondos y el gobierno del estado dec\u00eda no haber recibido las participaciones federales, pero luego la misma Secretar\u00eda de Hacienda desminti\u00f3 la versi\u00f3n mostrando como ya le hab\u00edan entregado todos los recursos del a\u00f1o.<br \/>\nEntonces, gobierno del estado culp\u00f3 a los bancos y estos apechugaron diciendo que hab\u00eda sido una falla en el sistema.<br \/>\nY as\u00ed fue, una falla, en el sistema administrativo del gobierno de Javier Duarte.<br \/>\n\u00bfVolver\u00e1 a ocurrir en este 2014 lo mismo?.<br \/>\nLa falta de recursos el a\u00f1o pasado llev\u00f3 tambi\u00e9n a que grupos de profesores hicieran diversos movimientos el 4 de enero del 2014, luego de que no les hab\u00edan cubierto a\u00fan el segundo pago del aguinaldo del 2013.<br \/>\n\u00bfVolver\u00e1 a pasar lo mismo?.<br \/>\nJavier Duarte est\u00e1 muy apurado, para que su imagen vapuleada quede con las menores abolladuras, porque despu\u00e9s de los Centroamericanos se realizar\u00e1 en Veracruz la XXIV Cumbre Iberoamericana, pero esta la organiza el gobierno federal \u2013tambi\u00e9n- por medio de la Secretar\u00eda de Relaciones Exteriores.<br \/>\nSi tiene dudas de qui\u00e9n organiza el evento, visite la pagina del mismo y donde dice Directorio ver\u00e1 que todos son funcionarios de Relaciones Exteriores.<br \/>\nVaya, para m\u00e1s f\u00e1cil, aqu\u00ed est\u00e1 el enlace http:\/\/www.24cumbreiberoamericana.gob.mx\/directorio\/<br \/>\nEn este evento las versiones son que la instancia del gobierno federal no est\u00e1 permitiendo que el gobierno del estado meta las manos para nada en la organizaci\u00f3n y muchos menos est\u00e1n dispuestos a entregarles recursos.<br \/>\nAs\u00ed que Javier Duarte no puede usar como pretexto para retener las participaciones que es porque va a realizar gasto alguno en la organizaci\u00f3n de la Cumbre Iberoamericana.<br \/>\nEntonces, si las crisis llegan por la falta de pago de los aguinaldos a los bur\u00f3cratas de los ayuntamientos, del mismo gobierno del estado, de los pensionados y jubilados del IPE, de los profesores, es \u00fanica y exclusivamente porque el gobierno del estado est\u00e1 reteniendo las participaciones federales.<br \/>\n\u00bfCon qu\u00e9 fin?.<br \/>\nOjal\u00e1 se pudiese conocer la situaci\u00f3n.<br \/>\nPero en la Legislatura del estado no hay un solo diputado que reclame esta irregularidad.<\/p>\n<p>RECHIFLA A DUARTE EN C\u00d3RDOBA. El 23 de noviembre Javier Duarte lleg\u00f3 a la Arena C\u00f3rdoba todo contento y seguro de que recibir\u00eda una gran ovaci\u00f3n. Sus operadores le confirmaron que hab\u00edan llenado la Arena con acarreados, que le aplaudir\u00edan y que si lo deseaba hasta podr\u00edan abuchear a Tom\u00e1s R\u00edos Bernal, el alcalde panista del lugar.<br \/>\nEl acarreo lo confirm\u00f3 despu\u00e9s Fernando Z\u00fa\u00f1iga, dirigente del PVEM en la zona, quien milit\u00f3 durante varios a\u00f1os en el PRI.<br \/>\nPues en lugar de una estruendosa ovaci\u00f3n a Javier Duarte le llovi\u00f3 un persistente abucheo, que se produjo cuando mencionaron su nombre, el cual \u2013para su fortuna o desgracia- comparti\u00f3 con el director del comit\u00e9 organizador de los Centroamericanos, Carlos Sosa.<br \/>\nEl panorama de la inauguraci\u00f3n de los JCC, cuando esperaba una ovaci\u00f3n, se repiti\u00f3.<br \/>\nParece que ya ni el acarreo le garantiza los aplausos.<br \/>\nJavier Duarte enardeci\u00f3 y despidi\u00f3 al panista Juan Gerardo Perdomo Abella como gerente de la misma.<br \/>\nPerdomo Abella, miembro de la dinast\u00eda de las familias con poder econ\u00f3mico en C\u00f3rdoba, simplemente dijo que no hab\u00eda sido el culpable y que se mantendr\u00eda en su posici\u00f3n de coordinador del Comit\u00e9 Municipal del Deporte.<br \/>\nJavier Duarte quer\u00eda mostrar que ya es querido y amado en su adoptiva ciudad de C\u00f3rdoba.<br \/>\nPero parece que ni con acarreados consigue que le aplaudan.<\/p>\n<p>MOTA, CANDIDATURA PELEADA. Y a quien es probable que un alud le llueva en su comparecencia para la glosa del Informe de Gobierno de Javier Duarte, es a Adolfo Mota.<br \/>\nSi Erick Lagos pudo hacer que grandes contingentes estuvieran a las afueras del Palacio Legislativo para hacer ruido antes de su comparecencia, si Arturo Bermudez cerc\u00f3 el mismo sitio cuando fue su turno de acudir, \u00bfno podr\u00eda alguien llevar grupos que le reclamen a Adolfo Mota alguno de los muchos pendientes que existen en la SEV?.<br \/>\nPor lo pronto ya le dijeron -de forma indirecta- que en Palacio de Gobierno no quieren que sea el candidato a diputado federal, pero si quieren que deje el puesto para d\u00e1rselo a Flavino R\u00edos y que la candidatura ser\u00e1 para Erika Ayala.<br \/>\nTambi\u00e9n ya le sacaron la vinculaci\u00f3n con el desaparecido presidente municipal de Colipa, Francisco \u201cChito\u201d Mota Uribe, quien supuestamente fue levantado por alg\u00fan cuerpo policiaco cuando viajaba hacia Veracruz junto con el periodista Evaristo Ortega Z\u00e1rate, quien iba a ser candidato a s\u00edndico en el 2013, ambos para entrevistarse con Miguel \u00c1ngel Yunes.<br \/>\nEso y los amagos de grupos magisteriales, m\u00e1s las sorpresas que le saquen los diputados.<br \/>\nO igual todo se arregla y la comparecencia de Adolfo Mota se da en santa paz.<\/p>\n","protected":false},"excerpt":{"rendered":"<p>&nbsp; Marco Antonio Aguirre Rodr\u00edguez M\u00edsticos y Terrenales &nbsp; El gobierno del estado de Veracruz est\u00e1 reteniendo las participaciones que corresponden a los ayuntamientos, con lo cual los est\u00e1 colocando contra la pared y lo m\u00e1s probable es que se repita en mucho el panorama que se dio en el 2013, cuando en muchos municipios [&hellip;]<\/p>\n","protected":false},"author":2,"featured_media":0,"comment_status":"open","ping_status":"open","sticky":false,"template":"","format":"standard","meta":{"_jetpack_newsletter_access":"","_jetpack_dont_email_post_to_subs":false,"_jetpack_newsletter_tier_id":0,"_jetpack_memberships_contains_paywalled_content":false,"_jetpack_memberships_contains_paid_content":false,"footnotes":""},"categories":[70],"tags":[894,1000,195],"class_list":["post-13734","post","type-post","status-publish","format-standard","hentry","category-de-opinion","tag-mauricio-audirac","tag-participaciones","tag-veracruz"],"jetpack_featured_media_url":"","jetpack_sharing_enabled":true,"jetpack_shortlink":"https:\/\/wp.me\/p4Qcd3-3zw","_links":{"self":[{"href":"https:\/\/lospoliticosveracruz.com.mx\/index.php?rest_route=\/wp\/v2\/posts\/13734","targetHints":{"allow":["GET"]}}],"collection":[{"href":"https:\/\/lospoliticosveracruz.com.mx\/index.php?rest_route=\/wp\/v2\/posts"}],"about":[{"href":"https:\/\/lospoliticosveracruz.com.mx\/index.php?rest_route=\/wp\/v2\/types\/post"}],"author":[{"embeddable":true,"href":"https:\/\/lospoliticosveracruz.com.mx\/index.php?rest_route=\/wp\/v2\/users\/2"}],"replies":[{"embeddable":true,"href":"https:\/\/lospoliticosveracruz.com.mx\/index.php?rest_route=%2Fwp%2Fv2%2Fcomments&post=13734"}],"version-history":[{"count":2,"href":"https:\/\/lospoliticosveracruz.com.mx\/index.php?rest_route=\/wp\/v2\/posts\/13734\/revisions"}],"predecessor-version":[{"id":13736,"href":"https:\/\/lospoliticosveracruz.com.mx\/index.php?rest_route=\/wp\/v2\/posts\/13734\/revisions\/13736"}],"wp:attachment":[{"href":"https:\/\/lospoliticosveracruz.com.mx\/index.php?rest_route=%2Fwp%2Fv2%2Fmedia&parent=13734"}],"wp:term":[{"taxonomy":"category","embeddable":true,"href":"https:\/\/lospoliticosveracruz.com.mx\/index.php?rest_route=%2Fwp%2Fv2%2Fcategories&post=13734"},{"taxonomy":"post_tag","embeddable":true,"href":"https:\/\/lospoliticosveracruz.com.mx\/index.php?rest_route=%2Fwp%2Fv2%2Ftags&post=13734"}],"curies":[{"name":"wp","href":"https:\/\/api.w.org\/{rel}","templated":true}]}}