{"id":13737,"date":"2014-11-26T21:03:15","date_gmt":"2014-11-27T03:03:15","guid":{"rendered":"http:\/\/www.lospoliticosveracruz.com.mx\/?p=13737"},"modified":"2014-11-26T21:03:15","modified_gmt":"2014-11-27T03:03:15","slug":"prd-la-crisis-que-no-acaba","status":"publish","type":"post","link":"https:\/\/lospoliticosveracruz.com.mx\/?p=13737","title":{"rendered":"PRD, la crisis que no acaba"},"content":{"rendered":"<p><a href=\"http:\/\/www.lospoliticosveracruz.com.mx\/wp-content\/uploads\/2014\/11\/Cuauht\u00e9moc-C\u00e1rdenas.jpg\"><img loading=\"lazy\" decoding=\"async\" class=\"alignnone size-medium wp-image-13739\" src=\"http:\/\/www.lospoliticosveracruz.com.mx\/wp-content\/uploads\/2014\/11\/Cuauht\u00e9moc-C\u00e1rdenas-300x160.jpg\" alt=\"Cuauht\u00e9moc C\u00e1rdenas\" width=\"300\" height=\"160\" \/><\/a><\/p>\n<p><strong>Luis Alberto Romero<\/strong><\/p>\n<p><em>Hora Cero<\/em><\/p>\n<p>&nbsp;<\/p>\n<p>Han pasado 25 a\u00f1os desde que los partidos Mexicano Socialista, Mexicano de los Trabajadores, Socialista Unificado de M\u00e9xico, Popular Revolucionario y Socialista de los trabajadores, as\u00ed como el Movimiento Revolucionario del Pueblo y la Uni\u00f3n de la Izquierda Comunista se fusionaron para fundar el Partido de la Revoluci\u00f3n Democr\u00e1tica, que ha gobernado 10 entidades de la Rep\u00fablica y ha logrado el triunfo electoral en 19 procesos estatales.<\/p>\n<p>El primer resultado importante de la izquierda mexicana lleg\u00f3 en 1997, con el triunfo en el Distrito Federal de Cuauht\u00e9moc C\u00e1rdenas Sol\u00f3rzano, su fundador, primer dirigente y l\u00edder moral, quien la noche de este martes 25 de noviembre renunci\u00f3 a su militancia.<\/p>\n<p>Hasta hoy, cuatro ex presidentes del Comit\u00e9 Ejecutivo Nacional del PRD han dejado dicho partido; antes del ingeniero C\u00e1rdenas lo hicieron Porfirio Mu\u00f1oz Ledo, tambi\u00e9n fundador, quien encabez\u00f3 al Sol Azteca de 1993 a 1996; Rosario Robles Berlanga, presidenta de 2002 a 2003; y Andr\u00e9s Manuel L\u00f3pez Obrador, que renunci\u00f3 a una militancia de 23 a\u00f1os el 10 de septiembre de 2012. Tres de esos cuatro fueron ocuparon tambi\u00e9n la jefatura de gobierno en el Distrito Federal.<\/p>\n<p>As\u00ed, por diferentes motivos, los m\u00e1s destacados militantes y dirigentes de ese partido han preferido deslindarse del grupo que desde 2008 mantiene la hegemon\u00eda interna bajo la presidencia de Jes\u00fas Ortega, Jes\u00fas Zambrano y, actualmente, Carlos Navarrete.<\/p>\n<p>Si la decisi\u00f3n de L\u00f3pez Obrador de separarse del PRD en 2012 y fundar una nueva expresi\u00f3n de la izquierda, el Movimiento de Regeneraci\u00f3n Nacional, caus\u00f3 un cisma, el anunci\u00f3 C\u00e1rdenas Sol\u00f3rzano representa la puntilla para un partido que se ha caracterizado por la divisi\u00f3n y el enfrentamiento entre sus tribus.<\/p>\n<p>En el entorno local, el ex dirigente del comit\u00e9 estatal, Juan Vergel Pacheco, anunci\u00f3 su renuncia y se lanz\u00f3 contra el partido y sus dirigentes en la entidad; se\u00f1al\u00f3 que ya no representan una opci\u00f3n, que carecen de v\u00ednculo social y que mantiene una relaci\u00f3n de complicidad con el gobierno; que se dirige desde el analfabetismo funcional \u2013refiri\u00e9ndose al presidente estatal, Rogelio Franco\u2013 y que carecen de autonom\u00eda y vida propia.<\/p>\n<p>Fredy Marcos, actual secretario de organizaci\u00f3n del comit\u00e9 estatal, reconoce el da\u00f1o que representar\u00e1 la salida de C\u00e1rdenas; sin embargo, apunta que el partido se encuentra en movimiento y que una prueba de ello es la renovaci\u00f3n de las dirigencias municipales, que comenzaron ayer en el Totonacapan con Espinal, Coxquihui y Coahuitl\u00e1n.<\/p>\n<p>Sin embargo, para el diputado federal Uriel Flores Aguayo, lo que ocurre en Veracruz es fiel reflejo de la crisis nacional del partido; apunta que esperar\u00e1 a la conclusi\u00f3n del periodo ordinario de sesiones en San L\u00e1zaro, programado para el 15 de diciembre, para tomar una determinaci\u00f3n sobre su permanencia en el padr\u00f3n perredista. Hay quien apunta que al diputado por el distrito de Xalapa Urbano se le ve cada vez m\u00e1s cerca de Morena.<\/p>\n<p>Lo peor \u2013dice Uriel Flores\u2013 es que el PRD ha dejado de ser una real fuerza pol\u00edtica, un contrapeso y una opci\u00f3n para los ciudadanos, para convertirse en una caricatura.<\/p>\n<p>As\u00ed, en esa carrera por hundirse, la actual dirigencia lleva prisa\u2026 Pobre partido, tan cerca del gobierno y tan lejos de la gente. @luisromero85<\/p>\n","protected":false},"excerpt":{"rendered":"<p>Luis Alberto Romero Hora Cero &nbsp; Han pasado 25 a\u00f1os desde que los partidos Mexicano Socialista, Mexicano de los Trabajadores, Socialista Unificado de M\u00e9xico, Popular Revolucionario y Socialista de los trabajadores, as\u00ed como el Movimiento Revolucionario del Pueblo y la Uni\u00f3n de la Izquierda Comunista se fusionaron para fundar el Partido de la Revoluci\u00f3n Democr\u00e1tica, [&hellip;]<\/p>\n","protected":false},"author":2,"featured_media":0,"comment_status":"open","ping_status":"open","sticky":false,"template":"","format":"standard","meta":{"_jetpack_newsletter_access":"","_jetpack_dont_email_post_to_subs":false,"_jetpack_newsletter_tier_id":0,"_jetpack_memberships_contains_paywalled_content":false,"_jetpack_memberships_contains_paid_content":false,"footnotes":""},"categories":[70],"tags":[1004,837,1005,1003,107,108],"class_list":["post-13737","post","type-post","status-publish","format-standard","hentry","category-de-opinion","tag-carlos-navarrete","tag-cuauhtemoc-cardenas-solorzano","tag-fredy-marcos","tag-lopez-obrador","tag-prd","tag-rogelio-franco"],"jetpack_featured_media_url":"","jetpack_sharing_enabled":true,"jetpack_shortlink":"https:\/\/wp.me\/p4Qcd3-3zz","_links":{"self":[{"href":"https:\/\/lospoliticosveracruz.com.mx\/index.php?rest_route=\/wp\/v2\/posts\/13737","targetHints":{"allow":["GET"]}}],"collection":[{"href":"https:\/\/lospoliticosveracruz.com.mx\/index.php?rest_route=\/wp\/v2\/posts"}],"about":[{"href":"https:\/\/lospoliticosveracruz.com.mx\/index.php?rest_route=\/wp\/v2\/types\/post"}],"author":[{"embeddable":true,"href":"https:\/\/lospoliticosveracruz.com.mx\/index.php?rest_route=\/wp\/v2\/users\/2"}],"replies":[{"embeddable":true,"href":"https:\/\/lospoliticosveracruz.com.mx\/index.php?rest_route=%2Fwp%2Fv2%2Fcomments&post=13737"}],"version-history":[{"count":2,"href":"https:\/\/lospoliticosveracruz.com.mx\/index.php?rest_route=\/wp\/v2\/posts\/13737\/revisions"}],"predecessor-version":[{"id":13740,"href":"https:\/\/lospoliticosveracruz.com.mx\/index.php?rest_route=\/wp\/v2\/posts\/13737\/revisions\/13740"}],"wp:attachment":[{"href":"https:\/\/lospoliticosveracruz.com.mx\/index.php?rest_route=%2Fwp%2Fv2%2Fmedia&parent=13737"}],"wp:term":[{"taxonomy":"category","embeddable":true,"href":"https:\/\/lospoliticosveracruz.com.mx\/index.php?rest_route=%2Fwp%2Fv2%2Fcategories&post=13737"},{"taxonomy":"post_tag","embeddable":true,"href":"https:\/\/lospoliticosveracruz.com.mx\/index.php?rest_route=%2Fwp%2Fv2%2Ftags&post=13737"}],"curies":[{"name":"wp","href":"https:\/\/api.w.org\/{rel}","templated":true}]}}