{"id":13764,"date":"2014-11-27T13:37:04","date_gmt":"2014-11-27T19:37:04","guid":{"rendered":"http:\/\/www.lospoliticosveracruz.com.mx\/?p=13764"},"modified":"2014-11-27T13:38:02","modified_gmt":"2014-11-27T19:38:02","slug":"y-la-impunidad-pena","status":"publish","type":"post","link":"https:\/\/lospoliticosveracruz.com.mx\/?p=13764","title":{"rendered":"\u00bfY la impunidad Pe\u00f1a?"},"content":{"rendered":"<p><a href=\"http:\/\/www.lospoliticosveracruz.com.mx\/wp-content\/uploads\/2014\/11\/Enrique-Pe\u00f1a-Nieto.png\"><img loading=\"lazy\" decoding=\"async\" class=\"alignnone size-medium wp-image-13766\" src=\"http:\/\/www.lospoliticosveracruz.com.mx\/wp-content\/uploads\/2014\/11\/Enrique-Pe\u00f1a-Nieto-300x167.png\" alt=\"Enrique Pe\u00f1a Nieto\" width=\"300\" height=\"167\" \/><\/a><\/p>\n<p><strong>Miguel Angel Cristiani<\/strong><\/p>\n<p><em>Bit\u00e1cora Veracruz<\/em><\/p>\n<p>&nbsp;<\/p>\n<p>Tema obligado en la Bit\u00e1cora Veracruzana de este d\u00eda es el mensaje dirigido a la naci\u00f3n, del presidente Enrique Pe\u00f1a Nieto que fue transmitido por los principales canales y medios de comunicaci\u00f3n en el pa\u00eds, consistente b\u00e1sicamente de diez puntos, con los que se pretende alcanzar \u201cun M\u00e9xico en Paz con Justicia, Unidad y Desarrollo\u201d.<\/p>\n<p>Son una serie de disposiciones y cambios en la legislaci\u00f3n, principalmente como una respuesta a los lamentables hechos que nos llevaron a la desaparici\u00f3n de 43 estudiantes normalistas de Ayotzinapa en el estado de Guerrero, pero que han provocado la indignaci\u00f3n y el reclamo de toda la naci\u00f3n.<\/p>\n<p>Aunque se habla de hacer cambios en la operaci\u00f3n de las estructuras polic\u00edacas municipales y estatales, pero eso de volver a reforzar el llamado \u201cmando \u00fanico\u201d nos recuerda que ya hace tiempo, no mucho, precisamente se quit\u00f3 el control de las polic\u00edas estatales, precisamente bajo el argumento de que siendo las autoridades municipales las responsables de atender y solucionar los problemas de seguridad de sus comunidades, era recomendable darles el poder a los locales.<\/p>\n<p>Ahora se vuelve a dar marcha atr\u00e1s, se vuelve al sistema de mando \u00fanico, que como ya se ha comprobado luego la concentraci\u00f3n del poder en un jefe o comandante polic\u00edaco, tambi\u00e9n propicia la corrupci\u00f3n y finalmente la inseguridad.<\/p>\n<p>Aunque se habla de combatir la corrupci\u00f3n, est\u00e1 bien comprobado, que los cambios y leyes no son m\u00e1s que papelitos, que no tienen ning\u00fan valor, cuando al final de cuentas, lo que se impone es la impunidad.<\/p>\n<p>Se va a combatir la corrupci\u00f3n, aj\u00e1, pero mientras no se castigue ejemplarmente a los culpables, seguir\u00e1 la impunidad.<\/p>\n<p>La impunidad que nos ha llevado a tantos y tantos asuntos de corrupci\u00f3n, que por m\u00e1s que nos causen indignaci\u00f3n, hasta ahora, no han tenido ninguna consecuencia.<\/p>\n<p>De todos esos casos que han sido hechos p\u00fablicos \u2013y tantos otros m\u00e1s que no se han conocido, pero que se han dado- habr\u00e1 que cuestionarse cu\u00e1ntos presidentes municipales, cu\u00e1ntos gobernadores, secretarios de estado y por qu\u00e9 no, cu\u00e1ntos presidentes de la rep\u00fablica han sido sometidos a un proceso judicial.<\/p>\n<p>Entonces, los cambios por m\u00e1s espectaculares que se hagan, las iniciativas de ley, las comisiones de contralor\u00edas ciudadanas, de nada servir\u00e1n, mientras que los pillos y corruptos sigan disfrutando de la impunidad y de la tranquilidad de que hagan lo que hagan, no pasar\u00e1 nada.<\/p>\n<p>las medidas para fortalecer las capacidades institucionales anunciadas por el presidente Pe\u00f1a Nieto son las siguientes, pero de impulsar el combate a la impunidad no se habla nada:<\/p>\n<p>1-. Iniciativa de reforma constitucional que expide una ley contra la infiltraci\u00f3n el crimen organizado.<br \/>\n2-. Iniciativa de reforma constitucional para redefinir el sistema de competencias en materia penal.<br \/>\n3-. Creaci\u00f3n de polic\u00edas estatales \u00fanicas.<br \/>\n-Crear un nuevo modelo polic\u00edaco con 32 s\u00f3lidas corporaciones de seguridad estatal.<br \/>\n&#8211; Guerrero, Michoac\u00e1n, Tamaulipas y Jalisco, ser\u00e1n los primeros estados en tener Polic\u00eda \u00danica Estatal.<br \/>\n4-. Acelerar la creaci\u00f3n de un tel\u00e9fono \u00fanico para pedir auxilio, ayuda y orientaci\u00f3n para obtener una respuesta inmediata en el combate a la delincuencia.<br \/>\nEl n\u00famero 911 ser\u00e1 instaurado en M\u00e9xico, para atender emergencias y denuncias ciudadanas en el pa\u00eds.<br \/>\n5-. Establecimiento de una clave \u00fanica de identidad, los datos se esta clave ser\u00e1n tomados de las bases de los registros del INE, IMSS y Seguro Popular.<br \/>\n6-. Realizar un operativo especial en Tierra Caliente Desde Guerrero a Michoac\u00e1n.<br \/>\n7-. Se realizar\u00e1 un conjunto de acciones para la protecci\u00f3n de los Derechos Humanos.<br \/>\n8-. Facultar al congreso para expedir leyes, fortalecer los protocolos y procedimientos para que en casos de tortura y desaparici\u00f3n forzada las respuestas sean oportunas.<br \/>\n9-. Se acelerar\u00e1 la publicaci\u00f3n del Reglamento de la Ley General de V\u00edctimas.<br \/>\n10-. La creaci\u00f3n de un tribunal especial para que los ciudadanos puedan denunciar actos de corrupci\u00f3n que ser\u00e1n severamente sancionados; as\u00ed como sanciones ejemplares para empresas que caigan en corrupci\u00f3n.<\/p>\n<p>Como bien dicen en mi pueblo: hasta no ver resultados, no habremos de creer en palabras.<\/p>\n","protected":false},"excerpt":{"rendered":"<p>Miguel Angel Cristiani Bit\u00e1cora Veracruz &nbsp; Tema obligado en la Bit\u00e1cora Veracruzana de este d\u00eda es el mensaje dirigido a la naci\u00f3n, del presidente Enrique Pe\u00f1a Nieto que fue transmitido por los principales canales y medios de comunicaci\u00f3n en el pa\u00eds, consistente b\u00e1sicamente de diez puntos, con los que se pretende alcanzar \u201cun M\u00e9xico en [&hellip;]<\/p>\n","protected":false},"author":2,"featured_media":0,"comment_status":"open","ping_status":"open","sticky":false,"template":"","format":"standard","meta":{"_jetpack_newsletter_access":"","_jetpack_dont_email_post_to_subs":false,"_jetpack_newsletter_tier_id":0,"_jetpack_memberships_contains_paywalled_content":false,"_jetpack_memberships_contains_paid_content":false,"footnotes":""},"categories":[70],"tags":[282,281,1029,1027,1028],"class_list":["post-13764","post","type-post","status-publish","format-standard","hentry","category-de-opinion","tag-corrupcion","tag-enrique-pena-nieto","tag-mando-unico","tag-mexico-en-paz-con-justicia","tag-unidad-y-desarrollo"],"jetpack_featured_media_url":"","jetpack_sharing_enabled":true,"jetpack_shortlink":"https:\/\/wp.me\/p4Qcd3-3A0","_links":{"self":[{"href":"https:\/\/lospoliticosveracruz.com.mx\/index.php?rest_route=\/wp\/v2\/posts\/13764","targetHints":{"allow":["GET"]}}],"collection":[{"href":"https:\/\/lospoliticosveracruz.com.mx\/index.php?rest_route=\/wp\/v2\/posts"}],"about":[{"href":"https:\/\/lospoliticosveracruz.com.mx\/index.php?rest_route=\/wp\/v2\/types\/post"}],"author":[{"embeddable":true,"href":"https:\/\/lospoliticosveracruz.com.mx\/index.php?rest_route=\/wp\/v2\/users\/2"}],"replies":[{"embeddable":true,"href":"https:\/\/lospoliticosveracruz.com.mx\/index.php?rest_route=%2Fwp%2Fv2%2Fcomments&post=13764"}],"version-history":[{"count":2,"href":"https:\/\/lospoliticosveracruz.com.mx\/index.php?rest_route=\/wp\/v2\/posts\/13764\/revisions"}],"predecessor-version":[{"id":13767,"href":"https:\/\/lospoliticosveracruz.com.mx\/index.php?rest_route=\/wp\/v2\/posts\/13764\/revisions\/13767"}],"wp:attachment":[{"href":"https:\/\/lospoliticosveracruz.com.mx\/index.php?rest_route=%2Fwp%2Fv2%2Fmedia&parent=13764"}],"wp:term":[{"taxonomy":"category","embeddable":true,"href":"https:\/\/lospoliticosveracruz.com.mx\/index.php?rest_route=%2Fwp%2Fv2%2Fcategories&post=13764"},{"taxonomy":"post_tag","embeddable":true,"href":"https:\/\/lospoliticosveracruz.com.mx\/index.php?rest_route=%2Fwp%2Fv2%2Ftags&post=13764"}],"curies":[{"name":"wp","href":"https:\/\/api.w.org\/{rel}","templated":true}]}}