{"id":138065,"date":"2025-02-18T07:33:02","date_gmt":"2025-02-18T13:33:02","guid":{"rendered":"https:\/\/lospoliticosveracruz.com.mx\/?p=138065"},"modified":"2025-02-18T07:33:34","modified_gmt":"2025-02-18T13:33:34","slug":"mujeres-con-v-de-veracruz-y-violencia","status":"publish","type":"post","link":"https:\/\/lospoliticosveracruz.com.mx\/?p=138065","title":{"rendered":"MUJERES, CON V DE VERACRUZ Y VIOLENCIA"},"content":{"rendered":"\n<p>S\u00edguenos ahora tambi\u00e9n en WhatsApp.&nbsp;<a href=\"https:\/\/whatsapp.com\/channel\/0029Va8zRWlEKyZIP3Z1dF0e\"><strong><em>Da clic aqu\u00ed<\/em><\/strong><\/a><\/p>\n\n\n\n<p><\/p>\n\n\n\n<p><strong>Fanny Y\u00e9pez<\/strong><\/p>\n\n\n\n<p><em>La Columna<\/em><\/p>\n\n\n\n<p>Los ignorantes y cobardes se esconden en las ofensas y la infamia, para evadir las verdades que les dicen en su cara\u2026&nbsp; &nbsp;<\/p>\n\n\n\n<p>El pr\u00f3ximo 8 de marzo se celebrar\u00e1 el D\u00eda Internacional de la Mujer bajo el lema: \u201cPara TODAS las mujeres y ni\u00f1as: Derechos. Igualdad. Empoderamiento\u201d, anuncio Naciones Unidas.<\/p>\n\n\n\n<p>En un comunicado establece que el tema de este a\u00f1o reivindica ampliar la igualdad de derechos, el poder y las oportunidades para todas, con un futuro feminista en el que no se deje a nadie atr\u00e1s. El empoderamiento de la pr\u00f3xima generaci\u00f3n es el n\u00facleo de esta idea, ya que la juventud, en especial las mujeres j\u00f3venes y las ni\u00f1as adolescentes, ser\u00e1n las protagonistas de cambios duraderos en el futuro.<\/p>\n\n\n\n<p>Actuemos e involucremos a medios, gobiernos, l\u00edderes de empresas y comunitarios, a la sociedad civil y la juventud, y cualquier otra persona con la capacidad de ejercer influencia y tomar medidas en nuestras comunidades. Pidamos a las personas con liderazgo que tomen medidas e inviertan en la promoci\u00f3n de los derechos de las mujeres y la igualdad de g\u00e9nero. Compartamos las historias y los mensajes en torno al D\u00eda Internacional de la Mujer en plataformas digitales, a fin de generar un di\u00e1logo e inspirar la acci\u00f3n.<\/p>\n\n\n\n<p>Lamentablemente en el estado de Veracruz hasta noviembre del a\u00f1o anterior, se hab\u00edan registrado 57 feminicidios, el mayor n\u00famero de ellos se origin\u00f3 en los municipios de Xalapa y Veracruz se\u00f1alo la investigadora Estela Casados.<\/p>\n\n\n\n<p>En 4 meses del 2024, se registraron 132 mujeres violentadas; Acayucan encabeza la lista.<\/p>\n\n\n\n<p>Las estad\u00edsticas sobre desapariciones de mujeres en el estado de Veracruz son verdaderamente alarmantes.<\/p>\n\n\n\n<p>Como preocupantes fueron catalogados los resultados obtenidos en materia violencia contra las mujeres en Veracruz, por el Observatorio Universitario de Violencias contra la Mujer (OUVMujeres) que es la entidad que se encarga de la recopilaci\u00f3n, sistematizaci\u00f3n, an\u00e1lisis y difusi\u00f3n de informaci\u00f3n referente a las violencias que se ejercen contra las mujeres en el estado.<\/p>\n\n\n\n<p>Seg\u00fan los datos y estad\u00edsticas obtenidas se dio a conocer que, a lo largo de los primeros 9 meses de 2024, se han documentado 585 desapariciones de mujeres en el estado de Veracruz, por lo que podr\u00edamos decir que cada d\u00eda desaparecen 2 mujeres.<\/p>\n\n\n\n<p>El observatorio document\u00f3 que durante el mes de enero se registraron 43 desapariciones de mujeres, en febrero fueron 62 y para el mes de marzo la cifra lleg\u00f3 a los 59 casos.<\/p>\n\n\n\n<p>Para el mes de abril se reportaron 84 casos de mujeres desaparecidas en Veracruz, siendo la cifra m\u00e1s elevada del a\u00f1o, pero en mayo se mantuvo esa tendencia con 80 casos; en junio fueron 76 casos, en julio 68, en agosto 50 y en septiembre 54 mujeres desaparecidas.&nbsp; &nbsp; &nbsp; &nbsp;<\/p>\n\n\n\n<p>Ante ello, en Veracruz se han decretado dos alertas de g\u00e9nero: una por violencia feminicida y otra por agravio comparado. En 2024, diversos grupos feministas y de personas desaparecidas solicitaron una tercera alerta de g\u00e9nero por la desaparici\u00f3n de mujeres.<\/p>\n\n\n\n<p>Alertas de g\u00e9nero en Veracruz<\/p>\n\n\n\n<p>La primera alerta de g\u00e9nero en Veracruz se decret\u00f3 el 23 de noviembre de 2016.<\/p>\n\n\n\n<p>La segunda alerta de g\u00e9nero en Veracruz se decret\u00f3 el 13 de diciembre de 2017.<\/p>\n\n\n\n<p>Solicitudes de alerta de g\u00e9nero en 2024<\/p>\n\n\n\n<p>En 2024, grupos feministas y de personas desaparecidas solicitaron una tercera alerta de g\u00e9nero por la desaparici\u00f3n de mujeres.<\/p>\n\n\n\n<p>En febrero de 2024, la Comisi\u00f3n Nacional para Prevenir y Erradicar la Violencia contra las Mujeres (Conavim) notific\u00f3 al Gobierno del Estado de Veracruz, un informe sobre la desaparici\u00f3n de mujeres en el estado.&nbsp; &nbsp;<\/p>\n\n\n\n<p>En M\u00e9xico, las mujeres enfrentan desigualdad de g\u00e9nero, violencia, pobreza, y discriminaci\u00f3n en diversos \u00e1mbitos.<\/p>\n\n\n\n<p>Desigualdad de g\u00e9nero<\/p>\n\n\n\n<p>La brecha salarial<\/p>\n\n\n\n<p>La violencia en el seno familiar y la violencia sexual<\/p>\n\n\n\n<p>El acoso y hostigamiento sexual<\/p>\n\n\n\n<p>Los estereotipos de g\u00e9nero<\/p>\n\n\n\n<p>Las leyes, pr\u00e1cticas, usos y costumbres discriminatorios.<\/p>\n\n\n\n<p>Si es verdad que las autoridades de los tres niveles de gobierno deben desarrollar muchos renglones en la administraci\u00f3n p\u00fablica, para mejorar las condiciones de vida, tambi\u00e9n es cierto que el tema de esa desigualdad que vivimos las mujeres debe ser un tema prioritario, porque de lo contrario, no estar\u00edamos avanzando como se supone que debi\u00e9ramos estar haci\u00e9ndolo ante tanta perversidad.<\/p>\n","protected":false},"excerpt":{"rendered":"<p>S\u00edguenos ahora tambi\u00e9n en WhatsApp.&nbsp;Da clic aqu\u00ed Fanny Y\u00e9pez La Columna Los ignorantes y cobardes se esconden en las ofensas y la infamia, para evadir las verdades que les dicen en su cara\u2026&nbsp; &nbsp; El pr\u00f3ximo 8 de marzo se celebrar\u00e1 el D\u00eda Internacional de la Mujer bajo el lema: \u201cPara TODAS las mujeres y [&hellip;]<\/p>\n","protected":false},"author":2,"featured_media":126076,"comment_status":"closed","ping_status":"closed","sticky":false,"template":"","format":"standard","meta":{"_jetpack_newsletter_access":"","_jetpack_dont_email_post_to_subs":false,"_jetpack_newsletter_tier_id":0,"_jetpack_memberships_contains_paywalled_content":false,"_jetpack_memberships_contains_paid_content":false,"footnotes":""},"categories":[70],"tags":[],"class_list":["post-138065","post","type-post","status-publish","format-standard","has-post-thumbnail","hentry","category-de-opinion"],"jetpack_featured_media_url":"https:\/\/lospoliticosveracruz.com.mx\/wp-content\/uploads\/2024\/06\/Fanny-Yepez.jpg","jetpack_sharing_enabled":true,"jetpack_shortlink":"https:\/\/wp.me\/p4Qcd3-zUR","_links":{"self":[{"href":"https:\/\/lospoliticosveracruz.com.mx\/index.php?rest_route=\/wp\/v2\/posts\/138065","targetHints":{"allow":["GET"]}}],"collection":[{"href":"https:\/\/lospoliticosveracruz.com.mx\/index.php?rest_route=\/wp\/v2\/posts"}],"about":[{"href":"https:\/\/lospoliticosveracruz.com.mx\/index.php?rest_route=\/wp\/v2\/types\/post"}],"author":[{"embeddable":true,"href":"https:\/\/lospoliticosveracruz.com.mx\/index.php?rest_route=\/wp\/v2\/users\/2"}],"replies":[{"embeddable":true,"href":"https:\/\/lospoliticosveracruz.com.mx\/index.php?rest_route=%2Fwp%2Fv2%2Fcomments&post=138065"}],"version-history":[{"count":1,"href":"https:\/\/lospoliticosveracruz.com.mx\/index.php?rest_route=\/wp\/v2\/posts\/138065\/revisions"}],"predecessor-version":[{"id":138066,"href":"https:\/\/lospoliticosveracruz.com.mx\/index.php?rest_route=\/wp\/v2\/posts\/138065\/revisions\/138066"}],"wp:featuredmedia":[{"embeddable":true,"href":"https:\/\/lospoliticosveracruz.com.mx\/index.php?rest_route=\/wp\/v2\/media\/126076"}],"wp:attachment":[{"href":"https:\/\/lospoliticosveracruz.com.mx\/index.php?rest_route=%2Fwp%2Fv2%2Fmedia&parent=138065"}],"wp:term":[{"taxonomy":"category","embeddable":true,"href":"https:\/\/lospoliticosveracruz.com.mx\/index.php?rest_route=%2Fwp%2Fv2%2Fcategories&post=138065"},{"taxonomy":"post_tag","embeddable":true,"href":"https:\/\/lospoliticosveracruz.com.mx\/index.php?rest_route=%2Fwp%2Fv2%2Ftags&post=138065"}],"curies":[{"name":"wp","href":"https:\/\/api.w.org\/{rel}","templated":true}]}}