{"id":138067,"date":"2025-02-18T07:40:12","date_gmt":"2025-02-18T13:40:12","guid":{"rendered":"https:\/\/lospoliticosveracruz.com.mx\/?p=138067"},"modified":"2025-02-18T07:41:02","modified_gmt":"2025-02-18T13:41:02","slug":"huerta-divide","status":"publish","type":"post","link":"https:\/\/lospoliticosveracruz.com.mx\/?p=138067","title":{"rendered":"HUERTA DIVIDE"},"content":{"rendered":"\n<p>S\u00edguenos ahora tambi\u00e9n en WhatsApp.&nbsp;<a href=\"https:\/\/whatsapp.com\/channel\/0029Va8zRWlEKyZIP3Z1dF0e\"><strong><em>Da clic aqu\u00ed<\/em><\/strong><\/a><\/p>\n\n\n\n<p><strong>Oved Contreras<\/strong>&nbsp;<\/p>\n\n\n\n<p><em>Secas Mecas<\/em><\/p>\n\n\n\n<p>SE REAGRUPAN LOS CARONES\u2026luego de que se aclar\u00f3 que la ley antinepotismo de la presidenta Claudia Sheinbaum aplicar\u00e1 a partir del 2027, los G\u00f3mez Cazar\u00edn se reagrupan en su feudo en Hueyapan de Ocampo contra sus cr\u00edticos\u2026el actual alcalde de la localidad, Juan G\u00f3mez Mart\u00ednez, defendi\u00f3 las leg\u00edtimas aspiraciones pol\u00edticas de su hijo, Luis Alberto G\u00f3mez Cazar\u00edn, \u00abEl Chikis\u00bb, quien busca la candidatura de MORENA para la alcald\u00eda.<\/p>\n\n\n\n<p>Ante las cr\u00edticas de nepotismo por parte de sus opositores, \u201cEl Yona\u201d afirm\u00f3 que su familia es \u201cgente de bien\u201d y que, si las autoridades determinan alguna irregularidad, su hijo no tendr\u00eda inconveniente en retirarse de la contienda interna de Morena\u2026si las autoridades competentes consideran inapropiada la candidatura de su hijo, acatar\u00e1n la decisi\u00f3n sin objeciones.<\/p>\n\n\n\n<p>Aclar\u00f3 que seg\u00fan declaraciones recientes de la presidenta Claudia Sheinbaum, las reformas para combatir el nepotismo en cargos p\u00fablicos entrar\u00e1n en vigor en el a\u00f1o 2027, por lo que considera que las actuales aspiraciones de su hijo son legales y no contravienen ninguna normativa vigente\u2026G\u00f3mez Mart\u00ednez enfatiz\u00f3 que su familia no busca perpetuarse en el poder, sino contribuir al desarrollo de Hueyapan de Ocampo.<\/p>\n\n\n\n<p>Mientras que el hermano del chaparr\u00f3n del Bienestar, Luis Alberto G\u00f3mez Cazar\u00edn, poste\u00f3 un mensaje en sus redes dirigido al senador Manuel Huerta Ladr\u00f3n de Guevara, quien se ha convertido en uno de sus m\u00e1s f\u00e9rreos cr\u00edticos:<\/p>\n\n\n\n<p>\u201cSe\u00f1or Huerta, usted nunca ha estado en las calles, nunca ha caminado con la gente, siempre ha permanecido detr\u00e1s del escritorio. Nosotros, en cambio, somos parte de la base real, la que ha construido este movimiento desde abajo. Y para dejarlo claro, no me cobijo bajo el nombre de mi hermano Juan Javier, porque nosotros s\u00ed sabemos trabajar por el partido, sin dividir ni traicionar los principios de nuestro movimiento, como usted lo ha hecho\u201d, refut\u00f3 el aspirante morenista a la alcald\u00eda de Hueyapan de Ocampo.<\/p>\n\n\n\n<p>El hermano del Car\u00f3n Cazar\u00edn expuso que los intereses de Huerta han sido meramente pol\u00edticos, pero si algo tiene es un historial que lo delata es que ha sido uno de los principales responsables de la divisi\u00f3n en el estado, actuando no en favor del pueblo, sino \u00fanicamente en beneficio propio.<\/p>\n\n\n\n<p>Expuso que basta con hablar de moralidad cuando, en los hechos, ha trabajado solo para su conveniencia, y antes de pensar en el 2030, exhort\u00f3 al senador a hacer su trabajo y legisle como realmente lo requiere el pueblo.<\/p>\n\n\n\n<p>SE LANZAN CONTRA ANGIE\u2026ahora que muchos morenistas se est\u00e1n reacomodando en cargos del estado se solt\u00f3 la jaur\u00eda a decirse sus cosas a trav\u00e9s de las redes\u2026ayer se lanzaron duro contra Mar\u00eda de los \u00c1ngeles Gonz\u00e1lez Mart\u00ednez a quien acusaron de sostener una relaci\u00f3n cercana con un poderoso diputado morenista, y que por ello asumi\u00f3 la delegaci\u00f3n de pol\u00edtica regional en el sur del estado SIN MAYOR EXPERIENCIA que su buen curriculum y ser delegada de Morena.<\/p>\n\n\n\n<p>Al Tebi Bautista, tambi\u00e9n le toc\u00f3 su parte, le dicen que ya fue se\u00f1alado de nepotismo por tener una sobrina en finanzas del Congreso local \u201cy ahora est\u00e1 joyita\u201d, y dicen que por lo pronto un punto m\u00e1s para ese se\u00f1or que quiere perpetuar su arcaico cacicazgo en la sierra de Cosoleacaque y uno menos para el presidente del partido Morena, Esteban \u201cLaRa\u201d Zepeta<\/p>\n\n\n\n<p>LES RESPONDE ANGIE\u2026la mencionada no se dej\u00f3 y en el mismo posteo de redes les contest\u00f3 a sus cr\u00edticos que se trata de una \u201cnota amarillista\u201d, porque todos tienen el derecho de r\u00e9plica. Les aclara primero que no tiene ninguna relaci\u00f3n con el diputado, y que tampoco ha adquirido nunca delegaci\u00f3n y nada que se le parezca y exige las pruebas.<\/p>\n\n\n\n<p>Adem\u00e1s, refiere que si as\u00ed fuera, aunque no lo es, cuenta con formaci\u00f3n acad\u00e9mica (una carrera, una maestr\u00eda y estudia su segunda licenciatura) y en cuestiones laborales ha sido servidora p\u00fablica lo que le da las mismas posibilidades que otra mujer o var\u00f3n, estar preparada para espacios de representaci\u00f3n.<\/p>\n\n\n\n<p>\u201cAgradezco que citen mi nombre pero no se vale que cuando alguna mujer ocupe un espacio ya piensen o digan que es pareja de un funcionario o algo parecido. Desconozco el fin pero tampoco voy a permitir que piensen que las mujeres no tenemos la capacidad y a fuerza es por otros favores. \u00a1No se equivoquen!\u201d, les refut\u00f3 Mar\u00eda de los \u00c1ngeles Gonz\u00e1lez.<\/p>\n\n\n\n<p>CUATRO RESTAURANTES EN LA LISTA\u2026cuatro restaurantes veracruzanos -Mardel, Namik, La Monchosa y Casa Bonilla-&nbsp;&nbsp;fueran distinguidos con el premio #los250mx en la prestigiosa Gu\u00eda M\u00e9xico Gastron\u00f3mico 2025, reconocimiento que resalta la calidad y el talento culinario de la regi\u00f3n, lo cual es un orgullo para la gastronom\u00eda veracruzana, destac\u00f3 la alcaldesa Paty Lobeira.<\/p>\n\n\n\n<p>La alcaldesa destac\u00f3 la riqueza gastron\u00f3mica de Veracruz y el esfuerzo de los chefs y empresarios del sector restaurantero, y que ya era necesario que los restaurantes veracruzanos estuvieran en esta gu\u00eda\u2026 Mardel y Namik repiten por segundo a\u00f1o consecutivo y ahora se suman La Monchosa y Casa Bonilla.<\/p>\n\n\n\n<p>La alcaldesa destac\u00f3 que estos reconocimientos fortalecen la proyecci\u00f3n de Veracruz como un destino gastron\u00f3mico de referencia. \u201cTener tres restaurantes de la zona conurbada y uno en Coatepec dentro de esta gu\u00eda le da a Veracruz otro punto a favor para m\u00e1s atraer turismo\u201d, coment\u00f3, invitando a locales y visitantes a disfrutar de la gastronom\u00eda veracruzana.<\/p>\n","protected":false},"excerpt":{"rendered":"<p>S\u00edguenos ahora tambi\u00e9n en WhatsApp.&nbsp;Da clic aqu\u00ed Oved Contreras&nbsp; Secas Mecas SE REAGRUPAN LOS CARONES\u2026luego de que se aclar\u00f3 que la ley antinepotismo de la presidenta Claudia Sheinbaum aplicar\u00e1 a partir del 2027, los G\u00f3mez Cazar\u00edn se reagrupan en su feudo en Hueyapan de Ocampo contra sus cr\u00edticos\u2026el actual alcalde de la localidad, Juan G\u00f3mez [&hellip;]<\/p>\n","protected":false},"author":2,"featured_media":119816,"comment_status":"closed","ping_status":"closed","sticky":false,"template":"","format":"standard","meta":{"_jetpack_newsletter_access":"","_jetpack_dont_email_post_to_subs":false,"_jetpack_newsletter_tier_id":0,"_jetpack_memberships_contains_paywalled_content":false,"_jetpack_memberships_contains_paid_content":false,"footnotes":""},"categories":[70],"tags":[1026,195],"class_list":["post-138067","post","type-post","status-publish","format-standard","has-post-thumbnail","hentry","category-de-opinion","tag-morena","tag-veracruz"],"jetpack_featured_media_url":"https:\/\/lospoliticosveracruz.com.mx\/wp-content\/uploads\/2024\/03\/Oved-Contreras.jpg","jetpack_sharing_enabled":true,"jetpack_shortlink":"https:\/\/wp.me\/p4Qcd3-zUT","_links":{"self":[{"href":"https:\/\/lospoliticosveracruz.com.mx\/index.php?rest_route=\/wp\/v2\/posts\/138067","targetHints":{"allow":["GET"]}}],"collection":[{"href":"https:\/\/lospoliticosveracruz.com.mx\/index.php?rest_route=\/wp\/v2\/posts"}],"about":[{"href":"https:\/\/lospoliticosveracruz.com.mx\/index.php?rest_route=\/wp\/v2\/types\/post"}],"author":[{"embeddable":true,"href":"https:\/\/lospoliticosveracruz.com.mx\/index.php?rest_route=\/wp\/v2\/users\/2"}],"replies":[{"embeddable":true,"href":"https:\/\/lospoliticosveracruz.com.mx\/index.php?rest_route=%2Fwp%2Fv2%2Fcomments&post=138067"}],"version-history":[{"count":2,"href":"https:\/\/lospoliticosveracruz.com.mx\/index.php?rest_route=\/wp\/v2\/posts\/138067\/revisions"}],"predecessor-version":[{"id":138069,"href":"https:\/\/lospoliticosveracruz.com.mx\/index.php?rest_route=\/wp\/v2\/posts\/138067\/revisions\/138069"}],"wp:featuredmedia":[{"embeddable":true,"href":"https:\/\/lospoliticosveracruz.com.mx\/index.php?rest_route=\/wp\/v2\/media\/119816"}],"wp:attachment":[{"href":"https:\/\/lospoliticosveracruz.com.mx\/index.php?rest_route=%2Fwp%2Fv2%2Fmedia&parent=138067"}],"wp:term":[{"taxonomy":"category","embeddable":true,"href":"https:\/\/lospoliticosveracruz.com.mx\/index.php?rest_route=%2Fwp%2Fv2%2Fcategories&post=138067"},{"taxonomy":"post_tag","embeddable":true,"href":"https:\/\/lospoliticosveracruz.com.mx\/index.php?rest_route=%2Fwp%2Fv2%2Ftags&post=138067"}],"curies":[{"name":"wp","href":"https:\/\/api.w.org\/{rel}","templated":true}]}}