{"id":13824,"date":"2014-12-01T08:25:34","date_gmt":"2014-12-01T14:25:34","guid":{"rendered":"http:\/\/www.lospoliticosveracruz.com.mx\/?p=13824"},"modified":"2014-12-01T08:25:34","modified_gmt":"2014-12-01T14:25:34","slug":"turismo-leones-y-ovnis","status":"publish","type":"post","link":"https:\/\/lospoliticosveracruz.com.mx\/?p=13824","title":{"rendered":"Turismo, leones y ovnis"},"content":{"rendered":"<p><a href=\"http:\/\/www.lospoliticosveracruz.com.mx\/wp-content\/uploads\/2014\/12\/La-Bestia-de-G\u00e9vaudan.jpg\"><img loading=\"lazy\" decoding=\"async\" class=\"alignnone size-medium wp-image-13825\" src=\"http:\/\/www.lospoliticosveracruz.com.mx\/wp-content\/uploads\/2014\/12\/La-Bestia-de-G\u00e9vaudan-300x179.jpg\" alt=\"OLYMPUS DIGITAL CAMERA\" width=\"300\" height=\"179\" \/><\/a><\/p>\n<p><strong>Salvador Mu\u00f1oz<\/strong><\/p>\n<p><em>Los Pol\u00edticos\u00a0<\/em><\/p>\n<p>&nbsp;<\/p>\n<p>G\u00e9vaudan fue por un tiempo famoso por su bestia.<br \/>\nLe atribuyeron m\u00e1s de cien muertes violentas. Hay quienes pensaban que se trataba de un lobo gigante y hay quienes cre\u00edan que quiz\u00e1s era un hombre lobo. La cinematograf\u00eda plante\u00f3 la hip\u00f3tesis en un animal entrenado para matar (Pacto con Lobos) y algunos estudios colocan la idea de un asesino serial.<br \/>\nLos peri\u00f3dicos de la \u00e9poca explotaron la noticia a m\u00e1s no poder hasta que Francisco Antonio (Francoise Antoine, para que se vea m\u00e1s bonito), porta-arcabuz del Rey de Francia mand\u00f3 a fusilar a un enorme lobo sin darse cuenta que mataba a la vez una noticia, pues con ello, las autoridades y los peri\u00f3dicos no volvieron a tocar el tema.<br \/>\nNo obstante, entre los pobladores de G\u00e9vaudan, el temor persist\u00eda, hasta que Jean Chastel caz\u00f3 a un enorme c\u00e1nido, del que no ten\u00edan la certeza si era un lobo o un enorme perro pero con su muerte, cuentan, los asesinatos pararon&#8230; Y la leyenda naci\u00f3.<br \/>\nII<br \/>\nEl cuento de La Bestia de G\u00e9vaudan me recuerda al Le\u00f3n del Jard\u00edn Bot\u00e1nico que aunque no hubo alg\u00fan bolet\u00edn al respecto por alguna autoridad, todo indica, como se manej\u00f3 hace unos d\u00edas, que al final la imaginaci\u00f3n nos llev\u00f3 a confundir a un perro con un felino.<br \/>\nNo obstante ello, se quiera o no, Xalapa fue hasta noticia en medios nacionales que dieron por hecho, al menos en sus cabezales, que un Le\u00f3n andaba suelto por los parques de la capital veracruzana, y cr\u00e9alo que si hubieran sido los tiempos de la Bestia de G\u00e9vaudan (entre 1760 y 1765), no s\u00f3lo las tropas se hubieran movilizado para Xalapa, sino una gran cantidad de cazadores y hombres deseosos de fama y fortuna por haber atrapado a la Bestia de Xalapa&#8230; Sin agravar a ning\u00fan pol\u00edtico pero dejando abierta la opci\u00f3n para que usted piense en su favorito.<br \/>\nAl final, no dejar\u00eda de ser, de cierto modo, la promoci\u00f3n del turismo de cacer\u00eda en Xalapa.<br \/>\nIII<br \/>\nY si usted cree que esto ser\u00eda un absurdo, lamento decirle que se equivoca&#8230; Y Perote es la mejor prueba de ello.<br \/>\nUn conocido hotelero le ped\u00eda a un foto-periodista que escribiera sobre Xalapa para promover y atraer el turismo a la capital veracruzana, a lo que el comunicador le dijo que podr\u00eda pasar algo como le ocurri\u00f3 a Perote hace alg\u00fan tiempo:<br \/>\nAl rancho llega por la noche una camioneta. Es el vecino de la propiedad colindante quien ha llegado para advertirle que est\u00e1n invadiendo su terreno.<br \/>\nEl hombre se dirige al punto indicado y efectivamente: casas de campa\u00f1a, c\u00e1maras, luces, camionetas, fuentes de energ\u00eda y un movimiento inusual de gente que grita, da indicaciones y se mueve de un lado para otro con la vista en alto.<br \/>\nUn hombre se abre paso entre todos y se dirige al ranchero:<br \/>\n&#8211;\u00bfEs usted el due\u00f1o? Hubo un avistamiento de ovnis, actividad extraterrestre en sus terrenos y queremos que nos permita grabar por unos d\u00edas&#8230; Por supuesto que se le pagar\u00e1&#8230;<br \/>\nTras sacar un mamotreto que firmaron ambas partes, el hombre se retir\u00f3.<br \/>\nSin embargo, al d\u00eda siguiente, otro movimiento se dio en la zona&#8230; Blogueros, hippies y otras faunas se apersonaron&#8230; Los vecinos de nuestro primer ranchero entonces limpiaron las \u00e1reas aleda\u00f1as al punto de inter\u00e9s y rentaron para que all\u00ed acamparan los nuevos visitantes.<br \/>\nLa actividad comercial se moviliz\u00f3 en Perote por un tiempo.<br \/>\nNadie sabe si hubo resultados de la sesuda investigaci\u00f3n de la actividad extraterrestre pero s\u00ed se enteraron de que todo este movimiento se origina porque alguien encontr\u00f3 en los terrenos de nuestro ranchero un c\u00edrculo perfecto, con profundidad, donde se asum\u00eda que fue producto de la propulsi\u00f3n de la nave extraterrestre&#8230;<br \/>\nPero se quiera o no, el turismo ufol\u00f3gico se vivi\u00f3 en Perote por un momento donde los que pudieron, aprovecharon para generar flujo, no de naves pero s\u00ed de recursos econ\u00f3micos que nunca est\u00e1n de m\u00e1s&#8230;<br \/>\nIV<br \/>\nSi bien, es dif\u00edcil, mas no imposible, que se vuelva a dar un fen\u00f3meno ovni en Perote, para que se aparezcan cazadores de extraterrestres otra vez, no hay que descartar otro tipo de turismo en la zona&#8230; El de aventura espeleol\u00f3gica.<br \/>\nEl hoyo que dicen fue hecho por una nave bien pudo ser un respiradero de los t\u00faneles que alrededor del Cofre de Perote han descubierto.<br \/>\nKil\u00f3metros de cavidades se desprenden del Cofre, tan es as\u00ed que algunos, cuando se hizo el libramiento, fueron taponados. Tambi\u00e9n en ellos se encontraron murci\u00e9lagos y ar\u00e1cnidos end\u00e9micos.<br \/>\nPor el momento, autoridades ambientales, entre ellas la de Medio Ambiente de Veracruz, a cargo de V\u00edctor Alvarado, realizan estudios y hay la suposici\u00f3n de que a lo mejor se encontr\u00f3 una gran veta de riqueza en esas cavernas&#8230; \u00a1Tranquilos gambusinos! \u00a1Controlen sus ansias de matador! Nos referimos a riqueza tur\u00edstica, porque bien pudiera darse el turismo de espeleolog\u00eda en cuanto se concreten las investigaciones que all\u00ed se realizan&#8230; Ello, por supuesto, bien podr\u00eda ser un detonante econ\u00f3mico, no s\u00f3lo para la zona de Perote, sino para municipios vecinos, como hasta el mismo Xalapa, sin necesidad de leones y mucho menos de ovnis&#8230;<\/p>\n<p>smcainito@gmail.com<\/p>\n","protected":false},"excerpt":{"rendered":"<p>Salvador Mu\u00f1oz Los Pol\u00edticos\u00a0 &nbsp; G\u00e9vaudan fue por un tiempo famoso por su bestia. Le atribuyeron m\u00e1s de cien muertes violentas. Hay quienes pensaban que se trataba de un lobo gigante y hay quienes cre\u00edan que quiz\u00e1s era un hombre lobo. La cinematograf\u00eda plante\u00f3 la hip\u00f3tesis en un animal entrenado para matar (Pacto con Lobos) [&hellip;]<\/p>\n","protected":false},"author":2,"featured_media":0,"comment_status":"open","ping_status":"open","sticky":false,"template":"","format":"standard","meta":{"_jetpack_newsletter_access":"","_jetpack_dont_email_post_to_subs":false,"_jetpack_newsletter_tier_id":0,"_jetpack_memberships_contains_paywalled_content":false,"_jetpack_memberships_contains_paid_content":false,"footnotes":""},"categories":[70],"tags":[1060,1061,1062,148,741,1063,96],"class_list":["post-13824","post","type-post","status-publish","format-standard","hentry","category-de-opinion","tag-la-bestia-de-gevaudan","tag-leon","tag-ovni","tag-perote","tag-perro","tag-ufologia","tag-xalapa"],"jetpack_featured_media_url":"","jetpack_sharing_enabled":true,"jetpack_shortlink":"https:\/\/wp.me\/p4Qcd3-3AY","_links":{"self":[{"href":"https:\/\/lospoliticosveracruz.com.mx\/index.php?rest_route=\/wp\/v2\/posts\/13824","targetHints":{"allow":["GET"]}}],"collection":[{"href":"https:\/\/lospoliticosveracruz.com.mx\/index.php?rest_route=\/wp\/v2\/posts"}],"about":[{"href":"https:\/\/lospoliticosveracruz.com.mx\/index.php?rest_route=\/wp\/v2\/types\/post"}],"author":[{"embeddable":true,"href":"https:\/\/lospoliticosveracruz.com.mx\/index.php?rest_route=\/wp\/v2\/users\/2"}],"replies":[{"embeddable":true,"href":"https:\/\/lospoliticosveracruz.com.mx\/index.php?rest_route=%2Fwp%2Fv2%2Fcomments&post=13824"}],"version-history":[{"count":1,"href":"https:\/\/lospoliticosveracruz.com.mx\/index.php?rest_route=\/wp\/v2\/posts\/13824\/revisions"}],"predecessor-version":[{"id":13826,"href":"https:\/\/lospoliticosveracruz.com.mx\/index.php?rest_route=\/wp\/v2\/posts\/13824\/revisions\/13826"}],"wp:attachment":[{"href":"https:\/\/lospoliticosveracruz.com.mx\/index.php?rest_route=%2Fwp%2Fv2%2Fmedia&parent=13824"}],"wp:term":[{"taxonomy":"category","embeddable":true,"href":"https:\/\/lospoliticosveracruz.com.mx\/index.php?rest_route=%2Fwp%2Fv2%2Fcategories&post=13824"},{"taxonomy":"post_tag","embeddable":true,"href":"https:\/\/lospoliticosveracruz.com.mx\/index.php?rest_route=%2Fwp%2Fv2%2Ftags&post=13824"}],"curies":[{"name":"wp","href":"https:\/\/api.w.org\/{rel}","templated":true}]}}